{"id":44671,"date":"2025-11-08T12:30:00","date_gmt":"2025-11-08T12:30:00","guid":{"rendered":"https:\/\/comercioyjusticia.info\/?p=488713"},"modified":"2025-11-08T12:30:00","modified_gmt":"2025-11-08T12:30:00","slug":"bolivia-milei-ya-esta-en-santa-cruz-para-la-jura-de-rodrigo-paz-pereira","status":"publish","type":"post","link":"https:\/\/economiapoliticacba.com\/?p=44671","title":{"rendered":"Bolivia: Milei ya est\u00e1 en Santa Cruz para la jura de Rodrigo Paz Pereira"},"content":{"rendered":"<div><img src=\"https:\/\/comercioyjusticia.info\/wp-content\/uploads\/2025\/06\/el-presidente-javier-milei-en-una-presentacion-ante-funcionarios-y-empresarios-en-puerto-madero-foto-presidencia-OSX5SZZYTFAKBAN6Y5NDFYGN5I.jpg\" class=\"ff-og-image-inserted\"><\/div>\n<p>El presidente Javier Milei ya se encuentra en territorio boliviano para participar en la ceremonia de asunci\u00f3n de su nuevo par, Rodrigo Paz Pereira, programada para este s\u00e1bado 8 de noviembre.<\/p>\n<p>Tras finalizar su gira por Estados Unidos, el mandatario argentino aterriz\u00f3 en Santa Cruz de la Sierra. Desde all\u00ed, se dirigir\u00e1 a la ciudad de El Alto (cercana a La Paz) para asistir a los actos protocolares que marcan el inicio del mandato de Paz Pereira.<\/p>\n<p>La jornada de Milei en Bolivia ser\u00e1 intensa y concluir\u00e1 con su regreso a Buenos Aires en horas de la tarde.<\/p>\n<p>Puntos clave de la Agenda Presidencial en Bolivia:<br \/>09:30 hs: Partida en vuelo especial desde Santa Cruz de la Sierra hacia El Alto.<\/p>\n<p>10:20 hs (Arribo estimado): Llegada a la ciudad de El Alto.<\/p>\n<p>11:00 hs: Participaci\u00f3n en la Solemne Sesi\u00f3n Inaugural de la Asamblea Nacional Legislativa Plurinacional.<\/p>\n<p>A continuaci\u00f3n: Saludo protocolar oficial al nuevo Presidente del Estado Plurinacional de Bolivia, D. Rodrigo Paz Pereira.<\/p>\n<p>13:00 hs: Asistencia a la emotiva ceremonia de Entrega del Bast\u00f3n de Mando.<\/p>\n<p>14:00 hs: Despegue del vuelo especial de regreso a la Ciudad de Buenos Aires.<\/p>\n<p>17:35 hs (Arribo estimado): Llegada a la capital argentina.<\/p>\n","protected":false},"excerpt":{"rendered":"<p>El presidente Javier Milei ya se encuentra en territorio boliviano para participar en la ceremonia de asunci\u00f3n de su nuevo par, Rodrigo Paz Pereira, programada para este s\u00e1bado 8 de noviembre. Tras finalizar su gira por Estados Unidos, el mandatario argentino aterriz\u00f3 en Santa Cruz de la Sierra. Desde all\u00ed, se dirigir\u00e1 a la ciudad [&hellip;]<\/p>\n","protected":false},"author":1,"featured_media":44672,"comment_status":"open","ping_status":"closed","sticky":false,"template":"","format":"standard","meta":{"om_disable_all_campaigns":false,"_monsterinsights_skip_tracking":false,"_monsterinsights_sitenote_active":false,"_monsterinsights_sitenote_note":"","_monsterinsights_sitenote_category":0},"categories":[21],"tags":[],"aioseo_notices":[],"_links":{"self":[{"href":"https:\/\/economiapoliticacba.com\/index.php?rest_route=\/wp\/v2\/posts\/44671"}],"collection":[{"href":"https:\/\/economiapoliticacba.com\/index.php?rest_route=\/wp\/v2\/posts"}],"about":[{"href":"https:\/\/economiapoliticacba.com\/index.php?rest_route=\/wp\/v2\/types\/post"}],"author":[{"embeddable":true,"href":"https:\/\/economiapoliticacba.com\/index.php?rest_route=\/wp\/v2\/users\/1"}],"replies":[{"embeddable":true,"href":"https:\/\/economiapoliticacba.com\/index.php?rest_route=%2Fwp%2Fv2%2Fcomments&post=44671"}],"version-history":[{"count":0,"href":"https:\/\/economiapoliticacba.com\/index.php?rest_route=\/wp\/v2\/posts\/44671\/revisions"}],"wp:featuredmedia":[{"embeddable":true,"href":"https:\/\/economiapoliticacba.com\/index.php?rest_route=\/wp\/v2\/media\/44672"}],"wp:attachment":[{"href":"https:\/\/economiapoliticacba.com\/index.php?rest_route=%2Fwp%2Fv2%2Fmedia&parent=44671"}],"wp:term":[{"taxonomy":"category","embeddable":true,"href":"https:\/\/economiapoliticacba.com\/index.php?rest_route=%2Fwp%2Fv2%2Fcategories&post=44671"},{"taxonomy":"post_tag","embeddable":true,"href":"https:\/\/economiapoliticacba.com\/index.php?rest_route=%2Fwp%2Fv2%2Ftags&post=44671"}],"curies":[{"name":"wp","href":"https:\/\/api.w.org\/{rel}","templated":true}]}}