{"id":44669,"date":"2025-11-08T19:21:59","date_gmt":"2025-11-08T19:21:59","guid":{"rendered":"https:\/\/comercioyjusticia.info\/?p=488742"},"modified":"2025-11-08T19:21:59","modified_gmt":"2025-11-08T19:21:59","slug":"colapinto-largara-18oen-el-gp-de-brasil","status":"publish","type":"post","link":"https:\/\/economiapoliticacba.com\/?p=44669","title":{"rendered":"Colapinto largar\u00e1 18\u00baen el GP de Brasil"},"content":{"rendered":"<div><img src=\"https:\/\/comercioyjusticia.info\/wp-content\/uploads\/2025\/09\/COLAPINTO.webp\" class=\"ff-og-image-inserted\"><\/div>\n<p>El piloto argentino Franco Colapinto (Alpine) no logr\u00f3 revertir su dif\u00edcil fin de semana en el Gran Premio de Brasil y tuvo una desilusionante actuaci\u00f3n en la sesi\u00f3n de clasificaci\u00f3n para la carrera del domingo. Tras haber abandonado la carrera sprint del s\u00e1bado a causa de un fuerte choque, el joven de Pilar qued\u00f3 eliminado tempranamente en la Q1 y deber\u00e1 largar desde la 18\u00aa posici\u00f3n la final.<\/p>\n<p>Colapinto registr\u00f3 su mejor vuelta con un tiempo de 1:10.632, quedando a 976 mil\u00e9simas del tiempo m\u00e1s r\u00e1pido de la sesi\u00f3n inicial, marcado por el brit\u00e1nico Oscar Piastri (McLaren), l\u00edder del campeonato.<\/p>\n<p>La Q1 de la jornada de este s\u00e1bado en Interlagos estuvo marcada por una gran sorpresa que impacta en la lucha por el t\u00edtulo: el neerland\u00e9s Max Verstappen (Red Bull) tambi\u00e9n cay\u00f3 eliminado de manera inesperada, quedando 16\u00ba en la grilla de partida y complicando sus chances en el campeonato. Junto a ellos, quedaron fuera en la primera tanda Esteban Ocon (Haas), Yuki Tsunoda (Red Bull) y el local Gabriel Bortoleto (Sauber), quien no pudo salir a clasificar tras un accidente en la sprint.<\/p>\n<p>A pesar del mal resultado, Colapinto cuenta con la tranquilidad de haber sido confirmado por Alpine como piloto titular para la pr\u00f3xima temporada, lo que le permite enfocarse en terminar este 2025 de la mejor manera. La carrera final se disputar\u00e1 el domingo a las 14 (Argentina\/Brasil).<\/p>\n","protected":false},"excerpt":{"rendered":"<p>El piloto argentino Franco Colapinto (Alpine) no logr\u00f3 revertir su dif\u00edcil fin de semana en el Gran Premio de Brasil y tuvo una desilusionante actuaci\u00f3n en la sesi\u00f3n de clasificaci\u00f3n para la carrera del domingo. Tras haber abandonado la carrera sprint del s\u00e1bado a causa de un fuerte choque, el joven de Pilar qued\u00f3 eliminado [&hellip;]<\/p>\n","protected":false},"author":1,"featured_media":44670,"comment_status":"open","ping_status":"closed","sticky":false,"template":"","format":"standard","meta":{"om_disable_all_campaigns":false,"_monsterinsights_skip_tracking":false,"_monsterinsights_sitenote_active":false,"_monsterinsights_sitenote_note":"","_monsterinsights_sitenote_category":0},"categories":[21],"tags":[],"aioseo_notices":[],"_links":{"self":[{"href":"https:\/\/economiapoliticacba.com\/index.php?rest_route=\/wp\/v2\/posts\/44669"}],"collection":[{"href":"https:\/\/economiapoliticacba.com\/index.php?rest_route=\/wp\/v2\/posts"}],"about":[{"href":"https:\/\/economiapoliticacba.com\/index.php?rest_route=\/wp\/v2\/types\/post"}],"author":[{"embeddable":true,"href":"https:\/\/economiapoliticacba.com\/index.php?rest_route=\/wp\/v2\/users\/1"}],"replies":[{"embeddable":true,"href":"https:\/\/economiapoliticacba.com\/index.php?rest_route=%2Fwp%2Fv2%2Fcomments&post=44669"}],"version-history":[{"count":0,"href":"https:\/\/economiapoliticacba.com\/index.php?rest_route=\/wp\/v2\/posts\/44669\/revisions"}],"wp:featuredmedia":[{"embeddable":true,"href":"https:\/\/economiapoliticacba.com\/index.php?rest_route=\/wp\/v2\/media\/44670"}],"wp:attachment":[{"href":"https:\/\/economiapoliticacba.com\/index.php?rest_route=%2Fwp%2Fv2%2Fmedia&parent=44669"}],"wp:term":[{"taxonomy":"category","embeddable":true,"href":"https:\/\/economiapoliticacba.com\/index.php?rest_route=%2Fwp%2Fv2%2Fcategories&post=44669"},{"taxonomy":"post_tag","embeddable":true,"href":"https:\/\/economiapoliticacba.com\/index.php?rest_route=%2Fwp%2Fv2%2Ftags&post=44669"}],"curies":[{"name":"wp","href":"https:\/\/api.w.org\/{rel}","templated":true}]}}