{"id":44634,"date":"2025-11-07T21:50:00","date_gmt":"2025-11-07T21:50:00","guid":{"rendered":"https:\/\/economiapoliticacba.com\/?p=44634"},"modified":"2025-11-07T21:50:00","modified_gmt":"2025-11-07T21:50:00","slug":"renuncio-santilli-se-va-del-congreso-y-acelera-su-debut-en-el-interior","status":"publish","type":"post","link":"https:\/\/economiapoliticacba.com\/?p=44634","title":{"rendered":"RENUNCI\u00d3 SANTILLI: se va del Congreso y acelera su debut en el Interior"},"content":{"rendered":"<p><span class=\"date\">7 noviembre de 2025<\/span> <\/p>\n<p><mark class=\"marker-yellow\"><strong>Diego Santilli renunci\u00f3 este viernes a su banca de diputado para asumir formalmente su rol de ministro del Interior<\/strong><\/mark>, cinco d\u00edas despu\u00e9s de que se anunciara su <a href=\"https:\/\/eleconomista.com.ar\/politica\/santilli-revelo-como-fue-llamado-milei-confirmo-sesiones-extraordinarias-congreso-n90084\" target=\"_blank\" rel=\"noopener\">reemplazo de Lisandro Catal\u00e1n<\/a>.<\/p>\n<p>En la carta dirigida al presidente de la C\u00e1mara de Diputados, Mart\u00edn Menem, Santilli agradeci\u00f3 &#8220;la <strong>oportunidad de haber servido a la ciudadan\u00eda<\/strong> y de haber formado parte de este cuerpo legislativo&#8221;.<\/p>\n<p>De esta forma, concentrar\u00e1 su agenda en las <a href=\"https:\/\/eleconomista.com.ar\/politica\/santilli-debuta-como-ministro-interior-reuniones-clave-torres-jalil-antes-jurar-n90289\" target=\"_blank\" rel=\"noopener\"><strong>reuniones con los gobernadores<\/strong><\/a> con vistas en el temario legislativo: presupuesto y <a href=\"https:\/\/eleconomista.com.ar\/politica\/que-sabe-reformas-laboral-tributaria-codigo-penal-impulsa-milei-n90206\" target=\"_blank\" rel=\"noopener\"><strong>reformas laboral, tributaria y penal<\/strong><\/a>. Este viernes a las 15 debut\u00f3 con los encuentros con los mandatarios de Chubut (Ignacio Torres) y Catamarca (Ra\u00fal Jalil), luego de conversaciones con Eduardo &#8220;Lule&#8221; Menem y Mart\u00edn Menem.<\/p>\n<figure class=\"image\"><img loading=\"lazy\" width=\"100\" height=\"100\" class=\"cst_img\" src=\"http:\/\/economiapoliticacba.com\/wp-content\/uploads\/2025\/11\/renuncio-santilli-se-va-del-congreso-y-acelera-su-debut-en-el-interior.webp\" alt=\"Torres Adorni Santilli\"><figcaption>Torres, Adorni y Santilli se reunieron en la Casa Rosada<\/figcaption><\/figure>\n<p>La renuncia se concret\u00f3 luego de sumar con su voto al <a href=\"https:\/\/eleconomista.com.ar\/finanzas\/un-avance-diputados-permitio-una-rueda-tranquila-n90166\" target=\"_blank\" rel=\"noopener\"><strong>dictamen de mayor\u00eda para el presupuesto<\/strong><\/a> logrado el martes con su presencia y el desempate del presidente de la comisi\u00f3n, Bertie Benegas Lynch. Diversos funcionarios confirmaron que convocar\u00e1n sesiones extraordinarias para aprobar el presupuesto.<\/p>\n<div class=\"rela\">\n<div class=\"pic\"> <a href=\"https:\/\/eleconomista.com.ar\/politica\/santilli-inicia-reuniones-clave-gobernadores-su-debut-como-ministro-interior-n90289\" title=\"Santilli inicia reuniones clave con gobernadores en su debut como ministro del Interior\"><img src=\"http:\/\/economiapoliticacba.com\/wp-content\/uploads\/2025\/11\/renuncio-santilli-se-va-del-congreso-y-acelera-su-debut-en-el-interior-1.webp\" alt=\"Santilli inicia reuniones clave con gobernadores en su debut como ministro del Interior\" loading=\"lazy\"><\/a> <\/div><\/div>\n<ul>\n<li>El asiento en la C\u00e1mara baja ser\u00e1 ocupado por Nelson Marino y, luego del 10 de diciembre, por Rub\u00e9n Torres, dada la reelecci\u00f3n de Santilli en los comicios legislativos.<\/li>\n<\/ul>\n<div class=\"rela\">\n<div class=\"pic\"> <a href=\"https:\/\/eleconomista.com.ar\/politica\/bullrich-amplia-poder-libertad-avanza-congreso-debilita-pro-n90258\" title=\"Bullrich ampl\u00eda el poder de La Libertad Avanza en el Congreso y debilita al PRO\"><img src=\"http:\/\/economiapoliticacba.com\/wp-content\/uploads\/2025\/11\/renuncio-santilli-se-va-del-congreso-y-acelera-su-debut-en-el-interior-2.webp\" alt=\"Bullrich ampl\u00eda el poder de La Libertad Avanza en el Congreso y debilita al PRO\" loading=\"lazy\"><\/a> <\/div><\/div>\n","protected":false},"excerpt":{"rendered":"<p>7 noviembre de 2025 Diego Santilli renunci\u00f3 este viernes a su banca de diputado para asumir formalmente su rol de ministro del Interior, cinco d\u00edas despu\u00e9s de que se anunciara su reemplazo de Lisandro Catal\u00e1n. En la carta dirigida al presidente de la C\u00e1mara de Diputados, Mart\u00edn Menem, Santilli agradeci\u00f3 &#8220;la oportunidad de haber servido [&hellip;]<\/p>\n","protected":false},"author":1,"featured_media":44635,"comment_status":"closed","ping_status":"closed","sticky":false,"template":"","format":"standard","meta":{"om_disable_all_campaigns":false,"_monsterinsights_skip_tracking":false,"_monsterinsights_sitenote_active":false,"_monsterinsights_sitenote_note":"","_monsterinsights_sitenote_category":0},"categories":[17,21],"tags":[],"aioseo_notices":[],"_links":{"self":[{"href":"https:\/\/economiapoliticacba.com\/index.php?rest_route=\/wp\/v2\/posts\/44634"}],"collection":[{"href":"https:\/\/economiapoliticacba.com\/index.php?rest_route=\/wp\/v2\/posts"}],"about":[{"href":"https:\/\/economiapoliticacba.com\/index.php?rest_route=\/wp\/v2\/types\/post"}],"author":[{"embeddable":true,"href":"https:\/\/economiapoliticacba.com\/index.php?rest_route=\/wp\/v2\/users\/1"}],"replies":[{"embeddable":true,"href":"https:\/\/economiapoliticacba.com\/index.php?rest_route=%2Fwp%2Fv2%2Fcomments&post=44634"}],"version-history":[{"count":0,"href":"https:\/\/economiapoliticacba.com\/index.php?rest_route=\/wp\/v2\/posts\/44634\/revisions"}],"wp:featuredmedia":[{"embeddable":true,"href":"https:\/\/economiapoliticacba.com\/index.php?rest_route=\/wp\/v2\/media\/44635"}],"wp:attachment":[{"href":"https:\/\/economiapoliticacba.com\/index.php?rest_route=%2Fwp%2Fv2%2Fmedia&parent=44634"}],"wp:term":[{"taxonomy":"category","embeddable":true,"href":"https:\/\/economiapoliticacba.com\/index.php?rest_route=%2Fwp%2Fv2%2Fcategories&post=44634"},{"taxonomy":"post_tag","embeddable":true,"href":"https:\/\/economiapoliticacba.com\/index.php?rest_route=%2Fwp%2Fv2%2Ftags&post=44634"}],"curies":[{"name":"wp","href":"https:\/\/api.w.org\/{rel}","templated":true}]}}