{"id":44632,"date":"2025-11-07T22:13:00","date_gmt":"2025-11-07T22:13:00","guid":{"rendered":"https:\/\/economiapoliticacba.com\/?p=44632"},"modified":"2025-11-07T22:13:00","modified_gmt":"2025-11-07T22:13:00","slug":"santilli-inicia-reuniones-clave-con-gobernadores-en-su-debut-como-ministro-del-interior","status":"publish","type":"post","link":"https:\/\/economiapoliticacba.com\/?p=44632","title":{"rendered":"Santilli inicia reuniones clave con gobernadores en su debut como ministro del Interior"},"content":{"rendered":"<p><strong>Diego Santilli<\/strong> inici\u00f3 este viernes su ronda de <mark class=\"marker-yellow\"><strong>reuniones con gobernadores<\/strong><\/mark> en su nuevo rol de ministro del Interior, previo a presentar <a href=\"https:\/\/eleconomista.com.ar\/politica\/renuncio-santilli-va-congreso-acelera-su-debut-interior-n90294\" target=\"_blank\" rel=\"noopener\">la renuncia a su banca de diputado<\/a>. Su debut fue con <a href=\"https:\/\/eleconomista.com.ar\/politica\/la-trastienda-reunion-milei-100-legisladores-invito-pro-medio-cruces-macri-n90209\" target=\"_blank\" rel=\"noopener\"><strong>Ignacio Torres<\/strong> (Chubut)<\/a> y <strong>Ra\u00fal Jalil<\/strong> (Catamarca), en lo que fuentes definieron como <mark class=\"marker-yellow\"><strong>&#8220;primeros encuentros introductorios&#8221;<\/strong><\/mark> a <strong>El Economista<\/strong>.<\/p>\n<p>El temario de las reuniones, que fueron individuales y contaron con la presencia del flamante jefe de Gabinete, <strong>Manuel Adorni<\/strong>, gir\u00f3 en torno al <strong>presupuesto <\/strong>y las <a href=\"https:\/\/eleconomista.com.ar\/politica\/que-sabe-reformas-laboral-tributaria-codigo-penal-impulsa-milei-n90206\" target=\"_blank\" rel=\"noopener\"><strong>reformas laboral, tributaria y penal<\/strong><\/a>, la agenda que prev\u00e9 el Gobierno para el Congreso. Torres (PRO) tiene ascendencia sobre una banca en Diputados y Jalil (PJ) sobre cuatro.<\/p>\n<p>El chubutense se reencontr\u00f3 con un <a href=\"https:\/\/eleconomista.com.ar\/politica\/bullrich-amplia-poder-libertad-avanza-congreso-debilita-pro-n90258\" target=\"_blank\" rel=\"noopener\">viejo conocido del PRO<\/a>: <mark class=\"marker-yellow\"><strong>&#8220;Obviamente lo conoce al &#8216;Colo&#8217; de antes, hay una relaci\u00f3n preexistente&#8221;<\/strong><\/mark>, dijeron fuentes del entorno del gobernador. Torres felicit\u00f3 p\u00fablicamente a Santilli tras el anuncio del nuevo cargo.<\/p>\n<p>El mandatario destac\u00f3 su v\u00ednculo luego de la reuni\u00f3n y elogi\u00f3 su nombramiento: &#8220;<strong>Tengo relaci\u00f3n con el &#8216;Colo&#8217; hace varios a\u00f1os<\/strong>; es una persona de <strong>di\u00e1logo <\/strong>y de generar consensos. Es una <strong>decisi\u00f3n acertada<\/strong> tener a alguien con experiencia, que conoce a los distintos actores de la pol\u00edtica argentina y que sabe generar los consensos que necesitamos en este momento&#8221;.<\/p>\n<div class=\"raw-html-embed\" readability=\"9.0498614958449\">\n<blockquote class=\"twitter-tweet\" readability=\"12.340720221607\">\n<p lang=\"es\" dir=\"ltr\">Me reun\u00ed con el jefe de Gabinete de Ministros de la Naci\u00f3n, <a href=\"https:\/\/twitter.com\/madorni?ref_src=twsrc%5Etfw\">@madorni<\/a>, y con el ministro del Interior, <a href=\"https:\/\/twitter.com\/diegosantilli?ref_src=twsrc%5Etfw\">@diegosantilli<\/a>, para seguir avanzando en el compromiso de eliminar las retenciones al petr\u00f3leo en Chubut. <\/p>\n<p>Adem\u00e1s, dialogamos sobre el Presupuesto 2026 y la ejecuci\u00f3n de obras&#8230; <a href=\"https:\/\/t.co\/g7dXprsTVe\">pic.twitter.com\/g7dXprsTVe<\/a><\/p>\n<p>\u2014 Nacho Torres (@NachoTorresCH) <a href=\"https:\/\/twitter.com\/NachoTorresCH\/status\/1986913174369526231?ref_src=twsrc%5Etfw\">November 7, 2025<\/a><\/p><\/blockquote><\/div>\n<div class=\"rela\">\n<div class=\"pic\"> <a href=\"https:\/\/eleconomista.com.ar\/politica\/bullrich-amplia-poder-libertad-avanza-congreso-debilita-pro-n90258\" title=\"Bullrich ampl\u00eda el poder de La Libertad Avanza en el Congreso y debilita al PRO\"><img src=\"http:\/\/economiapoliticacba.com\/wp-content\/uploads\/2025\/11\/santilli-inicia-reuniones-clave-con-gobernadores-en-su-debut-como-ministro-del-interior.webp\" alt=\"Bullrich ampl\u00eda el poder de La Libertad Avanza en el Congreso y debilita al PRO\" loading=\"lazy\"><\/a> <\/div><\/div>\n<p>&#8220;M\u00e1s all\u00e1 de la reuni\u00f3n, me parece que a futuro vamos a tener la oportunidad de mantener un v\u00ednculo aceitado con la Naci\u00f3n, a trav\u00e9s de un ministro del Interior que, incluso antes de asumir, ya demuestra una vocaci\u00f3n de di\u00e1logo&#8221;, agreg\u00f3. Asimismo, subray\u00f3 que le pareci\u00f3 un &#8220;muy buen&#8221; encuentro.<\/p>\n<p>El mandatario &#8220;tambi\u00e9n est\u00e1 con el tema de la <mark class=\"marker-yellow\"><strong>eliminaci\u00f3n de retenciones al petr\u00f3leo<\/strong><\/mark>, que viene hablando con <strong>[Luis] &#8216;Toto&#8217; Caputo<\/strong>&#8220;, se\u00f1alaron fuentes cercanas a Torres. Por su parte, el gobernador afirm\u00f3: &#8220;La preocupaci\u00f3n era si se iba a sostener el acuerdo para eliminar las retenciones, y nos vamos con la tranquilidad de que <strong>no solo est\u00e1 vigente sino que en breve vamos a poder avanzar en el decreto que va a ser muy bueno para la Argentina<\/strong>&#8220;.<\/p>\n<p>&#8220;Ven\u00edamos trabajando para eliminarlas, donde la provincia se compromete a bajar regal\u00edas, los trabajadores con un acuerdo de competitividad y operar de manera m\u00e1s moderna, y las operadoras a reinvertir todo el ahorro fiscal justamente por la eliminaci\u00f3n de las retenciones, eso sigue en pie&#8221;, a\u00f1adi\u00f3.<\/p>\n<div class=\"rela\">\n<div class=\"pic\"> <a href=\"https:\/\/eleconomista.com.ar\/politica\/la-trastienda-reunion-milei-100-legisladores-invito-pro-medio-cruces-macri-n90209\" title=\"La trastienda de la reuni\u00f3n de Milei con 100 legisladores: invit\u00f3 al PRO en medio de cruces con Macri\"><img src=\"http:\/\/economiapoliticacba.com\/wp-content\/uploads\/2025\/11\/santilli-inicia-reuniones-clave-con-gobernadores-en-su-debut-como-ministro-del-interior-1.webp\" alt=\"La trastienda de la reuni\u00f3n de Milei con 100 legisladores: invit\u00f3 al PRO en medio de cruces con Macri\" loading=\"lazy\"><\/a> <\/div><\/div>\n<p>Adem\u00e1s, se manifest\u00f3<strong> <\/strong><mark class=\"marker-yellow\"><strong>a favor de avanzar con el presupuesto<\/strong><\/mark>, aunque plante\u00f3 la necesidad de trabajarlo junto con las provincias. Tambi\u00e9n expres\u00f3 su apoyo a las <strong>reformas <\/strong>impulsadas por el Gobierno, aunque admiti\u00f3 no conocer a\u00fan los detalles del proyecto. &#8220;Si tenemos que empezar por algo es justamente por blanquear a un mont\u00f3n de trabajos que hoy est\u00e1n negros, garantizando los derechos adquiridos, esa garant\u00eda constitucional existe. Esperamos la redacci\u00f3n&#8221;, dijo Torres.<\/p>\n<p>El Gobierno expres\u00f3 que los mandatarios &#8220;<strong>presentaron sus agendas y coincidieron en la importancia de avanzar en el Presupuesto 2026 y en las reformas estructurales<\/strong> que el pa\u00eds necesita: modernizaci\u00f3n laboral, reforma tributaria y nuevo C\u00f3digo Penal&#8221;.<\/p>\n<figure class=\"image\"><img loading=\"lazy\" width=\"100\" height=\"100\" class=\"cst_img\" src=\"http:\/\/economiapoliticacba.com\/wp-content\/uploads\/2025\/11\/santilli-inicia-reuniones-clave-con-gobernadores-en-su-debut-como-ministro-del-interior-2.webp\" alt=\"Jalil Adorni Santilli\"><figcaption>Santilli, Adorni y Jalil en Casa Rosada<\/figcaption><\/figure>\n<p>El lunes pr\u00f3ximo, Santilli tambi\u00e9n tendr\u00e1 encuentros con <strong>Mart\u00edn Llaryora<\/strong> (C\u00f3rdoba), <strong>Marcelo Orrego<\/strong> (San Juan) y <strong>Gustavo S\u00e1enz<\/strong> (Salta).<\/p>\n","protected":false},"excerpt":{"rendered":"<p>Diego Santilli inici\u00f3 este viernes su ronda de reuniones con gobernadores en su nuevo rol de ministro del Interior, previo a presentar la renuncia a su banca de diputado. Su debut fue con Ignacio Torres (Chubut) y Ra\u00fal Jalil (Catamarca), en lo que fuentes definieron como &#8220;primeros encuentros introductorios&#8221; a El Economista. El temario de [&hellip;]<\/p>\n","protected":false},"author":1,"featured_media":44633,"comment_status":"closed","ping_status":"closed","sticky":false,"template":"","format":"standard","meta":{"om_disable_all_campaigns":false,"_monsterinsights_skip_tracking":false,"_monsterinsights_sitenote_active":false,"_monsterinsights_sitenote_note":"","_monsterinsights_sitenote_category":0},"categories":[17,21],"tags":[],"aioseo_notices":[],"_links":{"self":[{"href":"https:\/\/economiapoliticacba.com\/index.php?rest_route=\/wp\/v2\/posts\/44632"}],"collection":[{"href":"https:\/\/economiapoliticacba.com\/index.php?rest_route=\/wp\/v2\/posts"}],"about":[{"href":"https:\/\/economiapoliticacba.com\/index.php?rest_route=\/wp\/v2\/types\/post"}],"author":[{"embeddable":true,"href":"https:\/\/economiapoliticacba.com\/index.php?rest_route=\/wp\/v2\/users\/1"}],"replies":[{"embeddable":true,"href":"https:\/\/economiapoliticacba.com\/index.php?rest_route=%2Fwp%2Fv2%2Fcomments&post=44632"}],"version-history":[{"count":0,"href":"https:\/\/economiapoliticacba.com\/index.php?rest_route=\/wp\/v2\/posts\/44632\/revisions"}],"wp:featuredmedia":[{"embeddable":true,"href":"https:\/\/economiapoliticacba.com\/index.php?rest_route=\/wp\/v2\/media\/44633"}],"wp:attachment":[{"href":"https:\/\/economiapoliticacba.com\/index.php?rest_route=%2Fwp%2Fv2%2Fmedia&parent=44632"}],"wp:term":[{"taxonomy":"category","embeddable":true,"href":"https:\/\/economiapoliticacba.com\/index.php?rest_route=%2Fwp%2Fv2%2Fcategories&post=44632"},{"taxonomy":"post_tag","embeddable":true,"href":"https:\/\/economiapoliticacba.com\/index.php?rest_route=%2Fwp%2Fv2%2Ftags&post=44632"}],"curies":[{"name":"wp","href":"https:\/\/api.w.org\/{rel}","templated":true}]}}