{"id":44624,"date":"2025-11-07T20:45:09","date_gmt":"2025-11-07T20:45:09","guid":{"rendered":"https:\/\/comercioyjusticia.info\/?p=488679"},"modified":"2025-11-07T20:45:09","modified_gmt":"2025-11-07T20:45:09","slug":"en-el-centenario-del-tsj-luis-alguno-enfatizo-que-el-rol-del-estado-no-puede-estar-en-retirada","status":"publish","type":"post","link":"https:\/\/economiapoliticacba.com\/?p=44624","title":{"rendered":"En el centenario del TSJ, Luis Alguno enfatiz\u00f3 que el rol del Estado \u201cno puede estar en retirada\u201d"},"content":{"rendered":"<div><img src=\"https:\/\/comercioyjusticia.info\/wp-content\/uploads\/2025\/11\/tsj-ANIV.jpg\" class=\"ff-og-image-inserted\"><\/div>\n<p>El Tribunal Superior conmemor\u00f3 un siglo de vida institucional en un acto encabezado por su presidente, Luis Angulo.<\/p>\n<p>Participaron de la ceremonia, entre otras autoridades, el gobernador Mart\u00edn Llaryora, el ministro de la Corte Suprema Ricardo Lorenzetti y la presidenta de la Junta Federal de Cortes y Superiores Tribunales de Justicia de las Provincias Argentinas y Ciudad Aut\u00f3noma de Buenos Aires (Jufejus), Emilia Valle.<\/p>\n<p>Durante el evento, que se llev\u00f3 a cabo en el Sal\u00f3n de los Pasos Perdidos del Palacio de Justicia, el Angulo asegur\u00f3 que <strong>\u201csin la Justicia, la libertad se convierte en privilegio y la ley en una mera herramienta de poder\u201d<\/strong>. En ese marco, dijo: \u201cEstamos llamados a profundizar el camino hacia una justicia m\u00e1s comprometida con los valores democr\u00e1ticos de la sociedad de nuestro tiempo\u201d.<\/p>\n<p>Tambi\u00e9n asegur\u00f3 que el objetivo de la funci\u00f3n judicial es y seguir\u00e1 siendo fomentar la paz social. En este sentido, consider\u00f3 que los problemas complejos y transversales \u201crequieren de respuestas colaborativas\u201d, y agreg\u00f3 que <strong>el di\u00e1logo y la concertaci\u00f3n son indispensables \u201ccuando hay que hacer frente a asuntos que nos afectan a todos\u201d.&nbsp;<\/strong><\/p>\n<p>En un mensaje a la comunidad judicial, Angulo remarc\u00f3 que \u201cdesempe\u00f1arse en la Justicia es escuchar a quienes no tienen voz, proteger a los vulnerables y garantizar que cada persona, sin distinci\u00f3n, acceda a sus derechos\u201d.<\/p>\n<p><strong>Brecha<\/strong><br \/>Asimismo, puntualiz\u00f3 que \u201c<strong>en un contexto global en el que la brecha social se acrecienta\u201d, en el que \u201cpocos tienen mucho y muchos no tienen nada\u201d y en el que \u201clas desigualdades ya no son solo econ\u00f3micas sino tambi\u00e9n digitales\u201d, el rol del Estado, en general, y de las instituciones judiciales, en particular, \u201cno puede estar en retirada\u201d.<\/strong><\/p>\n<p>En su discurso, el magistrado afirm\u00f3 que el centenario \u201ces un momento para mirar hacia adelante con compromiso y empat\u00eda\u201d.<\/p>\n<p><strong>Tambi\u00e9n se refiri\u00f3 a los esfuerzos que hizo el Poder Judicial local en las \u00faltimas d\u00e9cadas para evitar la concentraci\u00f3n de poder, prevenir la impunidad, favorecer la participaci\u00f3n ciudadana y \u201cfortalecer la transparencia y la confianza\u201d en la justicia.<\/strong><\/p>\n","protected":false},"excerpt":{"rendered":"<p>El Tribunal Superior conmemor\u00f3 un siglo de vida institucional en un acto encabezado por su presidente, Luis Angulo. Participaron de la ceremonia, entre otras autoridades, el gobernador Mart\u00edn Llaryora, el ministro de la Corte Suprema Ricardo Lorenzetti y la presidenta de la Junta Federal de Cortes y Superiores Tribunales de Justicia de las Provincias Argentinas [&hellip;]<\/p>\n","protected":false},"author":1,"featured_media":44625,"comment_status":"open","ping_status":"closed","sticky":false,"template":"","format":"standard","meta":{"om_disable_all_campaigns":false,"_monsterinsights_skip_tracking":false,"_monsterinsights_sitenote_active":false,"_monsterinsights_sitenote_note":"","_monsterinsights_sitenote_category":0},"categories":[21],"tags":[],"aioseo_notices":[],"_links":{"self":[{"href":"https:\/\/economiapoliticacba.com\/index.php?rest_route=\/wp\/v2\/posts\/44624"}],"collection":[{"href":"https:\/\/economiapoliticacba.com\/index.php?rest_route=\/wp\/v2\/posts"}],"about":[{"href":"https:\/\/economiapoliticacba.com\/index.php?rest_route=\/wp\/v2\/types\/post"}],"author":[{"embeddable":true,"href":"https:\/\/economiapoliticacba.com\/index.php?rest_route=\/wp\/v2\/users\/1"}],"replies":[{"embeddable":true,"href":"https:\/\/economiapoliticacba.com\/index.php?rest_route=%2Fwp%2Fv2%2Fcomments&post=44624"}],"version-history":[{"count":0,"href":"https:\/\/economiapoliticacba.com\/index.php?rest_route=\/wp\/v2\/posts\/44624\/revisions"}],"wp:featuredmedia":[{"embeddable":true,"href":"https:\/\/economiapoliticacba.com\/index.php?rest_route=\/wp\/v2\/media\/44625"}],"wp:attachment":[{"href":"https:\/\/economiapoliticacba.com\/index.php?rest_route=%2Fwp%2Fv2%2Fmedia&parent=44624"}],"wp:term":[{"taxonomy":"category","embeddable":true,"href":"https:\/\/economiapoliticacba.com\/index.php?rest_route=%2Fwp%2Fv2%2Fcategories&post=44624"},{"taxonomy":"post_tag","embeddable":true,"href":"https:\/\/economiapoliticacba.com\/index.php?rest_route=%2Fwp%2Fv2%2Ftags&post=44624"}],"curies":[{"name":"wp","href":"https:\/\/api.w.org\/{rel}","templated":true}]}}