{"id":44591,"date":"2025-11-06T22:20:00","date_gmt":"2025-11-06T22:20:00","guid":{"rendered":"https:\/\/comercioyjusticia.info\/?p=488556"},"modified":"2025-11-06T22:20:00","modified_gmt":"2025-11-06T22:20:00","slug":"ciencia-crisis-y-narrativas-arranca-en-cordoba-el-2-foro-hispanoamericano-de-periodismo-cientifico","status":"publish","type":"post","link":"https:\/\/economiapoliticacba.com\/?p=44591","title":{"rendered":"Ciencia, crisis y narrativas: arranca en C\u00f3rdoba el 2\u00b0 Foro Hispanoamericano de Periodismo Cient\u00edfico"},"content":{"rendered":"<div><img src=\"https:\/\/comercioyjusticia.info\/wp-content\/uploads\/2025\/10\/Foro-hispanoamericanos.jpg\" class=\"ff-og-image-inserted\"><\/div>\n<p>Con el lema <strong>\u201cHistorias m\u00e1s all\u00e1 del laboratorio<\/strong>\u201d, este <strong>viernes 7 y s\u00e1bado 8 de noviembre<\/strong> se realizar\u00e1 en C\u00f3rdoba el 2<strong>\u00b0 Foro Hispanoamericano de Periodismo Cient\u00edfico (FHPC) \u2013 Edici\u00f3n Argentina<\/strong>, uno encuentro para periodistas, divulgadores y acad\u00e9micos interesados en nuevas formas de contar la ciencia. La cita es en el <strong>Centro Cultural Espa\u00f1a C\u00f3rdoba<\/strong>, con entrada gratuita.<\/p>\n<p>Organizado por la<a href=\"https:\/\/radpc.org\/\"> Red Argentina de Periodismo Cient\u00edfico (RAdPC<\/a>), el Foro buscar\u00e1 abrir el debate sobre c\u00f3mo se construyen y narran hoy las historias de ciencia en un contexto atravesado por desaf\u00edos econ\u00f3micos, tensiones pol\u00edticas, recortes presupuestarios y transformaciones tecnol\u00f3gicas como la inteligencia artificial.<\/p>\n<p>Seg\u00fan anticip\u00f3 Daniela L\u00f3pez, periodista cient\u00edfica y coordinadora del foro: \u201cEl Foro est\u00e1 pensado como espacio de encuentro; primero, para reconocer que hay un periodismo cient\u00edfico en Argentina que est\u00e1 produciendo historias de ciencia, pero tambi\u00e9n para entender que este sector est\u00e1 atravesado por problem\u00e1ticas que son compartidas por colegas en todo el pa\u00eds\u201d.<\/p>\n<p><strong>Qu\u00e9 habr\u00e1 en esta edici\u00f3n<br \/><\/strong><br \/>El viernes 7, la agenda presencial se desarrollar\u00e1 en el Centro Cultural Espa\u00f1a C\u00f3rdoba y abrir\u00e1 con el conversatorio <strong>\u201cPeriodismo (y ciencia) m\u00e1s all\u00e1 del laboratorio\u201d<\/strong>, con la participaci\u00f3n del bi\u00f3logo y fil\u00f3sofo Guillermo Folguera, la trabajadora social Guadalupe Huerta (Conicet), y las periodistas ambientales Geraldine Castro (M\u00e9xico) y Jorgelina Hiba (Rosario).<\/p>\n<p>Luego, el historiador de la ciencia Diego Hurtado dialogar\u00e1 con el periodista Mart\u00edn De Ambrosio en la charla <strong>\u201cPol\u00edtica cient\u00edfica y periodismo de ciencia\u201d,<\/strong> centrada en los futuros posibles del sistema cient\u00edfico y de los medios especializados.<\/p>\n<p>Entre las propuestas destacadas figura tambi\u00e9n el conversatorio <strong>\u201cCiencia fuera del molde\u201d,<\/strong> dedicado a explorar nuevos formatos como podcasts, newsletters, c\u00f3mics y videos. Participar\u00e1n las periodistas Victoria Mart\u00ednez (Chile), Pampa Garc\u00eda Molina (Espa\u00f1a), Florencia Ballarino y Celeste Giardinelli (Argentina).<\/p>\n<p>El cierre del d\u00eda estar\u00e1 atravesado por la coyuntura con la mesa <strong>\u201cPeriodismo cient\u00edfico en tiempos de turbulencia<\/strong>\u201d, donde se analizar\u00e1n recortes presupuestarios, precarizaci\u00f3n laboral y la deslegitimaci\u00f3n de la ciencia. All\u00ed estar\u00e1n los integrantes de la RAdPC Silvina Chaves, Natalia Concina, Daniel D\u00edaz Romero y la periodista de este medio, Carolina Klepp.<\/p>\n<p><strong>S\u00e1bado: IA, ciencia y humor<\/strong><\/p>\n<p>El s\u00e1bado 8 estar\u00e1 dedicado al taller <strong>\u201cIA regenerativa para periodistas de ciencia<\/strong>\u201d, centrado en herramientas y enfoques \u00e9ticos para el uso de inteligencia artificial en redacciones y proyectos de divulgaci\u00f3n.<\/p>\n<p>El cierre general del Foro ser\u00e1 abierto al p\u00fablico: la cient\u00edfica y comediante Nadia Chiaramoni presentar\u00e1 su espect\u00e1culo \u201cHumor Con Ciencia\u201d en el Centro Cultural Espa\u00f1a C\u00f3rdoba, con entrada gratuita. Adem\u00e1s, este a\u00f1o se lanzar\u00e1 el programa \u201cEl Foro y las Universidades\u201d, que busca integrar a estudiantes y docentes de carreras de comunicaci\u00f3n y periodismo de todo el pa\u00eds.<\/p>\n<p><strong>M\u00e1s informaci\u00f3n en <a href=\"https:\/\/radpc.org\/\">https:\/\/radpc.org\/<\/a><\/strong><\/p>\n","protected":false},"excerpt":{"rendered":"<p>Con el lema \u201cHistorias m\u00e1s all\u00e1 del laboratorio\u201d, este viernes 7 y s\u00e1bado 8 de noviembre se realizar\u00e1 en C\u00f3rdoba el 2\u00b0 Foro Hispanoamericano de Periodismo Cient\u00edfico (FHPC) \u2013 Edici\u00f3n Argentina, uno encuentro para periodistas, divulgadores y acad\u00e9micos interesados en nuevas formas de contar la ciencia. La cita es en el Centro Cultural Espa\u00f1a C\u00f3rdoba, [&hellip;]<\/p>\n","protected":false},"author":1,"featured_media":44592,"comment_status":"open","ping_status":"closed","sticky":false,"template":"","format":"standard","meta":{"om_disable_all_campaigns":false,"_monsterinsights_skip_tracking":false,"_monsterinsights_sitenote_active":false,"_monsterinsights_sitenote_note":"","_monsterinsights_sitenote_category":0},"categories":[21],"tags":[],"aioseo_notices":[],"_links":{"self":[{"href":"https:\/\/economiapoliticacba.com\/index.php?rest_route=\/wp\/v2\/posts\/44591"}],"collection":[{"href":"https:\/\/economiapoliticacba.com\/index.php?rest_route=\/wp\/v2\/posts"}],"about":[{"href":"https:\/\/economiapoliticacba.com\/index.php?rest_route=\/wp\/v2\/types\/post"}],"author":[{"embeddable":true,"href":"https:\/\/economiapoliticacba.com\/index.php?rest_route=\/wp\/v2\/users\/1"}],"replies":[{"embeddable":true,"href":"https:\/\/economiapoliticacba.com\/index.php?rest_route=%2Fwp%2Fv2%2Fcomments&post=44591"}],"version-history":[{"count":0,"href":"https:\/\/economiapoliticacba.com\/index.php?rest_route=\/wp\/v2\/posts\/44591\/revisions"}],"wp:featuredmedia":[{"embeddable":true,"href":"https:\/\/economiapoliticacba.com\/index.php?rest_route=\/wp\/v2\/media\/44592"}],"wp:attachment":[{"href":"https:\/\/economiapoliticacba.com\/index.php?rest_route=%2Fwp%2Fv2%2Fmedia&parent=44591"}],"wp:term":[{"taxonomy":"category","embeddable":true,"href":"https:\/\/economiapoliticacba.com\/index.php?rest_route=%2Fwp%2Fv2%2Fcategories&post=44591"},{"taxonomy":"post_tag","embeddable":true,"href":"https:\/\/economiapoliticacba.com\/index.php?rest_route=%2Fwp%2Fv2%2Ftags&post=44591"}],"curies":[{"name":"wp","href":"https:\/\/api.w.org\/{rel}","templated":true}]}}