{"id":44589,"date":"2025-11-06T23:00:00","date_gmt":"2025-11-06T23:00:00","guid":{"rendered":"https:\/\/comercioyjusticia.info\/?p=488553"},"modified":"2025-11-06T23:00:00","modified_gmt":"2025-11-06T23:00:00","slug":"roberta-clarke-jurista-y-referente-en-derechos-humanos-recibio-el-honoris-causa-de-la-unc","status":"publish","type":"post","link":"https:\/\/economiapoliticacba.com\/?p=44589","title":{"rendered":"Roberta Clarke, jurista y referente en derechos humanos, recibi\u00f3 el Honoris Causa de la UNC"},"content":{"rendered":"<div><img src=\"https:\/\/comercioyjusticia.info\/wp-content\/uploads\/2025\/11\/Roberta-Clarke.jpg\" class=\"ff-og-image-inserted\"><\/div>\n<p>La <a href=\"https:\/\/www.unc.edu.ar\/\">UNC<\/a> le entreg\u00f3 el t\u00edtulo de Doctora <strong>Honoris Causa<\/strong> a <strong>Roberta Clarke, referente internacional en derechos humanos y equidad de g\u00e9nero<\/strong>.&nbsp;<\/p>\n<p>El acto se realiz\u00f3 en el marco de las jornadas nacionales organizadas por la Red Interuniversitaria por la Igualdad de G\u00e9nero y contra las Violencias (RUGE-CIN).&nbsp;<\/p>\n<p>Nacida en Barbados, es abogada y especialista en derecho internacional. Actualmente se desempe\u00f1a como comisionada de la Comisi\u00f3n Interamericana de Derechos Humanos (CIDH), donde ejerce como relatora sobre los derechos de las mujeres. Ha presidido la CIDH y el Comit\u00e9 Ejecutivo de la Comisi\u00f3n Internacional de Juristas, y forma parte del Consejo de Administraci\u00f3n de la Iniciativa Mujeres Nobel.<\/p>\n<p>\u201cSu trabajo tiene fuerte impacto en la promoci\u00f3n de los derechos humanos, en la erradicaci\u00f3n de la violencia de g\u00e9nero, en la defensa de los derechos de la comunidad LGTBIQ+ y en la lucha por la justicia social con una perspectiva feminista y regional\u201d, detall\u00f3 la UNC.<\/p>\n<p><strong>Esperanza<\/strong><\/p>\n<p>En su discurso, Roberta Clarke expres\u00f3 su reconocimiento a la universidad p\u00fablica como espacio esencial para la producci\u00f3n y transmisi\u00f3n del conocimiento cient\u00edfico. <strong>\u201cInstituciones de docencia e investigaci\u00f3n como esta universidad p\u00fablica son necesarias m\u00e1s que nunca<\/strong>, ahora, cuando nos enfrentamos a los retos de la desinformaci\u00f3n, el negacionismo y la incredulidad\u201d, expres\u00f3 la abogada.<\/p>\n<p>Clarke subray\u00f3 la necesidad de sostener la esperanza frente a los desaf\u00edos actuales. \u201cEste es un momento de no perder esperanzas, es un momento de extraer energ\u00eda de esos lugares, es momento de la ternura, de continuar luchando por los derechos ganados\u201d, manifest\u00f3. \u201cVeo en primera persona a mujeres siendo poderosas agentes de cambio, desde la primera l\u00ednea de los conflictos hasta las fronteras de la acci\u00f3n clim\u00e1tica y la protecci\u00f3n del medio ambiente\u201d, remarc\u00f3 la jurista.<\/p>\n<p>El acto cont\u00f3 con la presencia del rector Jhon Boretto; la vicerrectora Mariela Marchisio; la rectora de la Universidad Nacional del Comahue y coordinadora de la RUGE, Beatriz Gentile; y la coordinadora de la Unidad Central de Pol\u00edticas de G\u00e9nero, Romina Scocozza.<\/p>\n<p><strong>Perspectiva de g\u00e9nero<\/strong><\/p>\n<p>Durante su intervenci\u00f3n, Jhon Boretto destac\u00f3 la relevancia del encuentro. \u201cJornadas como esta promueven el pensamiento cr\u00edtico y el intercambio de ideas, reafirmando objetivos que como Universidad nos proponemos para que la docencia, la extensi\u00f3n y la investigaci\u00f3n se desarrollen en un entorno inclusivo, equitativo y libre de violencias\u201d, expres\u00f3 el rector.<\/p>\n<p>Resalt\u00f3 adem\u00e1s que el evento coincidi\u00f3 con el d\u00e9cimo aniversario de la RUGE y del Plan de Acciones y Herramientas de la UNC para prevenir, atender y sancionar las violencias de g\u00e9nero. \u201cEn este contexto, poner en valor el trabajo en red, defender la autonom\u00eda universitaria y el ejercicio de los derechos, fortalecer los v\u00ednculos que nos unen, ser\u00e1n las claves de este espacio\u201d, se\u00f1al\u00f3 Boretto.<\/p>\n<p>La coordinadora de la Unidad Central de Pol\u00edticas de G\u00e9nero, Romina Scocozza, subray\u00f3 el car\u00e1cter federal y la amplitud del encuentro. \u201cPara estas jornadas hay m\u00e1s de 500 personas inscriptas, 170 ponencias aprobadas provenientes de todas las regiones, confirmando el car\u00e1cter federal de las jornadas. Todo este trabajo evidencia que la perspectiva de g\u00e9nero es una necesidad formativa y tiene una presencia ineludible en la producci\u00f3n de conocimiento cient\u00edfico\u201d, indic\u00f3.<\/p>\n","protected":false},"excerpt":{"rendered":"<p>La UNC le entreg\u00f3 el t\u00edtulo de Doctora Honoris Causa a Roberta Clarke, referente internacional en derechos humanos y equidad de g\u00e9nero.&nbsp; El acto se realiz\u00f3 en el marco de las jornadas nacionales organizadas por la Red Interuniversitaria por la Igualdad de G\u00e9nero y contra las Violencias (RUGE-CIN).&nbsp; Nacida en Barbados, es abogada y especialista [&hellip;]<\/p>\n","protected":false},"author":1,"featured_media":44590,"comment_status":"open","ping_status":"closed","sticky":false,"template":"","format":"standard","meta":{"om_disable_all_campaigns":false,"_monsterinsights_skip_tracking":false,"_monsterinsights_sitenote_active":false,"_monsterinsights_sitenote_note":"","_monsterinsights_sitenote_category":0},"categories":[21],"tags":[],"aioseo_notices":[],"_links":{"self":[{"href":"https:\/\/economiapoliticacba.com\/index.php?rest_route=\/wp\/v2\/posts\/44589"}],"collection":[{"href":"https:\/\/economiapoliticacba.com\/index.php?rest_route=\/wp\/v2\/posts"}],"about":[{"href":"https:\/\/economiapoliticacba.com\/index.php?rest_route=\/wp\/v2\/types\/post"}],"author":[{"embeddable":true,"href":"https:\/\/economiapoliticacba.com\/index.php?rest_route=\/wp\/v2\/users\/1"}],"replies":[{"embeddable":true,"href":"https:\/\/economiapoliticacba.com\/index.php?rest_route=%2Fwp%2Fv2%2Fcomments&post=44589"}],"version-history":[{"count":0,"href":"https:\/\/economiapoliticacba.com\/index.php?rest_route=\/wp\/v2\/posts\/44589\/revisions"}],"wp:featuredmedia":[{"embeddable":true,"href":"https:\/\/economiapoliticacba.com\/index.php?rest_route=\/wp\/v2\/media\/44590"}],"wp:attachment":[{"href":"https:\/\/economiapoliticacba.com\/index.php?rest_route=%2Fwp%2Fv2%2Fmedia&parent=44589"}],"wp:term":[{"taxonomy":"category","embeddable":true,"href":"https:\/\/economiapoliticacba.com\/index.php?rest_route=%2Fwp%2Fv2%2Fcategories&post=44589"},{"taxonomy":"post_tag","embeddable":true,"href":"https:\/\/economiapoliticacba.com\/index.php?rest_route=%2Fwp%2Fv2%2Ftags&post=44589"}],"curies":[{"name":"wp","href":"https:\/\/api.w.org\/{rel}","templated":true}]}}