{"id":44587,"date":"2025-11-06T23:13:49","date_gmt":"2025-11-06T23:13:49","guid":{"rendered":"https:\/\/comercioyjusticia.info\/?p=488548"},"modified":"2025-11-06T23:13:49","modified_gmt":"2025-11-06T23:13:49","slug":"idoneidad-y-paridad-un-colegio-de-abogados-fijo-postura-sobre-integracion-de-la-corte-suprema","status":"publish","type":"post","link":"https:\/\/economiapoliticacba.com\/?p=44587","title":{"rendered":"Idoneidad y paridad: un Colegio de Abogados fij\u00f3 postura sobre integraci\u00f3n de la Corte Suprema"},"content":{"rendered":"<div><img src=\"https:\/\/comercioyjusticia.info\/wp-content\/uploads\/2025\/11\/Rosalia-Silvestre-1024x683-1.jpg\" class=\"ff-og-image-inserted\"><\/div>\n<p><em><br \/>La entidad que nuclea a los letrados de la Ciudad de Buenos Aires reclam\u00f3 un proceso de selecci\u00f3n transparente, basado en la idoneidad jur\u00eddica, \u00e9tica y moral, para cubrir las vacantes. Tambi\u00e9n apunt\u00f3 a la paridad de g\u00e9nero y pidi\u00f3 priorizar perfiles femeninos de reconocida trayectoria e independencia<\/em><strong><em><br \/><\/em><\/strong><\/p>\n<p>El <a href=\"https:\/\/www.colabogados.org.ar\/\"><strong>Colegio de Abogados de la Ciudad de Buenos Aires<\/strong><\/a> emiti\u00f3 este jueves un <strong>pronunciamiento en el que reafirm\u00f3 que la fortaleza del sistema republicano depende \u201cen gran medida, de la calidad e independencia del Poder Judicial\u201d,<\/strong> y subray\u00f3 que la integraci\u00f3n de la <strong>Corte Suprema <\/strong>de Justicia de la Naci\u00f3n debe surgir de \u201cun proceso de selecci\u00f3n que garantice la m\u00e1xima transparencia y la elecci\u00f3n de personas de reconocida idoneidad jur\u00eddica, \u00e9tica y moral\u201d.<\/p>\n<p>Con fuerte \u00e9nfasis en la idoneidad como criterio clave, la entidad advirti\u00f3 que \u00e9sta \u201cno s\u00f3lo implica una trayectoria profesional intachable y un conocimiento profundo del derecho, sino tambi\u00e9n un compromiso indeclinable con los <strong>valores constitucionales, la independencia de criterio y la defensa de las instituciones de la Rep\u00fablica\u201d.&nbsp;<\/strong><\/p>\n<p>Para el Colegio, quienes integren el m\u00e1ximo tribunal deben ser juristas cuya formaci\u00f3n, experiencia y conducta p\u00fablica generen \u201cconfianza y respeto en la ciudadan\u00eda\u201d y contribuyan al desarrollo econ\u00f3mico dentro de un marco de seguridad jur\u00eddica. \u201c<strong>Jueces id\u00f3neos y probos<\/strong>, que hagan realidad el imperio de la Constituci\u00f3n y las leyes para todos los habitantes\u201d, se\u00f1al\u00f3.<\/p>\n<p>El comunicado tambi\u00e9n recupera una posici\u00f3n que la instituci\u00f3n ya hab\u00eda expresado: la necesidad de avanzar hacia la <strong>paridad de g\u00e9nero<\/strong> en la Corte Suprema. En ese sentido, reafirma su compromiso con ese objetivo. \u201cExhorta a las autoridades competentes a priorizar en las candidatas, por encima de cualquier otra consideraci\u00f3n, la b\u00fasqueda de perfiles de indudable idoneidad\u201d, enfatiz\u00f3 el Colegio.<\/p>\n<p>La<strong> entidad dirigida por primera vez en m\u00e1s de 100 a\u00f1os por una mujer, Rosal\u00eda Silvestre, <\/strong>concluye que un tribunal integrado con criterios de idoneidad y paridad fortalecer\u00e1 la legitimidad democr\u00e1tica y consolidar\u00e1 a la Corte como \u201cun pilar de justicia, equilibrio y legitimidad\u201d.Cabe mencionar, que el pronunciamiento se da en simult\u00e1neo con la versi\u00f3n de un di\u00e1logo que se habr\u00eda reactivado -tras las elecciones legislativas- entre el Gobierno y el kirchnerismo para cubrir las vacantes que hay en el m\u00e1ximo tribunal.<\/p>\n","protected":false},"excerpt":{"rendered":"<p>La entidad que nuclea a los letrados de la Ciudad de Buenos Aires reclam\u00f3 un proceso de selecci\u00f3n transparente, basado en la idoneidad jur\u00eddica, \u00e9tica y moral, para cubrir las vacantes. Tambi\u00e9n apunt\u00f3 a la paridad de g\u00e9nero y pidi\u00f3 priorizar perfiles femeninos de reconocida trayectoria e independencia El Colegio de Abogados de la Ciudad [&hellip;]<\/p>\n","protected":false},"author":1,"featured_media":44588,"comment_status":"open","ping_status":"closed","sticky":false,"template":"","format":"standard","meta":{"om_disable_all_campaigns":false,"_monsterinsights_skip_tracking":false,"_monsterinsights_sitenote_active":false,"_monsterinsights_sitenote_note":"","_monsterinsights_sitenote_category":0},"categories":[21],"tags":[],"aioseo_notices":[],"_links":{"self":[{"href":"https:\/\/economiapoliticacba.com\/index.php?rest_route=\/wp\/v2\/posts\/44587"}],"collection":[{"href":"https:\/\/economiapoliticacba.com\/index.php?rest_route=\/wp\/v2\/posts"}],"about":[{"href":"https:\/\/economiapoliticacba.com\/index.php?rest_route=\/wp\/v2\/types\/post"}],"author":[{"embeddable":true,"href":"https:\/\/economiapoliticacba.com\/index.php?rest_route=\/wp\/v2\/users\/1"}],"replies":[{"embeddable":true,"href":"https:\/\/economiapoliticacba.com\/index.php?rest_route=%2Fwp%2Fv2%2Fcomments&post=44587"}],"version-history":[{"count":0,"href":"https:\/\/economiapoliticacba.com\/index.php?rest_route=\/wp\/v2\/posts\/44587\/revisions"}],"wp:featuredmedia":[{"embeddable":true,"href":"https:\/\/economiapoliticacba.com\/index.php?rest_route=\/wp\/v2\/media\/44588"}],"wp:attachment":[{"href":"https:\/\/economiapoliticacba.com\/index.php?rest_route=%2Fwp%2Fv2%2Fmedia&parent=44587"}],"wp:term":[{"taxonomy":"category","embeddable":true,"href":"https:\/\/economiapoliticacba.com\/index.php?rest_route=%2Fwp%2Fv2%2Fcategories&post=44587"},{"taxonomy":"post_tag","embeddable":true,"href":"https:\/\/economiapoliticacba.com\/index.php?rest_route=%2Fwp%2Fv2%2Ftags&post=44587"}],"curies":[{"name":"wp","href":"https:\/\/api.w.org\/{rel}","templated":true}]}}