{"id":44554,"date":"2025-11-05T22:54:00","date_gmt":"2025-11-05T22:54:00","guid":{"rendered":"https:\/\/economiapoliticacba.com\/?p=44554"},"modified":"2025-11-05T22:54:00","modified_gmt":"2025-11-05T22:54:00","slug":"la-trastienda-de-la-reunion-de-milei-con-100-legisladores-invito-al-pro-en-medio-de-cruces-con-macri","status":"publish","type":"post","link":"https:\/\/economiapoliticacba.com\/?p=44554","title":{"rendered":"La trastienda de la reuni\u00f3n de Milei con 100 legisladores: invit\u00f3 al PRO en medio de cruces con Macri"},"content":{"rendered":"<p>El presidente <strong>Javier Milei<\/strong> reuni\u00f3 a m\u00e1s de <strong>100 diputados y senadores<\/strong>, entre los actuales y los electos, este mi\u00e9rcoles en el sal\u00f3n H\u00e9roes de Malvinas de la Casa Rosada. Detr\u00e1s del mensaje oficial sobre los lineamientos para el Congreso <a href=\"https:\/\/eleconomista.com.ar\/politica\/que-sabe-reformas-laboral-tributaria-codigo-penal-impulsa-milei-n90206\" target=\"_blank\" rel=\"noopener\">-presupuesto y reformas-<\/a> <mark class=\"marker-yellow\"><strong>sobresali\u00f3 la presencia de legisladores del PRO<\/strong><\/mark>, en una semana en la que <strong>Mauricio Macri<\/strong> marc\u00f3 sus diferencias con el oficialismo. Consultados por<strong> El Economista<\/strong>, varios de los presentes <mark class=\"marker-yellow\"><strong>descartaron la posibilidad de un interbloque<\/strong><\/mark> y detallaron el plan de trabajo trazado por el Presidente.<\/p>\n<p>Un legislador fiel al PRO se\u00f1al\u00f3 que &#8220;fue un encuentro de <strong>contenci\u00f3n de da\u00f1os con los suyos propios<\/strong>&#8220;. Pese a la participaci\u00f3n de miembros del partido amarillo, el objetivo fue &#8220;contener a los suyos propios para que no presenten iniciativas y eviten hablar de los proyectos porque a\u00fan no est\u00e1n terminados&#8221;. Asimismo, afirm\u00f3: <strong>&#8220;No se plante\u00f3 nada, pero no ser\u00edamos interbloque&#8221;<\/strong>.<\/p>\n<figure class=\"image\"><img loading=\"lazy\" width=\"100\" height=\"100\" class=\"cst_img\" src=\"http:\/\/economiapoliticacba.com\/wp-content\/uploads\/2025\/11\/la-trastienda-de-la-reunion-de-milei-con-100-legisladores-invito-al-pro-en-medio-de-cruces-con-macri.webp\" alt=\"Milei reuni\u00f3n 100 diputados y senadores Casa Rosada\"><figcaption>Milei durante el encuentro con m\u00e1s de 100 legisladores<\/figcaption><\/figure>\n<p>Los diputados <strong>Mart\u00edn Yeza y Silvia Lospennato<\/strong>, ambos con mandato hasta 2027 -a menos que ella renuncie para asumir en la Legislatura porte\u00f1a-, fueron dos de los rostros del PRO m\u00e1s puros que destacaron en la reuni\u00f3n. Tambi\u00e9n estuvieron presentes <strong>Fernando de Andreis y Javier S\u00e1nchez Wrba<\/strong>, recientemente electos.<\/p>\n<ul>\n<li>A la salida, De Andreis subray\u00f3 a los periodistas que &#8220;m\u00e1s all\u00e1 de algunas diferencias, el apoyo de Mauricio al rumbo est\u00e1 intacto&#8221;.<\/li>\n<\/ul>\n<p>Yeza se\u00f1al\u00f3 que el mensaje que se llev\u00f3 del encuentro fue que &#8220;presupuesto con equilibrio fiscal, reforma laboral y tributaria pueden ser el inicio de un nuevo paradigma en donde Argentina, despu\u00e9s de 20 a\u00f1os, puede volver a crear empleo, empresas y crecimiento econ\u00f3mico&#8221;. Asimismo, coment\u00f3 que el Presidente los invit\u00f3 para explicarles <strong>&#8220;su visi\u00f3n de lo hecho hasta ac\u00e1&#8221;<\/strong>, los pr\u00f3ximos pasos y c\u00f3mo lograr &#8220;que Argentina despegue econ\u00f3micamente&#8221;.<\/p>\n<div class=\"rela\">\n<div class=\"pic\"> <a href=\"https:\/\/eleconomista.com.ar\/politica\/que-sabe-reformas-laboral-tributaria-codigo-penal-impulsa-milei-n90206\" title=\"Qu\u00e9 se sabe de las reformas laboral, tributaria y del C\u00f3digo Penal que impulsa Milei\"><img src=\"http:\/\/economiapoliticacba.com\/wp-content\/uploads\/2025\/11\/la-trastienda-de-la-reunion-de-milei-con-100-legisladores-invito-al-pro-en-medio-de-cruces-con-macri-1.webp\" alt=\"Qu\u00e9 se sabe de las reformas laboral, tributaria y del C\u00f3digo Penal que impulsa Milei\" loading=\"lazy\"><\/a> <\/div><\/div>\n<p>Un legislador de La Libertad Avanza (LLA) ratific\u00f3 que <mark class=\"marker-yellow\"><strong>no hubo palabras dirigidas especialmente a los del PRO<\/strong><\/mark>: &#8220;Se habl\u00f3 a todos c\u00f3mo parte del mismo grupo&#8221;, dijo. &#8220;El encuentro fue muy positivo. Se habl\u00f3 de la agenda de las pr\u00f3ximas semanas y de los proyectos que se presentar\u00e1n&#8221;, a\u00f1adi\u00f3.<\/p>\n<div class=\"rela\">\n<div class=\"pic\"> <a href=\"https:\/\/eleconomista.com.ar\/politica\/el-discurso-karina-milei-busca-marcar-antes-despues-congreso-n90153\" title=\"El discurso de Karina Milei que busca marcar un antes y un despu\u00e9s en el Congreso\"><img src=\"http:\/\/economiapoliticacba.com\/wp-content\/uploads\/2025\/11\/la-trastienda-de-la-reunion-de-milei-con-100-legisladores-invito-al-pro-en-medio-de-cruces-con-macri-2.webp\" alt=\"El discurso de Karina Milei que busca marcar un antes y un despu\u00e9s en el Congreso\" loading=\"lazy\"><\/a> <\/div><\/div>\n<p>El diputado <strong>Pablo Cervi<\/strong> coincidi\u00f3 con esta apreciaci\u00f3n: &#8220;Interesante la reuni\u00f3n de hoy. Est\u00e1 claro que <strong>vamos a tener trabajo<\/strong> para avanzar en el presupuesto y en las reformas que plantee el Ejecutivo&#8221;. El &#8220;radical con peluca&#8221; asumir\u00e1 la banca de senador obtenida en la \u00faltima elecci\u00f3n, en la que compiti\u00f3 en la lista de LLA por Neuqu\u00e9n.<\/p>\n<p>Adem\u00e1s del apoyo que el Gobierno espera del PRO, un legislador subray\u00f3 que esperan aprobar los proyectos <strong>&#8220;con di\u00e1logo con gobernadores y los del centro&#8221;<\/strong>, tal como qued\u00f3 en evidencia en <a href=\"https:\/\/eleconomista.com.ar\/politica\/milei-reunio-20-gobernadores-casa-rosada-celebro-paso-importante-reformas-n90012\" target=\"_blank\" rel=\"noopener\">el encuentro del jueves con 20 mandatarios provinciales<\/a> del PRO, el radicalismo y el peronismo.<\/p>\n<p>En la reuni\u00f3n de este mi\u00e9rcoles por la ma\u00f1ana tambi\u00e9n hablaron <strong>Mart\u00edn Menem<\/strong>, presidente de la C\u00e1mara de Diputados, y <strong>Patricia Bullrich<\/strong>, senadora electa y <a href=\"https:\/\/eleconomista.com.ar\/politica\/bullrich-avanza-senado-cuestiona-macri-n90123\" target=\"_blank\" rel=\"noopener\">posible futura jefa de bloque de LLA en la C\u00e1mara alta<\/a>. Participaron adem\u00e1s <strong>Diego Santilli<\/strong>, flamante ministro del Interior; <strong>Cristian Ritondo<\/strong>, presidente de la bancada del PRO en la C\u00e1mara baja; <strong>Gabriel Bornoroni<\/strong>, jefe de bloque de LLA en Diputados; <strong>Luis Petri<\/strong>, actual ministro de Defensa y diputado electo; <strong>Karina Milei<\/strong>, secretaria general de la Presidencia; <strong>Bartolom\u00e9 Abdala<\/strong>, presidente provisional del Senado; y <strong>Ezequiel Atauche<\/strong>, presidente de la bancada de LLA en el Senado.<\/p>\n<figure class=\"image\"><img loading=\"lazy\" width=\"100\" height=\"100\" class=\"cst_img\" src=\"http:\/\/economiapoliticacba.com\/wp-content\/uploads\/2025\/11\/la-trastienda-de-la-reunion-de-milei-con-100-legisladores-invito-al-pro-en-medio-de-cruces-con-macri-3.webp\" alt=\"Milei reuni\u00f3n 100 diputados y senadores Casa Rosada\"><figcaption>Bornoroni, Ritondo, Santilli, Petri, Bullrich, Menem, Karina Milei, Abdala y Atauche<\/figcaption><\/figure>\n<p>El encuentro tuvo lugar un d\u00eda despu\u00e9s de <a href=\"https:\/\/eleconomista.com.ar\/politica\/el-discurso-karina-milei-busca-marcar-antes-despues-congreso-n90153\" target=\"_blank\" rel=\"noopener\">la reuni\u00f3n que encabez\u00f3 Karina Milei<\/a> con los diputados electos de LLA, en la que afirm\u00f3: &#8220;Estamos frente a un <strong>momento hist\u00f3rico<\/strong> donde el Congreso tendr\u00e1 un rol fundamental para acompa\u00f1ar las transformaciones que la Argentina necesita&#8221;.<\/p>\n<p>El contexto estuvo marcado, adem\u00e1s, por las declaraciones de <strong>Macri<\/strong>, quien el martes advirti\u00f3 que &#8220;el mundo ha vuelto a estar liderado por <a href=\"https:\/\/eleconomista.com.ar\/politica\/macri-lanza-nuevas-criticas-liderazgo-milei-son-narcisistas-escuchan-n90151\" target=\"_blank\" rel=\"noopener\">personalidades narcisistas que ni escuchan<\/a>&#8221; y d\u00edas antes hab\u00eda cuestionado la designaci\u00f3n de Manuel Adorni como jefe de Gabinete.<\/p>\n","protected":false},"excerpt":{"rendered":"<p>El presidente Javier Milei reuni\u00f3 a m\u00e1s de 100 diputados y senadores, entre los actuales y los electos, este mi\u00e9rcoles en el sal\u00f3n H\u00e9roes de Malvinas de la Casa Rosada. Detr\u00e1s del mensaje oficial sobre los lineamientos para el Congreso -presupuesto y reformas- sobresali\u00f3 la presencia de legisladores del PRO, en una semana en la [&hellip;]<\/p>\n","protected":false},"author":1,"featured_media":44555,"comment_status":"closed","ping_status":"closed","sticky":false,"template":"","format":"standard","meta":{"om_disable_all_campaigns":false,"_monsterinsights_skip_tracking":false,"_monsterinsights_sitenote_active":false,"_monsterinsights_sitenote_note":"","_monsterinsights_sitenote_category":0},"categories":[17,21],"tags":[],"aioseo_notices":[],"_links":{"self":[{"href":"https:\/\/economiapoliticacba.com\/index.php?rest_route=\/wp\/v2\/posts\/44554"}],"collection":[{"href":"https:\/\/economiapoliticacba.com\/index.php?rest_route=\/wp\/v2\/posts"}],"about":[{"href":"https:\/\/economiapoliticacba.com\/index.php?rest_route=\/wp\/v2\/types\/post"}],"author":[{"embeddable":true,"href":"https:\/\/economiapoliticacba.com\/index.php?rest_route=\/wp\/v2\/users\/1"}],"replies":[{"embeddable":true,"href":"https:\/\/economiapoliticacba.com\/index.php?rest_route=%2Fwp%2Fv2%2Fcomments&post=44554"}],"version-history":[{"count":0,"href":"https:\/\/economiapoliticacba.com\/index.php?rest_route=\/wp\/v2\/posts\/44554\/revisions"}],"wp:featuredmedia":[{"embeddable":true,"href":"https:\/\/economiapoliticacba.com\/index.php?rest_route=\/wp\/v2\/media\/44555"}],"wp:attachment":[{"href":"https:\/\/economiapoliticacba.com\/index.php?rest_route=%2Fwp%2Fv2%2Fmedia&parent=44554"}],"wp:term":[{"taxonomy":"category","embeddable":true,"href":"https:\/\/economiapoliticacba.com\/index.php?rest_route=%2Fwp%2Fv2%2Fcategories&post=44554"},{"taxonomy":"post_tag","embeddable":true,"href":"https:\/\/economiapoliticacba.com\/index.php?rest_route=%2Fwp%2Fv2%2Ftags&post=44554"}],"curies":[{"name":"wp","href":"https:\/\/api.w.org\/{rel}","templated":true}]}}