{"id":44546,"date":"2025-11-05T20:54:30","date_gmt":"2025-11-05T20:54:30","guid":{"rendered":"https:\/\/comercioyjusticia.info\/?p=488372"},"modified":"2025-11-05T20:54:30","modified_gmt":"2025-11-05T20:54:30","slug":"la-cgt-renovo-autoridades-los-dirigentes-que-integran-el-consejo-directivo","status":"publish","type":"post","link":"https:\/\/economiapoliticacba.com\/?p=44546","title":{"rendered":"La CGT renov\u00f3 autoridades: los dirigentes que integran el Consejo Directivo"},"content":{"rendered":"<div><img src=\"https:\/\/comercioyjusticia.info\/wp-content\/uploads\/2025\/11\/CGT.jpg\" class=\"ff-og-image-inserted\"><\/div>\n<p>La CGT vot\u00f3 este mi\u00e9rcoles al nuevo triunvirato de la central que estar\u00e1 compuesto por&nbsp;<strong>Jorge Sola<\/strong>&nbsp;(Seguro),&nbsp;<strong>Cristian Jer\u00f3nimo&nbsp;<\/strong>(Vidrio) y&nbsp;<strong>Octavio Arguello<\/strong>&nbsp;(Camioneros).<\/p>\n<p>As\u00ed lo definieron los dirigentes en el congreso que se llev\u00f3 a cabo en el estadio Obras, donde tambi\u00e9n se eligi\u00f3 a&nbsp;<strong>Andr\u00e9s Rodr\u00edguez<\/strong>, de UPCN, como secretario adjunto, y a&nbsp;<strong>Osvaldo Lobato<\/strong>&nbsp;como secretario gremial.<\/p>\n<p>El congreso hab\u00eda sido presidido por&nbsp;<strong>H\u00e9ctor Daer<\/strong>, cosecretario general saliente, y tuvo como anfitri\u00f3n a&nbsp;<strong>Oscar Lingeri<\/strong>, de Obras Sanitarias, quien durante el momentos de los discursos expres\u00f3 que en la central \u201cno somos kukas ni comunistas, somos peronistas\u201d.<\/p>\n<p>Antes de la votaci\u00f3n, el dirigente&nbsp;<strong>Luis Barrionuevo<\/strong>&nbsp;y el secretario general de la UTA,&nbsp;<strong>Roberto Fern\u00e1ndez<\/strong>, se retiraron disconformes con la decisi\u00f3n de la mayor\u00eda del comit\u00e9 central confederal elegir un nuevo triunvirato.<\/p>\n<p>Barrionuevo y otros gremios opositores a la conducci\u00f3n pujaban por volver a un unicato, con un solo secretario general en lugar de una mesa colegiada.<\/p>\n<p>La lista del nuevo consejo directivoAntes de la votaci\u00f3n, el dirigente&nbsp;<strong>Luis Barrionuevo<\/strong>&nbsp;y el secretario general de la UTA,&nbsp;<strong>Roberto Fern\u00e1ndez<\/strong>, se retiraron disconformes con la decisi\u00f3n de la mayor\u00eda del comit\u00e9 central confederal elegir un nuevo triunvirato.<\/p>\n<p>Barrionuevo y otros gremios opositores a la conducci\u00f3n pujaban por volver a un unicato, con un solo secretario general en lugar de una mesa colegiada.<\/p>\n<p><strong>La lista<\/strong><\/p>\n<p>En tanto, la Secretar\u00eda de Relaciones Internacionales fue de nuevo para&nbsp;<strong>Gerardo Mart\u00ednez<\/strong>&nbsp;(UOCRA), en tanto que Daer tendr\u00e1 la Secretar\u00eda de Interior.<\/p>\n<p>La Secretar\u00eda de Relaciones Institucionales, en tanto, ser\u00e1 para&nbsp;<strong>Daniel Lovera<\/strong>&nbsp;y&nbsp;<strong>Romina Santana<\/strong>, mientras que la Secretar\u00eda de Prensa y Comunicaci\u00f3n ser\u00e1 para<strong>&nbsp;Horacio Arreceygor<\/strong>&nbsp;y&nbsp;<strong>Susana Ben\u00edtez<\/strong>.<\/p>\n<p>Para la Secretar\u00eda de Seguridad Social se design\u00f3 a<strong>&nbsp;Hugo Ben\u00edtez&nbsp;<\/strong>y&nbsp;<strong>Romina S\u00e1nchez<\/strong>, y para la de Cultura a&nbsp;<strong>Miguel Paniagua&nbsp;<\/strong>y&nbsp;<strong>Mar\u00eda Bel\u00e9n Ratto<\/strong>.<\/p>\n<p>Completan la lista: Secretar\u00eda de Ciencia y T\u00e9cnica,&nbsp;<strong>Marina Jauribery<\/strong>&nbsp;y&nbsp;<strong>Hern\u00e1n Escudero<\/strong>; Secretar\u00eda Administrativa,&nbsp;<strong>Rosa Carmen Sorsaburu&nbsp;<\/strong>y&nbsp;<strong>Emilio Alberto Lamas<\/strong>; Secretar\u00eda de Vivienda,&nbsp;<strong>Sergio Sasia&nbsp;<\/strong>y Secretar\u00eda de Turismo Carlos Acu\u00f1a.<\/p>\n<p>La Secretar\u00eda de Acci\u00f3n Social fue para J<strong>os\u00e9 Luis Lingeri&nbsp;<\/strong>y&nbsp;<strong>Karina Navone<\/strong>, mientras en la Secretar\u00eda de Actas: fueron designados<strong>&nbsp;Enrique Lorenzo&nbsp;<\/strong>y<strong>&nbsp;Laura Fern\u00e1ndez<\/strong>, asi como&nbsp;<strong>Gast\u00f3n Frutos&nbsp;<\/strong>para la Secretar\u00eda de Finanzas.<\/p>\n<p>La Secretar\u00eda de Derechos Humanos fue para&nbsp;<strong>Julio Piumato<\/strong>&nbsp;y&nbsp;<strong>Maia Volcovinsky<\/strong>&nbsp;y la Secretar\u00eda de Igualdad de Oportunidades para&nbsp;<strong>Luna Villar<\/strong>, mientras&nbsp;<strong>Carla Gaudensi<\/strong>&nbsp;fue designada en la Secretar\u00eda de G\u00e9nero.<\/p>\n<p>La Secretar\u00eda de Asuntos Legislativos fue para&nbsp;<strong>Norberto Di Pr\u00f3spero<\/strong>&nbsp;y<strong>&nbsp;Elena Ferreyra<\/strong>, mientras la Secretar\u00eda de Pol\u00edticas Econ\u00f3micas y Sociales fue para&nbsp;<strong>Oscar Rojas<\/strong>.<\/p>\n<p>La Secretar\u00eda de Estad\u00edsticas y Registros fue para&nbsp;<strong>V\u00edctor Santa Mar\u00eda&nbsp;<\/strong>y&nbsp;<strong>Noem\u00ed Aida Germiniani<\/strong>.<\/p>\n<p><strong>El resto de los nombres<\/strong><\/p>\n<p>El resto del Consejo Directivo se compone de la siguiente manera:<\/p>\n<p><strong>Secretar\u00eda de Deportes:<\/strong>&nbsp;Juan Pablo Brey y Ver\u00f3nica Scarpato.<\/p>\n<p><strong>Secretar\u00eda de Defensa del Consumidor:<\/strong>&nbsp;Pablo Flores y Mar\u00eda Lorena Attinese.<\/p>\n<p><strong>Secretar\u00eda de Pol\u00edtica de Empleo:<\/strong>&nbsp;Juan Carlos Schmid y Yesica Daniela Gesteiro.<\/p>\n<p><strong>Secretar\u00eda de Formaci\u00f3n y Capacitaci\u00f3n:<\/strong>&nbsp;Argentino Geneiro.<\/p>\n<p><strong>Secretar\u00eda de Juventud:<\/strong>&nbsp;Sebasti\u00e1n Maturano y Lorena Noem\u00ed Sciorilli.<\/p>\n<p><strong>Secretar\u00eda de Protecci\u00f3n de la Ni\u00f1ez:<\/strong>&nbsp;Jos\u00e9 Voytenco y Natalia S\u00e1nchez Jauregui.<\/p>\n<p><strong>Secretar\u00eda de Salud Laboral:<\/strong>&nbsp;Nahuel Chancel y Danela Ayel\u00e9n Aguet.<\/p>\n<p><strong>Secretar\u00eda de Medio Ambiente, Cambio Clim\u00e1tico y Transici\u00f3n Justa:<\/strong>&nbsp;Jorge Manccini y Antonella Rucci.<\/p>\n<p><strong>Secretar\u00eda de Pol\u00edticas Educativas:&nbsp;<\/strong>Sergio Romero y Gilda Galucci.<\/p>\n<p><strong>Secretar\u00eda de Industria y Producci\u00f3n:<\/strong>&nbsp;Rodolfo Daer y Viviana C\u00f3rdoba.<\/p>\n<p><strong>Secretar\u00eda de Asuntos Municipales:&nbsp;<\/strong>Amadeo Genta y Graciela P\u00e9rez.<\/p>\n<p><strong>Secretar\u00eda de Asuntos Energ\u00e9ticos:&nbsp;<\/strong>Guillermo Roberto Moser y Mar\u00eda A. Rold\u00e1n Palomo.<\/p>\n<p><strong>Secretar\u00eda de Innovaci\u00f3n y Futuro del Trabajo:<\/strong>&nbsp;Carlos Bonjour y Vanesa N\u00fa\u00f1ez.<\/p>\n<p><strong>Secretar\u00eda de Infraestructura y Servicios P\u00fablicos:<\/strong>&nbsp;Guillermo Mangone y Noem\u00ed Teresa Pozo.<\/p>\n<p>En tanto, la Secretar\u00eda de Relaciones Internacionales fue de nuevo para&nbsp;<strong>Gerardo Mart\u00ednez<\/strong>&nbsp;(UOCRA), en tanto que Daer tendr\u00e1 la Secretar\u00eda de Interior.<\/p>\n<p>La Secretar\u00eda de Relaciones Institucionales, en tanto, ser\u00e1 para&nbsp;<strong>Daniel Lovera<\/strong>&nbsp;y&nbsp;<strong>Romina Santana<\/strong>, mientras que la Secretar\u00eda de Prensa y Comunicaci\u00f3n ser\u00e1 para<strong>&nbsp;Horacio Arreceygor<\/strong>&nbsp;y&nbsp;<strong>Susana Ben\u00edtez<\/strong>.<\/p>\n<p>Para la Secretar\u00eda de Seguridad Social se design\u00f3 a<strong>&nbsp;Hugo Ben\u00edtez&nbsp;<\/strong>y&nbsp;<strong>Romina S\u00e1nchez<\/strong>, y para la de Cultura a&nbsp;<strong>Miguel Paniagua&nbsp;<\/strong>y&nbsp;<strong>Mar\u00eda Bel\u00e9n Ratto<\/strong>.<\/p>\n<p>Completan la lista: Secretar\u00eda de Ciencia y T\u00e9cnica,&nbsp;<strong>Marina Jauribery<\/strong>&nbsp;y&nbsp;<strong>Hern\u00e1n Escudero<\/strong>; Secretar\u00eda Administrativa,&nbsp;<strong>Rosa Carmen Sorsaburu&nbsp;<\/strong>y&nbsp;<strong>Emilio Alberto Lamas<\/strong>; Secretar\u00eda de Vivienda,&nbsp;<strong>Sergio Sasia&nbsp;<\/strong>y Secretar\u00eda de Turismo Carlos Acu\u00f1a.<\/p>\n<p>La Secretar\u00eda de Acci\u00f3n Social fue para J<strong>os\u00e9 Luis Lingeri&nbsp;<\/strong>y&nbsp;<strong>Karina Navone<\/strong>, mientras en la Secretar\u00eda de Actas: fueron designados<strong>&nbsp;Enrique Lorenzo&nbsp;<\/strong>y<strong>&nbsp;Laura Fern\u00e1ndez<\/strong>, asi como&nbsp;<strong>Gast\u00f3n Frutos&nbsp;<\/strong>para la Secretar\u00eda de Finanzas.<\/p>\n<p>La Secretar\u00eda de Derechos Humanos fue para&nbsp;<strong>Julio Piumato<\/strong>&nbsp;y&nbsp;<strong>Maia Volcovinsky<\/strong>&nbsp;y la Secretar\u00eda de Igualdad de Oportunidades para&nbsp;<strong>Luna Villar<\/strong>, mientras&nbsp;<strong>Carla Gaudensi<\/strong>&nbsp;fue designada en la Secretar\u00eda de G\u00e9nero.<\/p>\n<p>La Secretar\u00eda de Asuntos Legislativos fue para&nbsp;<strong>Norberto Di Pr\u00f3spero<\/strong>&nbsp;y<strong>&nbsp;Elena Ferreyra<\/strong>, mientras la Secretar\u00eda de Pol\u00edticas Econ\u00f3micas y Sociales fue para&nbsp;<strong>Oscar Rojas<\/strong>.<\/p>\n<p>La Secretar\u00eda de Estad\u00edsticas y Registros fue para&nbsp;<strong>V\u00edctor Santa Mar\u00eda&nbsp;<\/strong>y&nbsp;<strong>Noem\u00ed Aida Germiniani<\/strong>.<\/p>\n<h2 class=\"wp-block-heading\">El resto de los nombres<\/h2>\n<p>El resto del Consejo Directivo se compone de la siguiente manera:<\/p>\n<p><strong>Secretar\u00eda de Deportes:<\/strong>&nbsp;Juan Pablo Brey y Ver\u00f3nica Scarpato.<\/p>\n<p><strong>Secretar\u00eda de Defensa del Consumidor:<\/strong>&nbsp;Pablo Flores y Mar\u00eda Lorena Attinese.<\/p>\n<p><strong>Secretar\u00eda de Pol\u00edtica de Empleo:<\/strong>&nbsp;Juan Carlos Schmid y Yesica Daniela Gesteiro.<\/p>\n<p><strong>Secretar\u00eda de Formaci\u00f3n y Capacitaci\u00f3n:<\/strong>&nbsp;Argentino Geneiro.<\/p>\n<p><strong>Secretar\u00eda de Juventud:<\/strong>&nbsp;Sebasti\u00e1n Maturano y Lorena Noem\u00ed Sciorilli.<\/p>\n<p><strong>Secretar\u00eda de Protecci\u00f3n de la Ni\u00f1ez:<\/strong>&nbsp;Jos\u00e9 Voytenco y Natalia S\u00e1nchez Jauregui.<\/p>\n<p><strong>Secretar\u00eda de Salud Laboral:<\/strong>&nbsp;Nahuel Chancel y Danela Ayel\u00e9n Aguet.<\/p>\n<p><strong>Secretar\u00eda de Medio Ambiente, Cambio Clim\u00e1tico y Transici\u00f3n Justa:<\/strong>&nbsp;Jorge Manccini y Antonella Rucci.<\/p>\n<p><strong>Secretar\u00eda de Pol\u00edticas Educativas:&nbsp;<\/strong>Sergio Romero y Gilda Galucci.<\/p>\n<p><strong>Secretar\u00eda de Industria y Producci\u00f3n:<\/strong>&nbsp;Rodolfo Daer y Viviana C\u00f3rdoba.<\/p>\n<p><strong>Secretar\u00eda de Asuntos Municipales:&nbsp;<\/strong>Amadeo Genta y Graciela P\u00e9rez.<\/p>\n<p><strong>Secretar\u00eda de Asuntos Energ\u00e9ticos:&nbsp;<\/strong>Guillermo Roberto Moser y Mar\u00eda A. Rold\u00e1n Palomo.<\/p>\n<p><strong>Secretar\u00eda de Innovaci\u00f3n y Futuro del Trabajo:<\/strong>&nbsp;Carlos Bonjour y Vanesa N\u00fa\u00f1ez.<\/p>\n<p><strong>Secretar\u00eda de Infraestructura y Servicios P\u00fablicos:<\/strong>&nbsp;Guillermo Mangone y Noem\u00ed Teresa Pozo.<\/p>\n","protected":false},"excerpt":{"rendered":"<p>La CGT vot\u00f3 este mi\u00e9rcoles al nuevo triunvirato de la central que estar\u00e1 compuesto por&nbsp;Jorge Sola&nbsp;(Seguro),&nbsp;Cristian Jer\u00f3nimo&nbsp;(Vidrio) y&nbsp;Octavio Arguello&nbsp;(Camioneros). As\u00ed lo definieron los dirigentes en el congreso que se llev\u00f3 a cabo en el estadio Obras, donde tambi\u00e9n se eligi\u00f3 a&nbsp;Andr\u00e9s Rodr\u00edguez, de UPCN, como secretario adjunto, y a&nbsp;Osvaldo Lobato&nbsp;como secretario gremial. El congreso hab\u00eda [&hellip;]<\/p>\n","protected":false},"author":1,"featured_media":44547,"comment_status":"open","ping_status":"closed","sticky":false,"template":"","format":"standard","meta":{"om_disable_all_campaigns":false,"_monsterinsights_skip_tracking":false,"_monsterinsights_sitenote_active":false,"_monsterinsights_sitenote_note":"","_monsterinsights_sitenote_category":0},"categories":[17,21],"tags":[],"aioseo_notices":[],"_links":{"self":[{"href":"https:\/\/economiapoliticacba.com\/index.php?rest_route=\/wp\/v2\/posts\/44546"}],"collection":[{"href":"https:\/\/economiapoliticacba.com\/index.php?rest_route=\/wp\/v2\/posts"}],"about":[{"href":"https:\/\/economiapoliticacba.com\/index.php?rest_route=\/wp\/v2\/types\/post"}],"author":[{"embeddable":true,"href":"https:\/\/economiapoliticacba.com\/index.php?rest_route=\/wp\/v2\/users\/1"}],"replies":[{"embeddable":true,"href":"https:\/\/economiapoliticacba.com\/index.php?rest_route=%2Fwp%2Fv2%2Fcomments&post=44546"}],"version-history":[{"count":0,"href":"https:\/\/economiapoliticacba.com\/index.php?rest_route=\/wp\/v2\/posts\/44546\/revisions"}],"wp:featuredmedia":[{"embeddable":true,"href":"https:\/\/economiapoliticacba.com\/index.php?rest_route=\/wp\/v2\/media\/44547"}],"wp:attachment":[{"href":"https:\/\/economiapoliticacba.com\/index.php?rest_route=%2Fwp%2Fv2%2Fmedia&parent=44546"}],"wp:term":[{"taxonomy":"category","embeddable":true,"href":"https:\/\/economiapoliticacba.com\/index.php?rest_route=%2Fwp%2Fv2%2Fcategories&post=44546"},{"taxonomy":"post_tag","embeddable":true,"href":"https:\/\/economiapoliticacba.com\/index.php?rest_route=%2Fwp%2Fv2%2Ftags&post=44546"}],"curies":[{"name":"wp","href":"https:\/\/api.w.org\/{rel}","templated":true}]}}