{"id":44500,"date":"2025-11-04T20:55:00","date_gmt":"2025-11-04T20:55:00","guid":{"rendered":"https:\/\/comercioyjusticia.info\/?p=488251"},"modified":"2025-11-04T20:55:00","modified_gmt":"2025-11-04T20:55:00","slug":"medicos-del-garrahan-sobre-el-historico-aumento-salarial-del-61-ganamos-una-causa-nacional","status":"publish","type":"post","link":"https:\/\/economiapoliticacba.com\/?p=44500","title":{"rendered":"M\u00e9dicos del Garrahan sobre el hist\u00f3rico aumento salarial del 61%: \u201cGanamos una causa nacional\u201d"},"content":{"rendered":"<div><img src=\"https:\/\/comercioyjusticia.info\/wp-content\/uploads\/2022\/10\/hospital-Garrahan.jpg\" class=\"ff-og-image-inserted\"><\/div>\n<p>Los trabajadores del Hospital Garrahan, nucleados en la Asociaci\u00f3n de Profesionales y T\u00e9cnicos (APyT) se refirieron al aumento salarial del 61% que anunci\u00f3 la direcci\u00f3n de la instituci\u00f3n y aseguraron que es producto de \u201chaber ganado una causa nacional\u201d.<\/p>\n<p>Mediante un comunicado, la secretaria general de APyT y nutricionista infantil, Norma Lezana, manifest\u00f3 que dicha recomposici\u00f3n \u201ces un reconocimiento a un verdadero movimiento social\u201d que defendi\u00f3 tanto a la instituci\u00f3n como a las infancias que all\u00ed se tratan.<\/p>\n<p>\u201cAunque no se formalice la aplicaci\u00f3n de la Ley de Emergencia en Pediatr\u00eda, ya que se aproxima el c\u00e1lculo que hab\u00edamos realizado y que se desprend\u00eda de la ley promulgada. Para nosotros es un reconocimiento al movimiento social que logramos construir, junto a familiares, organizaciones sociales, de salud, de derechos humanos, y un pueblo que en definitiva defendi\u00f3 junto a nosotros, como equipo de salud, el hospital pedi\u00e1trico que es patrimonio de todo nuestro pueblo y un orgullo nacional. Estamos felices por lo que conseguimos con una lucha enorme\u201d, se\u00f1al\u00f3.<\/p>\n<p>Asimismo, record\u00f3 que, durante casi los dos a\u00f1os de gesti\u00f3n del presidente Javier Milei, hubo \u201ccampa\u00f1as de desinformaci\u00f3n, fake news e intentos de amedrentamiento\u201d que lograron \u201cderrotar\u201d e, incluso, pudieron ir en contra de la \u201cinsensibilidad\u201d que mostraron muchos funcionarios.<\/p>\n<p>Para finalizar, remarc\u00f3 que la justicia \u201cse termina materializando\u201d por el esfuerzo que se logr\u00f3 de manera colectiva y, ahora, resta \u201cesperar que se efectivice\u201d lo que se inform\u00f3 desde la direcci\u00f3n del Hospital.<\/p>\n<p>\u201cEsperamos que se cumpla en todos los t\u00e9rminos. Desde ya, agradecerle a familiares y a todos los que hicieron parte de este reclamo hist\u00f3rico, que abarcar un antes y un despu\u00e9s en la defensa del Hospital Garrahan y de la lucha por la salud p\u00fablica\u201d, concluy\u00f3 Lezana.<\/p>\n","protected":false},"excerpt":{"rendered":"<p>Los trabajadores del Hospital Garrahan, nucleados en la Asociaci\u00f3n de Profesionales y T\u00e9cnicos (APyT) se refirieron al aumento salarial del 61% que anunci\u00f3 la direcci\u00f3n de la instituci\u00f3n y aseguraron que es producto de \u201chaber ganado una causa nacional\u201d. Mediante un comunicado, la secretaria general de APyT y nutricionista infantil, Norma Lezana, manifest\u00f3 que dicha [&hellip;]<\/p>\n","protected":false},"author":1,"featured_media":44501,"comment_status":"open","ping_status":"closed","sticky":false,"template":"","format":"standard","meta":{"om_disable_all_campaigns":false,"_monsterinsights_skip_tracking":false,"_monsterinsights_sitenote_active":false,"_monsterinsights_sitenote_note":"","_monsterinsights_sitenote_category":0},"categories":[21],"tags":[],"aioseo_notices":[],"_links":{"self":[{"href":"https:\/\/economiapoliticacba.com\/index.php?rest_route=\/wp\/v2\/posts\/44500"}],"collection":[{"href":"https:\/\/economiapoliticacba.com\/index.php?rest_route=\/wp\/v2\/posts"}],"about":[{"href":"https:\/\/economiapoliticacba.com\/index.php?rest_route=\/wp\/v2\/types\/post"}],"author":[{"embeddable":true,"href":"https:\/\/economiapoliticacba.com\/index.php?rest_route=\/wp\/v2\/users\/1"}],"replies":[{"embeddable":true,"href":"https:\/\/economiapoliticacba.com\/index.php?rest_route=%2Fwp%2Fv2%2Fcomments&post=44500"}],"version-history":[{"count":0,"href":"https:\/\/economiapoliticacba.com\/index.php?rest_route=\/wp\/v2\/posts\/44500\/revisions"}],"wp:featuredmedia":[{"embeddable":true,"href":"https:\/\/economiapoliticacba.com\/index.php?rest_route=\/wp\/v2\/media\/44501"}],"wp:attachment":[{"href":"https:\/\/economiapoliticacba.com\/index.php?rest_route=%2Fwp%2Fv2%2Fmedia&parent=44500"}],"wp:term":[{"taxonomy":"category","embeddable":true,"href":"https:\/\/economiapoliticacba.com\/index.php?rest_route=%2Fwp%2Fv2%2Fcategories&post=44500"},{"taxonomy":"post_tag","embeddable":true,"href":"https:\/\/economiapoliticacba.com\/index.php?rest_route=%2Fwp%2Fv2%2Ftags&post=44500"}],"curies":[{"name":"wp","href":"https:\/\/api.w.org\/{rel}","templated":true}]}}