{"id":44498,"date":"2025-11-04T22:00:00","date_gmt":"2025-11-04T22:00:00","guid":{"rendered":"https:\/\/comercioyjusticia.info\/?p=488248"},"modified":"2025-11-04T22:00:00","modified_gmt":"2025-11-04T22:00:00","slug":"guido-giana-es-el-nuevo-viceministro-de-salud-nacional-tras-la-renuncia-de-loccisano","status":"publish","type":"post","link":"https:\/\/economiapoliticacba.com\/?p=44498","title":{"rendered":"Guido Giana es el nuevo viceministro de Salud nacional, tras la renuncia de Loccisano"},"content":{"rendered":"<div><img src=\"https:\/\/comercioyjusticia.info\/wp-content\/uploads\/2025\/11\/guido-giana.jpg\" class=\"ff-og-image-inserted\"><\/div>\n<p>El <strong>Gobierno nacional oficializ\u00f3 el nuevo viceministro de Salud.<\/strong> Se trata del ingeniero<strong> Guido Giana<\/strong> quien reemplazar\u00e1 a la saliente doctora Mar\u00eda Cecilia Loccisano.<\/p>\n<p>La medida fue formalizada mediante el Decreto 783\/2025, publicado en el Bolet\u00edn Oficial, y lleva las firmas del presidente Javier Milei y del ministro de Salud, Mario Lugones.<\/p>\n<p>Giana, descrito como especialista en gesti\u00f3n administrativa, <strong>asume sus funciones tras la renuncia de Loccisano<\/strong> quien ocupaba el cargo desde hace m\u00e1s de un a\u00f1o.<\/p>\n<p>La doctora Loccisano era la funcionaria responsable de \u00e1reas clave dentro de la cartera sanitaria, incluyendo la administraci\u00f3n de recursos, la coordinaci\u00f3n interna y la gesti\u00f3n presupuestaria del ministerio.<br \/>El decreto establece su cese de funciones sin detallar motivos expl\u00edcitos m\u00e1s all\u00e1 de la designaci\u00f3n de su reemplazante.<\/p>\n<p>Fuentes del Ministerio de Salud enmarcaron el cambio como una decisi\u00f3n orientada a \u201cfortalecer la capacidad de gesti\u00f3n y optimizar el uso de los recursos en pos de las pol\u00edticas sanitarias estrat\u00e9gicas\u201d. Esta justificaci\u00f3n se produce en un contexto de declarada \u201cactualizaci\u00f3n de estructuras y prioridades\u201d dentro de la jurisdicci\u00f3n que conduce el ministro Lugones.&nbsp;Giana proviene del macrismo. <\/p>\n<p>Fue gerente Econ\u00f3mico-Financiero del INSSJP\u2013PAMI durante la gesti\u00f3n de Macri, pas\u00f3 por el Ministerio de Desarrollo Econ\u00f3mico del Gobierno de la Ciudad de Buenos Aires y cuenta con experiencia en el sector privado. <strong>Responde al asesor presidencial Santiago Caputo.<\/strong><\/p>\n","protected":false},"excerpt":{"rendered":"<p>El Gobierno nacional oficializ\u00f3 el nuevo viceministro de Salud. Se trata del ingeniero Guido Giana quien reemplazar\u00e1 a la saliente doctora Mar\u00eda Cecilia Loccisano. La medida fue formalizada mediante el Decreto 783\/2025, publicado en el Bolet\u00edn Oficial, y lleva las firmas del presidente Javier Milei y del ministro de Salud, Mario Lugones. Giana, descrito como [&hellip;]<\/p>\n","protected":false},"author":1,"featured_media":44499,"comment_status":"open","ping_status":"closed","sticky":false,"template":"","format":"standard","meta":{"om_disable_all_campaigns":false,"_monsterinsights_skip_tracking":false,"_monsterinsights_sitenote_active":false,"_monsterinsights_sitenote_note":"","_monsterinsights_sitenote_category":0},"categories":[21],"tags":[],"aioseo_notices":[],"_links":{"self":[{"href":"https:\/\/economiapoliticacba.com\/index.php?rest_route=\/wp\/v2\/posts\/44498"}],"collection":[{"href":"https:\/\/economiapoliticacba.com\/index.php?rest_route=\/wp\/v2\/posts"}],"about":[{"href":"https:\/\/economiapoliticacba.com\/index.php?rest_route=\/wp\/v2\/types\/post"}],"author":[{"embeddable":true,"href":"https:\/\/economiapoliticacba.com\/index.php?rest_route=\/wp\/v2\/users\/1"}],"replies":[{"embeddable":true,"href":"https:\/\/economiapoliticacba.com\/index.php?rest_route=%2Fwp%2Fv2%2Fcomments&post=44498"}],"version-history":[{"count":0,"href":"https:\/\/economiapoliticacba.com\/index.php?rest_route=\/wp\/v2\/posts\/44498\/revisions"}],"wp:featuredmedia":[{"embeddable":true,"href":"https:\/\/economiapoliticacba.com\/index.php?rest_route=\/wp\/v2\/media\/44499"}],"wp:attachment":[{"href":"https:\/\/economiapoliticacba.com\/index.php?rest_route=%2Fwp%2Fv2%2Fmedia&parent=44498"}],"wp:term":[{"taxonomy":"category","embeddable":true,"href":"https:\/\/economiapoliticacba.com\/index.php?rest_route=%2Fwp%2Fv2%2Fcategories&post=44498"},{"taxonomy":"post_tag","embeddable":true,"href":"https:\/\/economiapoliticacba.com\/index.php?rest_route=%2Fwp%2Fv2%2Ftags&post=44498"}],"curies":[{"name":"wp","href":"https:\/\/api.w.org\/{rel}","templated":true}]}}