{"id":44496,"date":"2025-11-04T22:35:58","date_gmt":"2025-11-04T22:35:58","guid":{"rendered":"https:\/\/comercioyjusticia.info\/?p=488242"},"modified":"2025-11-04T22:35:58","modified_gmt":"2025-11-04T22:35:58","slug":"crean-en-cordoba-una-carrera-universitaria-para-formar-profesionales-contra-el-narcotrafico-y-narcomenudeo","status":"publish","type":"post","link":"https:\/\/economiapoliticacba.com\/?p=44496","title":{"rendered":"Crean en C\u00f3rdoba una carrera universitaria para formar profesionales contra el narcotr\u00e1fico y narcomenudeo"},"content":{"rendered":"<div><img src=\"https:\/\/comercioyjusticia.info\/wp-content\/uploads\/2025\/11\/Carrera-Narcotrafico.jpg\" class=\"ff-og-image-inserted\"><\/div>\n<p><em>Se trata de una licenciatura in\u00e9dita en el pa\u00eds, nace de un convenio entre la Universidad Provincial de C\u00f3rdoba y el Ministerio P\u00fablico Fiscal. Comenzar\u00e1 en 2026. \u201cEs la primera vez que una fuerza de seguridad se forma dentro de una universidad\u201d, dijo la rectora Julisa Oliva C\u00faneo<\/em><\/p>\n<p>C\u00f3rdoba tendr\u00e1 la <strong>primera Licenciatura en Seguridad P\u00fablica y Abordaje del Narcotr\u00e1fi<\/strong>co, formar\u00e1 a los futuros integrantes de una fuerza policial dentro del \u00e1mbito universitario.<\/p>\n<p>Ser\u00e1 dictada por la <strong>Universidad Provincial de C\u00f3rdoba (UPC<\/strong>) y estar\u00e1 d<em>irigida a civiles seleccionados para integrar la Fuerza Policial Antinarcotr\u00e1fico (FPA) a partir de 2026.<\/em><\/p>\n<p>La nueva carrera <strong>in\u00e9dita en el pa\u00eds<\/strong> nace de un <strong>convenio entre la <a href=\"https:\/\/www.upc.edu.ar\/\">UPC<\/a> y el <\/strong><a href=\"https:\/\/www.mpfcordoba.gob.ar\/\"><strong>Ministerio P\u00fablico Fiscal (MPF<\/strong>).<\/a><\/p>\n<p>Esta propuesta acad\u00e9mica incluye una titulaci\u00f3n intermedia de T\u00e9cnico en Seguridad P\u00fablica y Abordaje del Narcomenudeo.<\/p>\n<p>El convenio fue suscripto por la rectora Julia Oliva C\u00faneo, el fiscal General Juan Manuel Delgado y el fiscal General Adjunto H\u00e9ctor Ren\u00e9 David.<\/p>\n<p>\u201c<strong>Es la primera vez que una fuerza de seguridad se forma dentro de una universidad<\/strong>. Las fuerzas policiales y militares tradicionalmente se preparan en sus propias escuelas, pero este modelo marca un cambio de paradigma: los futuros agentes estudiar\u00e1n junto a otros ciudadanos, en aulas universitarias, combinando formaci\u00f3n te\u00f3rica con pr\u00e1cticas espec\u00edficas en la base de la FPA\u201d, destac\u00f3 la <strong>rectora Julia Oliva C\u00faneo.<\/strong><\/p>\n<p><strong>Orientaci\u00f3n in\u00e9dita<\/strong><\/p>\n<p>La funcionaria explic\u00f3 que la tecnicatura tendr\u00e1 un enfoque en narcomenudeo, mientras que la licenciatura profundizar\u00e1 en narcotr\u00e1fico, \u201cuna orientaci\u00f3n que no existe en ninguna otra carrera del pa\u00eds\u201d.&nbsp;<\/p>\n<p>Adem\u00e1s, confirm\u00f3 que en 2026 la cohorte ser\u00e1 exclusiva para la FPA, pero que \u201cdada la expectativa que genera, se eval\u00faa abrir en el futuro una versi\u00f3n para otros perfiles civiles vinculados a la gesti\u00f3n p\u00fablica o al campo de la seguridad ciudadana\u201d.<\/p>\n<p>\u201cAcompa\u00f1amos el fortalecimiento de las herramientas del Estado para atender problem\u00e1ticas sociales. Por eso asumimos el compromiso de formar a las fuerzas de seguridad de la democracia con capacidad cr\u00edtica, \u00e9tica y con respeto a los derechos humanos\u201d, agreg\u00f3 Oliva C\u00faneo.<\/p>\n<p>Por su parte, el<strong> fiscal General Juan Manuel Delgado<\/strong> se\u00f1al\u00f3 que \u201cla ocupaci\u00f3n territorial del narcotr\u00e1fico es inversamente proporcional a la paz social\u201d y valor\u00f3 la \u201carmon\u00eda institucional\u201d que permiti\u00f3 concretar el proyecto.<\/p>\n<p>\u201cPara nosotros esto es un salto de calidad. Este acuerdo no s\u00f3lo formaliza una voluntad, sino que <strong>consolida un nuevo modelo de formaci\u00f3n p\u00fablica\u201d, <\/strong>agreg\u00f3.<\/p>\n<p>Tambi\u00e9n participaron el jefe de la FPA, Camilo Lassaga; el secretario de Justicia, Leandro Goria; y autoridades de la casa de altos estudios.<\/p>\n<p><strong>Cambio de paradigma<\/strong><\/p>\n<p>La licenciatura ser\u00e1 implementada por el Instituto de Gesti\u00f3n e Innovaci\u00f3n Tecnol\u00f3gica y Productiva (IGTP) de la universidad, en articulaci\u00f3n con la Escuela de Formaci\u00f3n y Capacitaci\u00f3n de la FPA.&nbsp;<\/p>\n<p>Se conformar\u00e1 adem\u00e1s una Comisi\u00f3n de Seguimiento y Evaluaci\u00f3n, integrada por representantes de ambas instituciones, para garantizar la calidad acad\u00e9mica y curricular del proceso.<\/p>\n<p>\u201cEl convenio establece que la carrera deber\u00e1 regirse por los m\u00e1s altos est\u00e1ndares de formaci\u00f3n profesional, \u00e9tica y cient\u00edfica, en l\u00ednea con la Ley de Educaci\u00f3n Superior, el Consejo Interuniversitario Nacional (CIN) y las pol\u00edticas provinciales de seguridad p\u00fablica\u201d, informaron desde la universidad.<\/p>\n<p>Seg\u00fan adelantaron, la iniciativa busca superar los modelos tradicionales de instrucci\u00f3n policial, promoviendo una formaci\u00f3n cr\u00edtica, integral y democr\u00e1tica, que contemple las dimensiones sociales, territoriales y culturales del narcotr\u00e1fico.<\/p>\n","protected":false},"excerpt":{"rendered":"<p>Se trata de una licenciatura in\u00e9dita en el pa\u00eds, nace de un convenio entre la Universidad Provincial de C\u00f3rdoba y el Ministerio P\u00fablico Fiscal. Comenzar\u00e1 en 2026. \u201cEs la primera vez que una fuerza de seguridad se forma dentro de una universidad\u201d, dijo la rectora Julisa Oliva C\u00faneo C\u00f3rdoba tendr\u00e1 la primera Licenciatura en Seguridad [&hellip;]<\/p>\n","protected":false},"author":1,"featured_media":44497,"comment_status":"open","ping_status":"closed","sticky":false,"template":"","format":"standard","meta":{"om_disable_all_campaigns":false,"_monsterinsights_skip_tracking":false,"_monsterinsights_sitenote_active":false,"_monsterinsights_sitenote_note":"","_monsterinsights_sitenote_category":0},"categories":[21],"tags":[],"aioseo_notices":[],"_links":{"self":[{"href":"https:\/\/economiapoliticacba.com\/index.php?rest_route=\/wp\/v2\/posts\/44496"}],"collection":[{"href":"https:\/\/economiapoliticacba.com\/index.php?rest_route=\/wp\/v2\/posts"}],"about":[{"href":"https:\/\/economiapoliticacba.com\/index.php?rest_route=\/wp\/v2\/types\/post"}],"author":[{"embeddable":true,"href":"https:\/\/economiapoliticacba.com\/index.php?rest_route=\/wp\/v2\/users\/1"}],"replies":[{"embeddable":true,"href":"https:\/\/economiapoliticacba.com\/index.php?rest_route=%2Fwp%2Fv2%2Fcomments&post=44496"}],"version-history":[{"count":0,"href":"https:\/\/economiapoliticacba.com\/index.php?rest_route=\/wp\/v2\/posts\/44496\/revisions"}],"wp:featuredmedia":[{"embeddable":true,"href":"https:\/\/economiapoliticacba.com\/index.php?rest_route=\/wp\/v2\/media\/44497"}],"wp:attachment":[{"href":"https:\/\/economiapoliticacba.com\/index.php?rest_route=%2Fwp%2Fv2%2Fmedia&parent=44496"}],"wp:term":[{"taxonomy":"category","embeddable":true,"href":"https:\/\/economiapoliticacba.com\/index.php?rest_route=%2Fwp%2Fv2%2Fcategories&post=44496"},{"taxonomy":"post_tag","embeddable":true,"href":"https:\/\/economiapoliticacba.com\/index.php?rest_route=%2Fwp%2Fv2%2Ftags&post=44496"}],"curies":[{"name":"wp","href":"https:\/\/api.w.org\/{rel}","templated":true}]}}