{"id":44464,"date":"2025-11-03T22:12:00","date_gmt":"2025-11-03T22:12:00","guid":{"rendered":"https:\/\/economiapoliticacba.com\/?p=44464"},"modified":"2025-11-03T22:12:00","modified_gmt":"2025-11-03T22:12:00","slug":"bullrich-avanza-en-el-senado-y-cuestiona-a-macri","status":"publish","type":"post","link":"https:\/\/economiapoliticacba.com\/?p=44464","title":{"rendered":"Bullrich avanza en el Senado y cuestiona a Macri"},"content":{"rendered":"<p><strong>Patricia Bullrich<\/strong> podr\u00eda convertirse en <strong>jefa del bloque de La Libertad Avanza<\/strong> (LLA) en el <strong>Senado <\/strong>-en reemplazo de Ezequiel Atauche- o en <strong>presidenta provisional<\/strong> -en lugar de Bartolom\u00e9 Abdala-. Aunque faltan precisiones sobre su rol, lo cierto es que <mark class=\"marker-yellow\"><strong>Bullrich se perfila para ocupar un lugar destacado en la C\u00e1mara alta<\/strong><\/mark>. Su asunci\u00f3n se dar\u00e1 luego de consolidarse como una figura clave del Gobierno y obtener el <strong>50,32%<\/strong> de los votos en la ciudad de Buenos Aires.<\/p>\n<p><mark class=\"marker-yellow\"><strong>&#8220;No he hablado todav\u00eda de nada que tenga que ver con cargos. Voy como una senadora m\u00e1s y despu\u00e9s discutiremos el lugar de cada uno. No voy con ninguna coronita&#8221;<\/strong><\/mark>, sostuvo la ministra. Desde su entorno se\u00f1alaron que todav\u00eda no saben qu\u00e9 rol tendr\u00e1 en el Senado ni si conservar\u00e1 influencia en Seguridad.<\/p>\n<p>Su fortalecimiento se reflej\u00f3 en el reciente <a href=\"https:\/\/eleconomista.com.ar\/politica\/la-libertad-avanza-suma-siete-diputados-pro-quienes-son-quien-responden-n90048\" target=\"_blank\" rel=\"noopener\"><strong>traspaso de siete diputados del PRO al bloque de LLA<\/strong><\/a>, todos alineados con su figura. Con ese movimiento, Bullrich debilit\u00f3 al partido que presidi\u00f3 entre 2020 y 2024 y que abandon\u00f3 en mayo para afiliarse formalmente al espacio libertario. De todos modos, los cinco legisladores que ya integraban la C\u00e1mara actuaban, en los hechos, alineados con LLA.<\/p>\n<p>El distanciamiento con <strong>Mauricio Macri<\/strong> tambi\u00e9n qued\u00f3 en evidencia m\u00e1s all\u00e1 de este movimiento. Luego de que el expresidente calificara como &#8220;desacertada&#8221; la designaci\u00f3n de <a href=\"https:\/\/eleconomista.com.ar\/politica\/a-trabajar-todos-milei-relanza-su-gabinete-apunta-congreso-n90109\" target=\"_blank\" rel=\"noopener\">Manuel Adorni como jefe de Gabinete<\/a>, Bullrich respondi\u00f3 en forma cr\u00edtica: &#8220;El tuit dice qui\u00e9n tiene que ser jefe de Gabinete. \u00bf[Horacio] Mar\u00edn, que est\u00e1 haciendo un trabajo extraordinario en YPF? Para no entrar en cr\u00edticas a Macri, que no es mi inter\u00e9s, \u00bfqu\u00e9 har\u00eda yo? Reuniones privadas, <mark class=\"marker-yellow\"><strong>di\u00e1logo privado, es di\u00e1logo privado. Yo no lo har\u00eda p\u00fablico.<\/strong><\/mark> No me parece que sirva hacer p\u00fablico ese di\u00e1logo&#8221;, cuestion\u00f3 en declaraciones televisivas.<\/p>\n<div class=\"rela\">\n<div class=\"pic\"> <a href=\"https:\/\/eleconomista.com.ar\/politica\/la-libertad-avanza-suma-siete-diputados-pro-quienes-son-quien-responden-n90048\" title=\"La Libertad Avanza suma siete diputados del PRO: qui\u00e9nes son y a qui\u00e9n responden\"><img src=\"http:\/\/economiapoliticacba.com\/wp-content\/uploads\/2025\/11\/bullrich-avanza-en-el-senado-y-cuestiona-a-macri.webp\" alt=\"La Libertad Avanza suma siete diputados del PRO: qui\u00e9nes son y a qui\u00e9n responden\" loading=\"lazy\"><\/a> <\/div><\/div>\n<figure class=\"image\"><img loading=\"lazy\" width=\"100\" height=\"100\" class=\"cst_img\" src=\"http:\/\/economiapoliticacba.com\/wp-content\/uploads\/2025\/11\/bullrich-avanza-en-el-senado-y-cuestiona-a-macri-1.webp\" alt=\"Tuit Macri\"><figcaption>El tuit de Macri tras la designaci\u00f3n de Adorni en la Jefatura de Gabinete<\/figcaption><\/figure>\n<ul>\n<li>En el Gabinete, su lugar ser\u00eda ocupado por Alejandra Monteoliva, actual secretaria de Seguridad Nacional.<\/li>\n<\/ul>\n<p>Sea cual sea el rol que asuma Bullrich a partir del 10 de diciembre, <a href=\"https:\/\/eleconomista.com.ar\/politica\/la-derrota-silenciosa-villarruel-convivencia-forzada-bullrich-n89880\" target=\"_blank\" rel=\"noopener\"><strong>deber\u00e1 convivir con Victoria Villarruel<\/strong><\/a>, presidenta del Senado, con quien mantuvo un fuerte enfrentamiento meses atr\u00e1s. En aquel momento, la ministra la hab\u00eda acusado de ser &#8220;c\u00f3mplice del kirchnerismo&#8221; y Villarruel le respondi\u00f3 recordando su paso por las &#8220;orgas terroristas&#8221; y su tendencia a &#8220;pulular de partido en partido&#8221;. Consultada recientemente en Radio Rivadavia, Bullrich sostuvo que <strong>su &#8220;intenci\u00f3n es tener una relaci\u00f3n institucional&#8221;<\/strong>.<\/p>\n<p><a href=\"https:\/\/eleconomista.com.ar\/politica\/bullrich-unio-fuerzas-cielo-que-queda-pro-n84467\" target=\"_blank\" rel=\"noopener\">El historial de la ministra exhibe su ambici\u00f3n.<\/a> <strong>&#8220;Prioriz\u00f3, una vez m\u00e1s, su infinita vocaci\u00f3n de poder&#8221;<\/strong>, hab\u00eda dicho Macri cuando Bullrich salt\u00f3 a LLA. En julio, durante las negociaciones entre el PRO y LLA por una eventual alianza electoral, dirigentes del partido amarillo advert\u00edan que no era conveniente para LLA que Bullrich obtuviera m\u00e1s de 45 puntos en la ciudad. &#8220;Les crece mucho Patricia y eso para el Gobierno no es bueno&#8221;, hab\u00edan dicho. Finalmente, el 26 de octubre obtuvo su banca con m\u00e1s de la mitad de los votos emitidos en territorio porte\u00f1o.<\/p>\n<div class=\"rela\">\n<div class=\"pic\"> <a href=\"https:\/\/eleconomista.com.ar\/politica\/tiene-haber-candidato-violeta-valenzuela-abre-juego-2027-descarta-una-paso-santilli-n90043\" title=\"&quot;Tiene que haber un candidato violeta&quot;: Valenzuela abre el juego para 2027 y no descarta una PASO con Santilli\"><img src=\"http:\/\/economiapoliticacba.com\/wp-content\/uploads\/2025\/11\/bullrich-avanza-en-el-senado-y-cuestiona-a-macri-2.webp\" alt=\"&quot;Tiene que haber un candidato violeta&quot;: Valenzuela abre el juego para 2027 y no descarta una PASO con Santilli\" loading=\"lazy\"><\/a> <\/div><\/div>\n<figure class=\"image\"><img loading=\"lazy\" width=\"100\" height=\"100\" class=\"cst_img\" src=\"http:\/\/economiapoliticacba.com\/wp-content\/uploads\/2025\/11\/bullrich-avanza-en-el-senado-y-cuestiona-a-macri-3.webp\" alt=\"Patricia Bullrich se afili\u00f3 a La Libertad Avanza\"><figcaption>Patricia Bullrich se afili\u00f3 a La Libertad Avanza en mayo<\/figcaption><\/figure>\n<p>As\u00ed, Bullrich no solo emerge fortalecida para su pr\u00f3ximo rol en el Senado, sino tambi\u00e9n con vistas a <strong>2027<\/strong>. En la \u00faltima elecci\u00f3n su boleta ti\u00f1\u00f3 de violeta la ciudad y super\u00f3 por tres puntos a la lista libertaria de diputados. Aunque falte mucho, su nombre ya suena como <strong>posible candidata a jefa de Gobierno porte\u00f1a por LLA<\/strong>.<\/p>\n","protected":false},"excerpt":{"rendered":"<p>Patricia Bullrich podr\u00eda convertirse en jefa del bloque de La Libertad Avanza (LLA) en el Senado -en reemplazo de Ezequiel Atauche- o en presidenta provisional -en lugar de Bartolom\u00e9 Abdala-. Aunque faltan precisiones sobre su rol, lo cierto es que Bullrich se perfila para ocupar un lugar destacado en la C\u00e1mara alta. Su asunci\u00f3n se [&hellip;]<\/p>\n","protected":false},"author":1,"featured_media":44465,"comment_status":"closed","ping_status":"closed","sticky":false,"template":"","format":"standard","meta":{"om_disable_all_campaigns":false,"_monsterinsights_skip_tracking":false,"_monsterinsights_sitenote_active":false,"_monsterinsights_sitenote_note":"","_monsterinsights_sitenote_category":0},"categories":[17,21],"tags":[],"aioseo_notices":[],"_links":{"self":[{"href":"https:\/\/economiapoliticacba.com\/index.php?rest_route=\/wp\/v2\/posts\/44464"}],"collection":[{"href":"https:\/\/economiapoliticacba.com\/index.php?rest_route=\/wp\/v2\/posts"}],"about":[{"href":"https:\/\/economiapoliticacba.com\/index.php?rest_route=\/wp\/v2\/types\/post"}],"author":[{"embeddable":true,"href":"https:\/\/economiapoliticacba.com\/index.php?rest_route=\/wp\/v2\/users\/1"}],"replies":[{"embeddable":true,"href":"https:\/\/economiapoliticacba.com\/index.php?rest_route=%2Fwp%2Fv2%2Fcomments&post=44464"}],"version-history":[{"count":0,"href":"https:\/\/economiapoliticacba.com\/index.php?rest_route=\/wp\/v2\/posts\/44464\/revisions"}],"wp:featuredmedia":[{"embeddable":true,"href":"https:\/\/economiapoliticacba.com\/index.php?rest_route=\/wp\/v2\/media\/44465"}],"wp:attachment":[{"href":"https:\/\/economiapoliticacba.com\/index.php?rest_route=%2Fwp%2Fv2%2Fmedia&parent=44464"}],"wp:term":[{"taxonomy":"category","embeddable":true,"href":"https:\/\/economiapoliticacba.com\/index.php?rest_route=%2Fwp%2Fv2%2Fcategories&post=44464"},{"taxonomy":"post_tag","embeddable":true,"href":"https:\/\/economiapoliticacba.com\/index.php?rest_route=%2Fwp%2Fv2%2Ftags&post=44464"}],"curies":[{"name":"wp","href":"https:\/\/api.w.org\/{rel}","templated":true}]}}