{"id":44454,"date":"2025-11-04T01:02:34","date_gmt":"2025-11-04T01:02:34","guid":{"rendered":"https:\/\/comercioyjusticia.info\/?p=488108"},"modified":"2025-11-04T01:02:34","modified_gmt":"2025-11-04T01:02:34","slug":"llaryora-inauguro-el-foro-de-intercambio-para-la-competitividad-de-las-americas","status":"publish","type":"post","link":"https:\/\/economiapoliticacba.com\/?p=44454","title":{"rendered":"Llaryora inaugur\u00f3 el foro de Intercambio para la Competitividad de las Am\u00e9ricas"},"content":{"rendered":"<div><img src=\"https:\/\/comercioyjusticia.info\/wp-content\/uploads\/2025\/11\/WhatsApp-Image-2025-11-03-at-15.19.28-1024x662-2.jpeg\" class=\"ff-og-image-inserted\"><\/div>\n<p>El gobernador de C\u00f3rdoba, Mart\u00edn Llaryora, inaugur\u00f3 el Intercambio para la Competitividad de las Am\u00e9ricas, en el marco de la 22\u00aa Edici\u00f3n del Americas Competitiveness Exchange (ACE C\u00f3rdoba 2025).<\/p>\n<p>El encuentro re\u00fane a m\u00e1s de 50 l\u00edderes y referentes de Am\u00e9rica y el Caribe, y se est\u00e1 desarrollando del 2 al 7 del corriente mes bajo el eje \u201cArticulaci\u00f3n p\u00fablico-privada para la competitividad territorial y el desarrollo productivo\u201d.<\/p>\n<p>Durante toda la semana, la delegaci\u00f3n internacional visitar\u00e1 empresas, centros de innovaci\u00f3n, universidades y organizaciones de desarrollo empresarial, con el objetivo de fortalecer la cooperaci\u00f3n internacional, generar alianzas estrat\u00e9gicas y potenciar los ecosistemas regionales.<\/p>\n<p>La ceremonia marc\u00f3 el inicio de una semana de actividades que posicionan a la provincia como anfitriona y socio estrat\u00e9gico de este programa hemisf\u00e9rico que promueve la cooperaci\u00f3n, la innovaci\u00f3n y la competitividad regional.<\/p>\n<p>L\u00edderes de gobiernos, empresas y universidades de distintos pa\u00edses de Am\u00e9rica; autoridades de la Organizaci\u00f3n de los Estados Americanos (OEA), del Gobierno de los Estados Unidos y del Gobierno Provincial; miembros del cuerpo diplom\u00e1tico y representantes del empresariado cordob\u00e9s nucleado en el G7 forman parte del evento.<\/p>\n<p>El foro es organizado por el Gobierno de C\u00f3rdoba, en conjunto con la Secretar\u00eda Ejecutiva para el Desarrollo Integral de la OEA y con el apoyo del Gobierno de los Estados Unidos.<\/p>\n<p>La ACE se realiza anualmente en distintos pa\u00edses. La \u00faltima edici\u00f3n en Argentina tambi\u00e9n tuvo lugar en C\u00f3rdoba, en 2015, cuando el actual Gobernador se desempe\u00f1aba como ministro de Industria.<\/p>\n<p>Llaryora agradeci\u00f3 el reconocimiento internacional hacia la provincia y destac\u00f3 el modelo de desarrollo que se sostiene desde hace a\u00f1os.<\/p>\n<p>Seg\u00fan el mandatario, C\u00f3rdoba ha logrado consolidar un esquema basado en la articulaci\u00f3n entre el sector p\u00fablico y privado, generando un clima favorable para la inversi\u00f3n.<\/p>\n<p>En ese marco, resalt\u00f3 el desarrollo de infraestructura que potencia la actividad productiva, as\u00ed como la creaci\u00f3n de un ecosistema de innovaci\u00f3n y generaci\u00f3n de talento.<\/p>\n<p>Adem\u00e1s, valor\u00f3 la seguridad jur\u00eddica existente en la provincia y los beneficios para la radicaci\u00f3n de inversiones, atributos que, seg\u00fan se\u00f1al\u00f3, constituyen un diferencial muy apreciado por el sector privado.<\/p>\n<p>\u201cEn C\u00f3rdoba prima el di\u00e1logo abierto, podemos pertenecer a distintos partidos y pensar distinto, pero trabajar juntos\u201d, afirm\u00f3 Llaryora, subrayando la importancia del consenso y la cooperaci\u00f3n para impulsar el crecimiento provincial.<\/p>\n<p>El gobernador tambi\u00e9n destac\u00f3 la participaci\u00f3n de organismos internacionales y representantes de Estados Unidos en C\u00f3rdoba.<\/p>\n<p>\u201cC\u00f3rdoba es una tierra llena de oportunidades, gracias a la OEA, a Amcham y al Gobierno de los Estados Unidos por estar en nuestra provincia e interesarse por lo que hacemos los cordobeses, es algo muy motivante\u201d, se\u00f1al\u00f3.<\/p>\n<p>El programa re\u00fane a autoridades gubernamentales, empresarios, acad\u00e9micos y representantes de organismos internacionales, todos vinculados a la toma de decisiones en materia de innovaci\u00f3n, competitividad y desarrollo econ\u00f3mico sostenible.<\/p>\n<p>La agenda del programa presentar\u00e1 empresas globales e iniciativas de clase mundial en Agronegocios y AgTech; Ciencias de la Vida, HealthTech y Biotecnolog\u00eda; Conectividad y Transformaci\u00f3n Digital; y la Industria Automotriz y de Autopartes, entre otras.<\/p>\n<p>Durante la inauguraci\u00f3n, el ministro de Econom\u00eda y Gesti\u00f3n P\u00fablica, Guillermo Acosta, se\u00f1al\u00f3 que el evento constituye una oportunidad para que la provincia de C\u00f3rdoba muestre su modelo de desarrollo productivo y social, destacando la posibilidad de combinar ambas pol\u00edticas con un Estado que, desde hace 25 a\u00f1os, mantiene el equilibrio de sus cuentas p\u00fablicas.<\/p>\n<p>Acosta explic\u00f3 que el enfoque estar\u00e1 puesto en visibilizar tanto las acciones actuales como las potencialidades de la provincia, con el objetivo de fortalecer la cooperaci\u00f3n entre las regiones y mejorar la competitividad de los territorios.<\/p>\n<p>\u201cC\u00f3rdoba es muy grande, con lo cual fue un desaf\u00edo que los visitantes puedan conocer iniciativas interesantes en la Capital provincial, pero tambi\u00e9n en el interior\u201d, afirm\u00f3 el ministro.<\/p>\n<p>La Secretaria Ejecutiva para el Desarrollo Integral de la Organizaci\u00f3n de los Estados Americanos (OEA), Kim Osborne, destac\u00f3 que C\u00f3rdoba representa un ejemplo sobresaliente para el intercambio de experiencias, al reunir excelencia acad\u00e9mica, energ\u00eda emprendedora y conocimiento industrial dentro de un ecosistema econ\u00f3mico din\u00e1mico.<\/p>\n<p>Subray\u00f3 adem\u00e1s que la provincia se ha consolidado como un espacio donde convergen las pol\u00edticas p\u00fablicas, la investigaci\u00f3n y la iniciativa privada, permitiendo que las ideas se transformen en soluciones con alcance global.<\/p>\n","protected":false},"excerpt":{"rendered":"<p>El gobernador de C\u00f3rdoba, Mart\u00edn Llaryora, inaugur\u00f3 el Intercambio para la Competitividad de las Am\u00e9ricas, en el marco de la 22\u00aa Edici\u00f3n del Americas Competitiveness Exchange (ACE C\u00f3rdoba 2025). El encuentro re\u00fane a m\u00e1s de 50 l\u00edderes y referentes de Am\u00e9rica y el Caribe, y se est\u00e1 desarrollando del 2 al 7 del corriente mes [&hellip;]<\/p>\n","protected":false},"author":1,"featured_media":44455,"comment_status":"open","ping_status":"closed","sticky":false,"template":"","format":"standard","meta":{"om_disable_all_campaigns":false,"_monsterinsights_skip_tracking":false,"_monsterinsights_sitenote_active":false,"_monsterinsights_sitenote_note":"","_monsterinsights_sitenote_category":0},"categories":[17,21],"tags":[],"aioseo_notices":[],"_links":{"self":[{"href":"https:\/\/economiapoliticacba.com\/index.php?rest_route=\/wp\/v2\/posts\/44454"}],"collection":[{"href":"https:\/\/economiapoliticacba.com\/index.php?rest_route=\/wp\/v2\/posts"}],"about":[{"href":"https:\/\/economiapoliticacba.com\/index.php?rest_route=\/wp\/v2\/types\/post"}],"author":[{"embeddable":true,"href":"https:\/\/economiapoliticacba.com\/index.php?rest_route=\/wp\/v2\/users\/1"}],"replies":[{"embeddable":true,"href":"https:\/\/economiapoliticacba.com\/index.php?rest_route=%2Fwp%2Fv2%2Fcomments&post=44454"}],"version-history":[{"count":0,"href":"https:\/\/economiapoliticacba.com\/index.php?rest_route=\/wp\/v2\/posts\/44454\/revisions"}],"wp:featuredmedia":[{"embeddable":true,"href":"https:\/\/economiapoliticacba.com\/index.php?rest_route=\/wp\/v2\/media\/44455"}],"wp:attachment":[{"href":"https:\/\/economiapoliticacba.com\/index.php?rest_route=%2Fwp%2Fv2%2Fmedia&parent=44454"}],"wp:term":[{"taxonomy":"category","embeddable":true,"href":"https:\/\/economiapoliticacba.com\/index.php?rest_route=%2Fwp%2Fv2%2Fcategories&post=44454"},{"taxonomy":"post_tag","embeddable":true,"href":"https:\/\/economiapoliticacba.com\/index.php?rest_route=%2Fwp%2Fv2%2Ftags&post=44454"}],"curies":[{"name":"wp","href":"https:\/\/api.w.org\/{rel}","templated":true}]}}