{"id":44418,"date":"2025-11-02T11:00:00","date_gmt":"2025-11-02T11:00:00","guid":{"rendered":"https:\/\/comercioyjusticia.info\/?p=487938"},"modified":"2025-11-02T11:00:00","modified_gmt":"2025-11-02T11:00:00","slug":"macri-cuestiono-la-salida-de-francos-y-su-reemplazo-por-adorni","status":"publish","type":"post","link":"https:\/\/economiapoliticacba.com\/?p=44418","title":{"rendered":"Macri cuestion\u00f3 la salida de Francos y su reemplazo por Adorni"},"content":{"rendered":"<div><img src=\"https:\/\/comercioyjusticia.info\/wp-content\/uploads\/2021\/12\/JUSTICIA-Macri.jpg\" class=\"ff-og-image-inserted\"><\/div>\n<p>El ex Presidente manifest\u00f3 su \u201cpreocupaci\u00f3n\u201d por el cambio en la Jefatura de Gabinete. En un posteo en redes, elogi\u00f3 al funcionario saliente. En paralelo, admiti\u00f3 que tras la reuni\u00f3n con Javier Milei el viernes, repasaron la agenda de temas pendientes y de \u201creforzar los equipos para la etapa que se viene\u201d. Sin embargo, reconoci\u00f3 que \u201cno logramos ponernos de acuerdo\u201d.<\/p>\n<p>El ex presidente Mauricio Macri public\u00f3 ayer un mensaje en redes sociales tras la reuni\u00f3n que mantuvo en Olivos con Javier Milei y expres\u00f3 su preocupaci\u00f3n respecto a la reciente salida de Guillermo Francos de la Jefatura de Gabinete, a quien defini\u00f3 como un hombre \u201ccon capacidad y equilibrio\u201d y representante de la \u201csensatez\u201d ante la ciudadan\u00eda.<\/p>\n<p>\u201cEn el encuentro hablamos sobre los temas pendientes. La idea era pensar la mejor manera de reforzar los equipos y prepararse para esta segunda etapa, pero no logramos ponernos de acuerdo\u201d, escribi\u00f3.<\/p>\n<p>Por otro lado, el titular del PRO consider\u00f3 negativa la decisi\u00f3n de reemplazarlo por alguien \u201csin experiencia\u201d y sugiri\u00f3 que habr\u00eda sido preferible que el cargo recayera sobre una persona id\u00f3nea del equipo de Francos, se\u00f1alando a Horacio Mar\u00edn, actual titular de YPF, quien, seg\u00fan Macri, tiene un perfil con mejores condiciones para el puesto por su experiencia en conducci\u00f3n y coordinaci\u00f3n de equipos.<\/p>\n<p>Macri remarc\u00f3 que la funci\u00f3n de jefe de Gabinete es clave para la coordinaci\u00f3n de los equipos pol\u00edticos y de gesti\u00f3n en torno a una estrategia clara. Relat\u00f3 que a esta \u201cdecisi\u00f3n desacertada\u201d del gobierno, seg\u00fan su valoraci\u00f3n, se suma la persistencia de disputas internas en el oficialismo que todav\u00eda no han sido resueltas y que define como fundamentales para la hoja de ruta del futuro.<\/p>\n<p>El ex mandatario lament\u00f3 el escenario actual y record\u00f3 que el pa\u00eds cuenta con una \u201coportunidad hist\u00f3rica\u201d, construida a partir del reciente apoyo electoral ratificado en las urnas y el respaldo \u201cin\u00e9dito\u201d de Estados Unidos. Explic\u00f3 que, aunque no ha solicitado ni solicitar\u00e1 ning\u00fan beneficio a t\u00edtulo personal, considera necesario expresar sus preocupaciones \u201cporque nos une el futuro del pa\u00eds\u201d.<\/p>\n<p>Cambio de conducta<\/p>\n<p>El lunes despu\u00e9s del triunfo electoral, el propio Milei hab\u00eda tomado la iniciativa de llamar a su antecesor para conversar y agradecerle los consejos vertidos en el tramo final de la campa\u00f1a. Fue una conversaci\u00f3n en muy buenos t\u00e9rminos -seg\u00fan revelaron- y que dur\u00f3 cerca de diez minutos. El libertario le propuso verse hacia el fin de la semana, luego de que el ex mandatario volviera de su viaje expr\u00e9s por Chile.<\/p>\n<p>\u201cYo lo que pondero mucho de Mauricio Macri es que \u00e9l siempre se acerc\u00f3 con generosidad, me aport\u00f3 elementos de su experiencia, algunos los tom\u00e9, otros no los tom\u00e9. Algunos de sus consejos me resultaron muy importantes, hay toda una serie de cuestiones\u201d, opin\u00f3 Milei ayer por la noche en A24.<\/p>\n<p>Sin embargo, en la ma\u00f1ana del viernes Macri recibi\u00f3 la primera mala noticia: cinco diputados que responden a Patricia Bullrich anunciaron que romper\u00edan el bloque PRO, que conduce Cristian Ritondo en la C\u00e1mara baja.<\/p>\n<p>De quienes est\u00e1n en la c\u00e1mara baja, varios de ellos no responden al ex presidente.&nbsp;<\/p>\n<p>Se trata de Dami\u00e1n Arabia, Sabrina Ajmechet, Laura Rodr\u00edguez Machado, Silvana Giudici, Patricia V\u00e1zquez. Y a partir del 10 de diciembre se sumar\u00edan los electos Mar\u00eda Luisa Gonz\u00e1lez Estevarena y Carlos Almenda.<\/p>\n<p>Un dirigente cercano a Bullrich, fue gr\u00e1fico: \u201cFue un error estrat\u00e9gico (del ex presidente) haberlos echado del partido y ahora no puede contarlos para su negociaci\u00f3n\u201d. En las filas libertarias tambi\u00e9n aseguran que no cay\u00f3 \u201cnada bien\u201d que el ex presidente haya asegurado en una entrevista que el PRO tendr\u00eda candidato propio en 2027.<\/p>\n<p>\u201cEl PRO est\u00e1 m\u00e1s vivo que nunca y tiene cuatrocientos dirigentes que nadie tiene. Lo que no tiene todav\u00eda es un candidato conocido para disputar, que lo obtendr\u00e1 en el 27, pero hoy la prioridad es apoyar ideas y las ideas que impulsa el se\u00f1or Milei, que son las correctas\u201d, hab\u00eda planteado Macri durante una exposici\u00f3n en el seminario \u201cPuentes, dialogar para construir\u201d, organizado por el holding financiero BICE Corp, en Chile.<\/p>\n","protected":false},"excerpt":{"rendered":"<p>El ex Presidente manifest\u00f3 su \u201cpreocupaci\u00f3n\u201d por el cambio en la Jefatura de Gabinete. En un posteo en redes, elogi\u00f3 al funcionario saliente. En paralelo, admiti\u00f3 que tras la reuni\u00f3n con Javier Milei el viernes, repasaron la agenda de temas pendientes y de \u201creforzar los equipos para la etapa que se viene\u201d. Sin embargo, reconoci\u00f3 [&hellip;]<\/p>\n","protected":false},"author":1,"featured_media":44419,"comment_status":"open","ping_status":"closed","sticky":false,"template":"","format":"standard","meta":{"om_disable_all_campaigns":false,"_monsterinsights_skip_tracking":false,"_monsterinsights_sitenote_active":false,"_monsterinsights_sitenote_note":"","_monsterinsights_sitenote_category":0},"categories":[17,21],"tags":[],"aioseo_notices":[],"_links":{"self":[{"href":"https:\/\/economiapoliticacba.com\/index.php?rest_route=\/wp\/v2\/posts\/44418"}],"collection":[{"href":"https:\/\/economiapoliticacba.com\/index.php?rest_route=\/wp\/v2\/posts"}],"about":[{"href":"https:\/\/economiapoliticacba.com\/index.php?rest_route=\/wp\/v2\/types\/post"}],"author":[{"embeddable":true,"href":"https:\/\/economiapoliticacba.com\/index.php?rest_route=\/wp\/v2\/users\/1"}],"replies":[{"embeddable":true,"href":"https:\/\/economiapoliticacba.com\/index.php?rest_route=%2Fwp%2Fv2%2Fcomments&post=44418"}],"version-history":[{"count":0,"href":"https:\/\/economiapoliticacba.com\/index.php?rest_route=\/wp\/v2\/posts\/44418\/revisions"}],"wp:featuredmedia":[{"embeddable":true,"href":"https:\/\/economiapoliticacba.com\/index.php?rest_route=\/wp\/v2\/media\/44419"}],"wp:attachment":[{"href":"https:\/\/economiapoliticacba.com\/index.php?rest_route=%2Fwp%2Fv2%2Fmedia&parent=44418"}],"wp:term":[{"taxonomy":"category","embeddable":true,"href":"https:\/\/economiapoliticacba.com\/index.php?rest_route=%2Fwp%2Fv2%2Fcategories&post=44418"},{"taxonomy":"post_tag","embeddable":true,"href":"https:\/\/economiapoliticacba.com\/index.php?rest_route=%2Fwp%2Fv2%2Ftags&post=44418"}],"curies":[{"name":"wp","href":"https:\/\/api.w.org\/{rel}","templated":true}]}}