{"id":44416,"date":"2025-11-02T18:41:59","date_gmt":"2025-11-02T18:41:59","guid":{"rendered":"https:\/\/comercioyjusticia.info\/?p=487943"},"modified":"2025-11-02T18:41:59","modified_gmt":"2025-11-02T18:41:59","slug":"milei-vuelve-a-eeuu-ahora-para-participar-de-un-evento-de-negocios-junto-a-trump","status":"publish","type":"post","link":"https:\/\/economiapoliticacba.com\/?p=44416","title":{"rendered":"Milei vuelve a EEUU, ahora para participar de un evento de negocios junto a Trump"},"content":{"rendered":"<div><img src=\"https:\/\/comercioyjusticia.info\/wp-content\/uploads\/2025\/11\/Milei-Trump3-1-1024x683-1.jpg\" class=\"ff-og-image-inserted\"><\/div>\n<p>El Presidente ser\u00e1 uno de los disertantes del America Business Forum en Miami. Tambi\u00e9n hablar\u00e1 su par republicano. Hay gestiones del Gobierno para una eventual reuni\u00f3n informal con Trump, luego del triunfo electoral del argentino en los comicios legislativos<\/p>\n<p>El presidente Javier Milei volver\u00e1 a Estados Unidos esta semana para participar de una cumbre global que compartir\u00e1 con Donald Trump, su principal aliado geopol\u00edtico.<\/p>\n<p>Seg\u00fan trascendi\u00f3, hay gestiones de ambas administraciones para lograr una reuni\u00f3n informal entre los dos mandatarios.<\/p>\n<p>Milei y Trump ser\u00e1n protagonistas del America Business Forum, que sesionar\u00e1 el 5 y 6 de noviembre en Miami, y tiene entre sus expositores a Lionel Messi, Jamie Dimon -CEO del JP.Morgan-, Steve Witkoff -enviado especial de la Casa Blanca para Medio Oriente-, Rafael Nadal, Gianni Infantino -titular de la FIFA-, Mar\u00eda Corina Machado -premio Nobel de la Paz- y Ken Griffin -CEO de Citadel-, entre otros referentes mundiales.<\/p>\n<p>Trump hablar\u00e1 el cinco de noviembre a las 14.00 (hora del este), y ese d\u00eda ya estar\u00eda Milei en Miami junto a la secretaria General de la Presidencia, Karina Milei, y el canciller Pablo Quirno, que inicia su gesti\u00f3n en reemplazo de Gerardo Werthein.<\/p>\n<p>El 5 de noviembre, Milei podr\u00eda tener una eventual reuni\u00f3n informal con Donald Trump, y a continuaci\u00f3n un encuentro con Lionel Messi, que cierra la primera jornada del c\u00f3nclave global que organiza Ignacio Gonz\u00e1lez, CEO del America Business Forum.<\/p>\n<p>Un d\u00eda m\u00e1s tarde, el 6 de noviembre, a las 15.45 (hora del este), Milei ocupar\u00e1 el centro del escenario que se desplegar\u00e1 en el Kaseya Center, sede de los Miami Heat.<\/p>\n<p>Y a diferencia de otras oportunidades, en lugar de un discurso escrito con sucesivas improvisaciones, el presidente ser\u00e1 entrevistado por Bret Baier, presentador de Fox News. Baier es amigo de Trump y juegan juntos al golf en Mar -a- Lago.<\/p>\n<p>Como sucedi\u00f3 en un foro de la CPAC, es muy probable que Milei escuche el reportaje de Baier a Trump en primera fila, y despu\u00e9s haya una reuni\u00f3n distendida entre ambos jefes de Estado.<\/p>\n<p>Milei y Trump tienen afinidad personal y sinton\u00eda ideol\u00f3gica, en un escenario global atravesado por la guerra comercial, la crisis en Medio Oriente, el conflicto entre Ucrania y Rusia, la ofensiva de China sobre Occidente y la dictadura en Venezuela.<\/p>\n<p>Argentina es el principal aliado de Estados Unidos en Am\u00e9rica Latina, y la administraci\u00f3n republicana no dud\u00f3 en sostener al gobierno de La Libertad Avanza cuando fue embestido por la derrota electoral frente al peronismo y la recurrente zozobra en los mercados.<\/p>\n<p>Trump ejecut\u00f3 un salvataje financiero a trav\u00e9s de Scott Bessent -secretario del Tesoro-, y esa ayuda extraordinaria sirve para explicar el triunfo del oficialismo en los comicios del domingo pasado.<\/p>\n<p>En este contexto, el canciller Quirno viajar\u00e1 durante noviembre a Washington para encontrarse con Marco Rubio -secretario de Estado-, Howard Lutnick -secretario de Comercio-, Jamieson Greer -representante comercial de Estados Unidos- y Bessent para presentarse como canciller, y acordar una nueva fecha de anuncio del acuerdo de comercio y aranceles.<\/p>\n<p>Cuando termine la cumbre global en Miami, Milei regresar\u00e1 a Buenos Aires antes de viajar a Bolivia para la asunci\u00f3n presidencial de Rodrigo Paz.<\/p>\n","protected":false},"excerpt":{"rendered":"<p>El Presidente ser\u00e1 uno de los disertantes del America Business Forum en Miami. Tambi\u00e9n hablar\u00e1 su par republicano. Hay gestiones del Gobierno para una eventual reuni\u00f3n informal con Trump, luego del triunfo electoral del argentino en los comicios legislativos El presidente Javier Milei volver\u00e1 a Estados Unidos esta semana para participar de una cumbre global [&hellip;]<\/p>\n","protected":false},"author":1,"featured_media":44417,"comment_status":"open","ping_status":"closed","sticky":false,"template":"","format":"standard","meta":{"om_disable_all_campaigns":false,"_monsterinsights_skip_tracking":false,"_monsterinsights_sitenote_active":false,"_monsterinsights_sitenote_note":"","_monsterinsights_sitenote_category":0},"categories":[17,21],"tags":[],"aioseo_notices":[],"_links":{"self":[{"href":"https:\/\/economiapoliticacba.com\/index.php?rest_route=\/wp\/v2\/posts\/44416"}],"collection":[{"href":"https:\/\/economiapoliticacba.com\/index.php?rest_route=\/wp\/v2\/posts"}],"about":[{"href":"https:\/\/economiapoliticacba.com\/index.php?rest_route=\/wp\/v2\/types\/post"}],"author":[{"embeddable":true,"href":"https:\/\/economiapoliticacba.com\/index.php?rest_route=\/wp\/v2\/users\/1"}],"replies":[{"embeddable":true,"href":"https:\/\/economiapoliticacba.com\/index.php?rest_route=%2Fwp%2Fv2%2Fcomments&post=44416"}],"version-history":[{"count":0,"href":"https:\/\/economiapoliticacba.com\/index.php?rest_route=\/wp\/v2\/posts\/44416\/revisions"}],"wp:featuredmedia":[{"embeddable":true,"href":"https:\/\/economiapoliticacba.com\/index.php?rest_route=\/wp\/v2\/media\/44417"}],"wp:attachment":[{"href":"https:\/\/economiapoliticacba.com\/index.php?rest_route=%2Fwp%2Fv2%2Fmedia&parent=44416"}],"wp:term":[{"taxonomy":"category","embeddable":true,"href":"https:\/\/economiapoliticacba.com\/index.php?rest_route=%2Fwp%2Fv2%2Fcategories&post=44416"},{"taxonomy":"post_tag","embeddable":true,"href":"https:\/\/economiapoliticacba.com\/index.php?rest_route=%2Fwp%2Fv2%2Ftags&post=44416"}],"curies":[{"name":"wp","href":"https:\/\/api.w.org\/{rel}","templated":true}]}}