{"id":44414,"date":"2025-11-02T22:25:18","date_gmt":"2025-11-02T22:25:18","guid":{"rendered":"https:\/\/comercioyjusticia.info\/?p=487946"},"modified":"2025-11-02T22:25:18","modified_gmt":"2025-11-02T22:25:18","slug":"diego-santilli-es-nuevo-ministro-del-interior","status":"publish","type":"post","link":"https:\/\/economiapoliticacba.com\/?p=44414","title":{"rendered":"Diego Santilli es nuevo ministro del Interior"},"content":{"rendered":"<div><img src=\"https:\/\/comercioyjusticia.info\/wp-content\/uploads\/2025\/11\/diego-santilli-20251026-2125980.jpg\" class=\"ff-og-image-inserted\"><\/div>\n<p>El electo diputado nacional, reemplaza a Lisandro Catal\u00e1n. La decisi\u00f3n fue informada por el presidente Milei a trav\u00e9s de un posteo en redes. En el texto, el jefe de Estado destac\u00f3 que Santilli \u201cllevar\u00e1 adelante las conversaciones con gobernadores y legisladores para articular en el Congreso los consensos necesarios para las reformas que se vienen\u201d<\/p>\n<p>El presidente Javier Milei design\u00f3 este domingo a Diego Santilli como nuevo ministro del Interior en reemplazo de Lisandro Catal\u00e1n, quien renunci\u00f3 d\u00eda atr\u00e1s junto con el jefe de Gabinete, Guillermo Francos, en medio de la interna en el Gobierno.<\/p>\n<p>El dirigente del PRO, que desde hac\u00eda tiempo ven\u00eda mostr\u00e1ndose cerca del oficialismo, viene de ganar las elecciones en la provincia de Buenos Aires con la lista de La Libertad Avanza, luego de que se bajara la candidatura de Jos\u00e9 Luis Espert.<\/p>\n<p>La decisi\u00f3n se anunci\u00f3 tan solo unas horas despu\u00e9s de que Milei recibiera en la Quinta de Olivos a Mauricio Macri, quien se retir\u00f3 del lugar sin haber llegado, al menos hasta ese momento, a un acuerdo para la segunda etapa de la gesti\u00f3n.<\/p>\n<p>\u201cTenemos ministro del Interior. Bienvenido Colo Santilli. Diego ser\u00e1 quien llevar\u00e1 adelante las conversaciones con gobernadores y legisladores para poder articular con el Congreso de la Naci\u00f3n cada uno de los consensos necesarios para las reformas que vienen de cara al futuro. \u00a1VLLC (viva la libertad, carajo)! Fin\u201d, escribi\u00f3 el mandatario nacional en su cuenta de X.<\/p>\n<p>Seg\u00fan trascendi\u00f3, al actual diputado lo recomend\u00f3 para este puesto la secretaria General, Karina Milei, que ampli\u00f3 su influencia en la gesti\u00f3n a partir de la victoria en los comicios.<\/p>\n<p>Seg\u00fan revelaron en el entorno del legislador fue el Presidente el que lo llam\u00f3 este mismo domingo por la tarde para ofrecerle el cargo. \u201cEl Colo\u201d, que estaba volviendo de ver correr a su hijo en el TC Pista en la ciudad de Paran\u00e1, Entre R\u00edos, acept\u00f3.<\/p>\n<p>Para un sector del PRO, esta \u201ces una clara se\u00f1al de amplitud\u201d por parte del oficialismo y destacaron que Santilli \u201ctiene excelente relaci\u00f3n con la mayor\u00eda de los 24 gobernadores\u201d, menos con el bonaerense, Axel Kicillof, \u201cal que enfrent\u00f3 en tres elecciones y le gan\u00f3 en dos\u201d.<\/p>\n<p>\u201cConstruy\u00f3 una gran relaci\u00f3n con Karina, primero, y con el Presidente, despu\u00e9s. Tambi\u00e9n conoce a Santiago Caputo desde hace varios a\u00f1os\u201d, remarcaron.<\/p>\n<p>De esta manera, contin\u00faa la expectativa por el rol que ocupar\u00e1 entonces el asesor presidencial, quien hasta que se conoci\u00f3 esta medida, se especulaba con que iba a ser el encargado de las relaciones con las provincias, los diputados y los senadores.<\/p>\n<p>\u201cBienvenido Diego Santilli como nuevo Ministro del Interior de la Naci\u00f3n. Gran elecci\u00f3n para esta etapa donde la prioridad es avanzar en las reformas que la Argentina necesita para seguir transitando el camino hacia la prosperidad. Ma\u00f1ana 9:30 horas tendremos reuni\u00f3n de Gabinete en Casa Rosada. Fin\u201d, anunci\u00f3 el flamante jefe de Gabinete, Manuel Adorni.<\/p>\n<p>La salida de Catal\u00e1n del Gobierno se dio el viernes por la noche, cuando el ahora ex funcionario, tambi\u00e9n a trav\u00e9s de las redes sociales, le comunic\u00f3 a Milei que presentaba la renuncia.<\/p>\n<p>\u201cAgradezco profundamente la confianza que ha depositado en m\u00ed para iniciar una etapa de di\u00e1logo y consensos. Voy a seguir apoyando esta gesti\u00f3n y a La Libertad Avanza, porque estoy convencido de que las ideas de la libertad son las que van a transformar a la Argentina\u201d, coment\u00f3.<\/p>\n<p>Poco antes, hab\u00eda hecho lo mismo Francos, en medio de la interna en el Gobierno y de los m\u00faltiples rumores sobre su futuro, y cuando el Presidente estaba cenando en la Quinta de Olivos con Macri.<\/p>\n","protected":false},"excerpt":{"rendered":"<p>El electo diputado nacional, reemplaza a Lisandro Catal\u00e1n. La decisi\u00f3n fue informada por el presidente Milei a trav\u00e9s de un posteo en redes. En el texto, el jefe de Estado destac\u00f3 que Santilli \u201cllevar\u00e1 adelante las conversaciones con gobernadores y legisladores para articular en el Congreso los consensos necesarios para las reformas que se vienen\u201d [&hellip;]<\/p>\n","protected":false},"author":1,"featured_media":44415,"comment_status":"open","ping_status":"closed","sticky":false,"template":"","format":"standard","meta":{"om_disable_all_campaigns":false,"_monsterinsights_skip_tracking":false,"_monsterinsights_sitenote_active":false,"_monsterinsights_sitenote_note":"","_monsterinsights_sitenote_category":0},"categories":[17,21],"tags":[],"aioseo_notices":[],"_links":{"self":[{"href":"https:\/\/economiapoliticacba.com\/index.php?rest_route=\/wp\/v2\/posts\/44414"}],"collection":[{"href":"https:\/\/economiapoliticacba.com\/index.php?rest_route=\/wp\/v2\/posts"}],"about":[{"href":"https:\/\/economiapoliticacba.com\/index.php?rest_route=\/wp\/v2\/types\/post"}],"author":[{"embeddable":true,"href":"https:\/\/economiapoliticacba.com\/index.php?rest_route=\/wp\/v2\/users\/1"}],"replies":[{"embeddable":true,"href":"https:\/\/economiapoliticacba.com\/index.php?rest_route=%2Fwp%2Fv2%2Fcomments&post=44414"}],"version-history":[{"count":0,"href":"https:\/\/economiapoliticacba.com\/index.php?rest_route=\/wp\/v2\/posts\/44414\/revisions"}],"wp:featuredmedia":[{"embeddable":true,"href":"https:\/\/economiapoliticacba.com\/index.php?rest_route=\/wp\/v2\/media\/44415"}],"wp:attachment":[{"href":"https:\/\/economiapoliticacba.com\/index.php?rest_route=%2Fwp%2Fv2%2Fmedia&parent=44414"}],"wp:term":[{"taxonomy":"category","embeddable":true,"href":"https:\/\/economiapoliticacba.com\/index.php?rest_route=%2Fwp%2Fv2%2Fcategories&post=44414"},{"taxonomy":"post_tag","embeddable":true,"href":"https:\/\/economiapoliticacba.com\/index.php?rest_route=%2Fwp%2Fv2%2Ftags&post=44414"}],"curies":[{"name":"wp","href":"https:\/\/api.w.org\/{rel}","templated":true}]}}