{"id":44378,"date":"2025-11-01T11:00:00","date_gmt":"2025-11-01T11:00:00","guid":{"rendered":"https:\/\/comercioyjusticia.info\/?p=487916"},"modified":"2025-11-01T11:00:00","modified_gmt":"2025-11-01T11:00:00","slug":"milei-y-macri-cruzaron-opiniones-de-cara-a-las-reformas-claves-en-el-congreso","status":"publish","type":"post","link":"https:\/\/economiapoliticacba.com\/?p=44378","title":{"rendered":"Milei y Macri cruzaron opiniones de cara a las reformas claves en el Congreso"},"content":{"rendered":"<div><img src=\"https:\/\/comercioyjusticia.info\/wp-content\/uploads\/2025\/11\/Reunion-Milei-Macri.webp\" class=\"ff-og-image-inserted\"><\/div>\n<p>El Presidente y el l\u00edder del PRO mantuvieron una reuni\u00f3n de casi dos horas en la quinta de Olivos. Pese al hermetismo de ambas partes, trascendi\u00f3 que ambos dirigentes intercambiaron posturas respecto a los desaf\u00edos por delante, entre ellos las reformas laboral, tributaria, penal y el Presupuesto. El encuentro se produjo mientras se conoc\u00eda la renuncia de Guillermo Francos y Lisandro Catal\u00e1n<\/p>\n<p>El presidente Javier Milei mantuvo anoche una cena en la quinta de Olivos junto al titular del PRO, Mauricio Macri, uno de sus principales socios pol\u00edticos que le permitieron al Gobierno lograr un sorpresivo triunfo electoral el domingo 26 de octubre pasado.<\/p>\n<p>La reuni\u00f3n que se inici\u00f3 pasadas las 20 y termin\u00f3 minutos antes de las 22, se produjo en paralelo a la difusi\u00f3n de la renuncia de Guillermo Francos como jefe de Gabinete y Lisandro Catal\u00e1n como ministro del Interior.<\/p>\n<p>Francos ser\u00e1 reemplazado por el vocero Manuel Adorni.<\/p>\n<p>Pese al hermetismo de ambas partes, trascendi\u00f3 que el libertario escuch\u00f3 por dos horas las cr\u00edticas y propuestas para mejorar que el exmandatario ten\u00eda para hacer, aunque sin garant\u00edas de aprobaci\u00f3n. \u201cLo que pondero mucho de Mauricio Macri es que siempre se acerc\u00f3 con generosidad, me aport\u00f3 elementos de su experiencia, algunos los tom\u00e9, otros no. Algunos de sus consejos me resultaron muy importantes, hay toda una serie de cuestiones\u201d, confes\u00f3 Milei en la previa al intercambio.<\/p>\n<p>La ausencia de Francos, el mediador entre Milei y Macri, en la reuni\u00f3n de anoche gener\u00f3 suspicacias. \u201cNo estuvo. Los acerc\u00f3 y no estaba previsto que est\u00e9 presente en todas las reuniones\u201d, justificaban desde el entorno del jefe de Gabinete, mientras vaciaban las oficinas ubicadas en la planta baja de Casa Rosada.<\/p>\n<p>En la previa al intercambio Macri-Milei que termin\u00f3 de delimitarse luego de que el libertario llamara telef\u00f3nicamente a Macri el pasado lunes, tras el triunfo electoral, para agradecerle el respaldo en plena campa\u00f1a, ambos referentes de la derecha anticiparon detalles de lo que ocurre por estas horas.<\/p>\n<p>Ante la mirada de la secretaria General de la Presidencia, Karina Milei, Macri y Milei analizaron los pormenores de la administraci\u00f3n en la apertura al di\u00e1logo que necesita la gesti\u00f3n para encarar la etapa de reformas de segunda generaci\u00f3n que incluye la tributaria, la laboral y la previsional.<\/p>\n<p>Tras la salida de Francos, se especulaba que el Presidente avanzara en las modificaciones de su gabinete que hab\u00eda anticipado previo a las elecciones.<\/p>\n<p>Ante ese escenario, crec\u00eda la expectativa sobre el potencial desembarco de dirigentes del PRO en el equipo que rodea al mandatario mientras los funcionarios dividen sus opiniones al respecto.<\/p>\n<p>Luego de varios meses de distanciamiento, Milei se mostr\u00f3 elogioso con el fundador del PRO y admiti\u00f3 que en otras oportunidades le \u201cha hecho sugerencias\u201d. \u201cLo que pondero mucho de Mauricio Macri es que \u00e9l siempre se acerc\u00f3 con generosidad, me aport\u00f3 elementos de su experiencia, algunos los tom\u00e9, otros no los tom\u00e9. Algunos de sus consejos me resultaron muy importantes, hay toda una serie de cuestiones\u201d, remarc\u00f3 el pasado jueves en una entrevista a A24.<\/p>\n<p>Los dichos del libertario tuvieron lugar despu\u00e9s de que el ex Juntos por el Cambio opinara que a la gesti\u00f3n le \u201chace falta m\u00e1s m\u00fasculo en la gesti\u00f3n y en el di\u00e1logo\u201d. \u201cQuiero ver si logra superar los condicionamientos que tiene para llevar a cabo una agenda m\u00e1s agresiva de achicamiento del gasto p\u00fablico, baja de impuestos, de relaci\u00f3n con el mundo, de desregulaci\u00f3n, privatizaci\u00f3n\u201d, lanz\u00f3 el pasado mi\u00e9rcoles, desde Chile.<\/p>\n<p>Inicialmente, la reuni\u00f3n estaba prevista para este viernes al mediod\u00eda, pero el horario debi\u00f3 reprogramarse. Se trat\u00f3 del segundo encuentro en menos de un mes que se repite los viernes.&nbsp;<\/p>\n","protected":false},"excerpt":{"rendered":"<p>El Presidente y el l\u00edder del PRO mantuvieron una reuni\u00f3n de casi dos horas en la quinta de Olivos. Pese al hermetismo de ambas partes, trascendi\u00f3 que ambos dirigentes intercambiaron posturas respecto a los desaf\u00edos por delante, entre ellos las reformas laboral, tributaria, penal y el Presupuesto. El encuentro se produjo mientras se conoc\u00eda la [&hellip;]<\/p>\n","protected":false},"author":1,"featured_media":44379,"comment_status":"open","ping_status":"closed","sticky":false,"template":"","format":"standard","meta":{"om_disable_all_campaigns":false,"_monsterinsights_skip_tracking":false,"_monsterinsights_sitenote_active":false,"_monsterinsights_sitenote_note":"","_monsterinsights_sitenote_category":0},"categories":[17,21],"tags":[],"aioseo_notices":[],"_links":{"self":[{"href":"https:\/\/economiapoliticacba.com\/index.php?rest_route=\/wp\/v2\/posts\/44378"}],"collection":[{"href":"https:\/\/economiapoliticacba.com\/index.php?rest_route=\/wp\/v2\/posts"}],"about":[{"href":"https:\/\/economiapoliticacba.com\/index.php?rest_route=\/wp\/v2\/types\/post"}],"author":[{"embeddable":true,"href":"https:\/\/economiapoliticacba.com\/index.php?rest_route=\/wp\/v2\/users\/1"}],"replies":[{"embeddable":true,"href":"https:\/\/economiapoliticacba.com\/index.php?rest_route=%2Fwp%2Fv2%2Fcomments&post=44378"}],"version-history":[{"count":0,"href":"https:\/\/economiapoliticacba.com\/index.php?rest_route=\/wp\/v2\/posts\/44378\/revisions"}],"wp:featuredmedia":[{"embeddable":true,"href":"https:\/\/economiapoliticacba.com\/index.php?rest_route=\/wp\/v2\/media\/44379"}],"wp:attachment":[{"href":"https:\/\/economiapoliticacba.com\/index.php?rest_route=%2Fwp%2Fv2%2Fmedia&parent=44378"}],"wp:term":[{"taxonomy":"category","embeddable":true,"href":"https:\/\/economiapoliticacba.com\/index.php?rest_route=%2Fwp%2Fv2%2Fcategories&post=44378"},{"taxonomy":"post_tag","embeddable":true,"href":"https:\/\/economiapoliticacba.com\/index.php?rest_route=%2Fwp%2Fv2%2Ftags&post=44378"}],"curies":[{"name":"wp","href":"https:\/\/api.w.org\/{rel}","templated":true}]}}