{"id":44376,"date":"2025-11-01T21:21:27","date_gmt":"2025-11-01T21:21:27","guid":{"rendered":"https:\/\/comercioyjusticia.info\/?p=487933"},"modified":"2025-11-01T21:21:27","modified_gmt":"2025-11-01T21:21:27","slug":"adorni-anticipo-que-se-viene-una-etapa-mas-federal-y-de-dialogo-con-las-provincias","status":"publish","type":"post","link":"https:\/\/economiapoliticacba.com\/?p=44376","title":{"rendered":"Adorni anticip\u00f3 que se viene una etapa \u201cm\u00e1s federal\u201d y de di\u00e1logo con las provincias"},"content":{"rendered":"<div><img src=\"https:\/\/comercioyjusticia.info\/wp-content\/uploads\/2024\/03\/adorni.webp\" class=\"ff-og-image-inserted\"><\/div>\n<p>El designado jefe de Gabinete adelant\u00f3 un per\u00edodo de gesti\u00f3n marcado por la \u201cb\u00fasqueda de consensos\u201d para avanzar con las reformas estructurales. Consider\u00f3 que \u201cla modernizaci\u00f3n laboral es imprescindible\u201d. Tambi\u00e9n la impositiva y del c\u00f3digo penal, que estim\u00f3 \u201curgentes\u201d<\/p>\n<p>El nuevo jefe de Gabinete, Manuel Adorni, adelant\u00f3 que \u201cno va a haber nada m\u00e1s federal que la etapa que se viene\u201d y consider\u00f3 \u201curgentes\u201d el debate y sanci\u00f3n de las reformas laboral, impositiva y del c\u00f3digo penal.&nbsp;<\/p>\n<p>\u201cLa modernizaci\u00f3n laboral es imprescindible y no va a haber nada m\u00e1s federal que esta etapa del Gobierno, donde vamos a discutir todas las leyes con las provincias y el Congreso\u201d, afirm\u00f3 Adorni, en sus primeras declaraciones p\u00fablicas tras su designaci\u00f3n.&nbsp;<\/p>\n<p>El todav\u00eda vocero presidencial (el lunes ser\u00e1 oficializado en su nuevo cargo y jurar\u00e1 el mi\u00e9rcoles) anticip\u00f3 un per\u00edodo de gesti\u00f3n marcado por la b\u00fasqueda de consensos para avanzar con las reformas estructurales y un marcado car\u00e1cter federal en la toma de decisiones.<\/p>\n<p>El funcionario destac\u00f3 que la instrucci\u00f3n presidencial es clara: \u201cTodos los ministros, ahora yo en mi car\u00e1cter de jefe de Gabinete, tenemos la instrucci\u00f3n del presidente de llevar adelante esas reformas, que se hagan realidad y seguir cambiando a la Argentina\u201d. Entre las prioridades de la gesti\u00f3n figuran la reforma laboral, la modernizaci\u00f3n del C\u00f3digo Penal y la reforma impositiva, tres proyectos que, seg\u00fan Adorni, \u201cdeben darse de manera urgente\u201d y cuya aprobaci\u00f3n ser\u00e1 determinante para el crecimiento nacional.<\/p>\n<p>En ese marco, Adorni se refiri\u00f3 a la reciente reuni\u00f3n con los gobernadores tras el Pacto de Mayo y resalt\u00f3 el consenso alcanzado: \u201cSe los not\u00f3 con ganas de colaborar en este cambio. Creo que ese es un consenso que ya est\u00e1 determinado o eso es lo que marc\u00f3 la reuni\u00f3n con los gobernadores\u201d. Subray\u00f3 que el Ejecutivo nacional promover\u00e1 el di\u00e1logo y la apertura, e insisti\u00f3: \u201cEl Presidente les manifest\u00f3 de manera directa y contundente que el di\u00e1logo con los gobernadores va a ser permanente y en pos de que la Argentina siga saliendo adelante\u201d.<\/p>\n<p>Consultado en Radio Mitre sobre la reacci\u00f3n de la CGT ante la reforma laboral, Adorni se\u00f1al\u00f3: \u201cEl sindicalismo argentino, que est\u00e1 a favor del trabajador, deber\u00eda estar de acuerdo con una modernizaci\u00f3n laboral, cuando sus propios trabajadores hoy tienen 50% o 45% de informalidad\u201d. Agreg\u00f3 que el marco normativo actual perjudica especialmente a las pymes y a los peque\u00f1os emprendimientos: \u201cCuando uno habla de informalidad laboral, es la gente que hoy no tiene ning\u00fan derecho. Cuando defend\u00e9s este sistema laboral, lo que est\u00e1s haciendo es defender el no derecho de la mitad de los trabajadores\u201d.<\/p>\n<p>Al abordar rumores sobre la reforma y posibles impactos negativos, el flamante jefe de Gabinete fue enf\u00e1tico: \u201cNos han acusado de querer cerrar las universidades, ah\u00ed ten\u00e9s a las universidades funcionando como siempre. Nos acusaron de querer eliminar jubilaciones, ah\u00ed ten\u00e9s el sistema con sus problemas, pero exactamente igual que siempre. Nos han acusado de todo y lo que te demuestra el tiempo es que cuando no ten\u00e9s nada para aportar, lo \u00fanico que hac\u00e9s es tratar de hacer da\u00f1o\u201d. En ese sentido, subray\u00f3 el compromiso de entregar los borradores de los proyectos a todos los sectores involucrados y difundir \u201csolo informaci\u00f3n oficial\u201d.<\/p>\n<p>Sobre ese tema, tampoco descart\u00f3 cambios en la Justicia laboral: \u201cEl presidente lo ha dicho m\u00e1s de una vez: siempre hay un grupo de abogados que lo \u00fanico que hace es utilizar la ley laboral, no para defender al trabajador o a su cliente, sino porque esta ley laboral le da una buena tajada de lo producido\u201d.<\/p>\n<p>Manuel Adorni tambi\u00e9n describi\u00f3 el proceso de su designaci\u00f3n y la transici\u00f3n que lo llev\u00f3 al cargo: \u201cA m\u00ed me lo propone el Presidente de la Naci\u00f3n. Todos saben el cari\u00f1o, el afecto y la excelent\u00edsima relaci\u00f3n que tengo desde lo personal y desde lo profesional con Karina Milei, que es una persona sensacional. Pero a m\u00ed, quien me comunica la decisi\u00f3n es el Presidente de la Naci\u00f3n, que adem\u00e1s es quien toma las decisiones sobre el Gabinete\u201d. Record\u00f3 que inici\u00f3 su recorrido como vocero, luego asumi\u00f3 la secretar\u00eda de Comunicaci\u00f3n y m\u00e1s tarde control\u00f3 los medios p\u00fablicos, hasta llegar a la jefatura de Gabinete: \u201cAl principio fue en el rol meramente de vocero. Despu\u00e9s, ellos me brindaron la confianza y el apoyo para que sea secretario de Comunicaci\u00f3n. Despu\u00e9s, para que controle los medios de comunicaci\u00f3n de las empresas que pertenecen al Estado Nacional. Y hoy me toca esta funci\u00f3n\u201d.<\/p>\n<p>Sobre Guillermo Francos, a quien reemplaza, no escatim\u00f3 elogios: \u201cFue una pieza clave. En su gesti\u00f3n se dieron cosas sensacionales como la ley de bases o la ley antimafias, o un mont\u00f3n de cuestiones que hicieron a la g\u00e9nesis del Gobierno y de todo lo bueno que pudimos hacer. Creo que hab\u00eda un ciclo cumplido y \u00e9l lo explica muy bien en su renuncia. Su \u00faltimo gesto fue poner todas las herramientas sobre la mesa para que el presidente tome las mejores decisiones\u201d.<\/p>\n<p>En otro tramo de la extensa entrevista, el jefe de Gabinete subray\u00f3 el objetivo de ampliar la discusi\u00f3n pol\u00edtica: \u201cNo va a haber nada m\u00e1s federal que esta etapa del Gobierno, donde vamos a discutir todas las leyes y donde va a haber un congreso equilibrado\u201d. Enfatiz\u00f3 que la nueva etapa requiere dejar de lado los personalismos y las especulaciones: \u201cHay que pensar en lo que necesitan los argentinos, c\u00f3mo darle herramientas a cada uno de los argentinos que quieren salir adelante\u201d.<\/p>\n<p>Reuni\u00f3n con Macri<\/p>\n<p>Adorni fue consultado tambi\u00e9n sobre la reuni\u00f3n de anoche entre Javier Milei y Mauricio Macri, justo en momentos en que se conoci\u00f3 la renuncia de Francos.<\/p>\n<p>\u201cEn general, las reuniones con el presidente Macri y el presidente Milei son reuniones que tienen un car\u00e1cter de reuni\u00f3n de amigos. Por lo tanto, hay cuestiones que quedan entre ellos y hay otras cuestiones que, por supuesto, el presidente manifiesta, pero siempre dentro de esa charla de amigos\u201d, dijo.<\/p>\n<p>Enseguida, y sin brindar demasiados detalles, revel\u00f3 que Milei le cont\u00f3 detalles de la reuni\u00f3n que hab\u00eda mantenido el jueves con gobernadores y de la \u201cbuena predisposici\u00f3n\u201d mostrada para la implementaci\u00f3n de reformas en los a\u00f1os que vienen.<\/p>\n","protected":false},"excerpt":{"rendered":"<p>El designado jefe de Gabinete adelant\u00f3 un per\u00edodo de gesti\u00f3n marcado por la \u201cb\u00fasqueda de consensos\u201d para avanzar con las reformas estructurales. Consider\u00f3 que \u201cla modernizaci\u00f3n laboral es imprescindible\u201d. Tambi\u00e9n la impositiva y del c\u00f3digo penal, que estim\u00f3 \u201curgentes\u201d El nuevo jefe de Gabinete, Manuel Adorni, adelant\u00f3 que \u201cno va a haber nada m\u00e1s federal [&hellip;]<\/p>\n","protected":false},"author":1,"featured_media":44377,"comment_status":"open","ping_status":"closed","sticky":false,"template":"","format":"standard","meta":{"om_disable_all_campaigns":false,"_monsterinsights_skip_tracking":false,"_monsterinsights_sitenote_active":false,"_monsterinsights_sitenote_note":"","_monsterinsights_sitenote_category":0},"categories":[17,21],"tags":[],"aioseo_notices":[],"_links":{"self":[{"href":"https:\/\/economiapoliticacba.com\/index.php?rest_route=\/wp\/v2\/posts\/44376"}],"collection":[{"href":"https:\/\/economiapoliticacba.com\/index.php?rest_route=\/wp\/v2\/posts"}],"about":[{"href":"https:\/\/economiapoliticacba.com\/index.php?rest_route=\/wp\/v2\/types\/post"}],"author":[{"embeddable":true,"href":"https:\/\/economiapoliticacba.com\/index.php?rest_route=\/wp\/v2\/users\/1"}],"replies":[{"embeddable":true,"href":"https:\/\/economiapoliticacba.com\/index.php?rest_route=%2Fwp%2Fv2%2Fcomments&post=44376"}],"version-history":[{"count":0,"href":"https:\/\/economiapoliticacba.com\/index.php?rest_route=\/wp\/v2\/posts\/44376\/revisions"}],"wp:featuredmedia":[{"embeddable":true,"href":"https:\/\/economiapoliticacba.com\/index.php?rest_route=\/wp\/v2\/media\/44377"}],"wp:attachment":[{"href":"https:\/\/economiapoliticacba.com\/index.php?rest_route=%2Fwp%2Fv2%2Fmedia&parent=44376"}],"wp:term":[{"taxonomy":"category","embeddable":true,"href":"https:\/\/economiapoliticacba.com\/index.php?rest_route=%2Fwp%2Fv2%2Fcategories&post=44376"},{"taxonomy":"post_tag","embeddable":true,"href":"https:\/\/economiapoliticacba.com\/index.php?rest_route=%2Fwp%2Fv2%2Ftags&post=44376"}],"curies":[{"name":"wp","href":"https:\/\/api.w.org\/{rel}","templated":true}]}}