{"id":44374,"date":"2025-11-02T00:37:00","date_gmt":"2025-11-02T00:37:00","guid":{"rendered":"https:\/\/comercioyjusticia.info\/?p=487935"},"modified":"2025-11-02T00:37:00","modified_gmt":"2025-11-02T00:37:00","slug":"kicillof-cuestiono-el-rumbo-economico-y-reclamo-por-no-ser-convocado-a-la-cumbre-de-gobernadores","status":"publish","type":"post","link":"https:\/\/economiapoliticacba.com\/?p=44374","title":{"rendered":"Kicillof cuestion\u00f3 el rumbo econ\u00f3mico y reclam\u00f3 por no ser convocado a la cumbre de gobernadores"},"content":{"rendered":"<div><img src=\"https:\/\/comercioyjusticia.info\/wp-content\/uploads\/2025\/09\/axel-kicillof-y-javier-6C5ZY7X62FB73LLQ4GQF6GPZXQ.jpg\" class=\"ff-og-image-inserted\"><\/div>\n<p>El mandatario de la Provincia de Buenos Aires difundi\u00f3 una carta p\u00fablica dirigida al presidente Javier Milei. En la misiva, critic\u00f3 la pol\u00edtica econ\u00f3mica del libertario. Tambi\u00e9n reclam\u00f3 por la apertura de un \u201cdi\u00e1logo genuino\u201d y mayor federalismo<\/p>\n<p>El gobernador de la provincia de Buenos Aires, Axel Kicillof, difundi\u00f3 una carta p\u00fablica al presidente Javier Milei en la que cuestion\u00f3 con dureza el rumbo econ\u00f3mico del gobierno nacional y denunci\u00f3 el impacto negativo de las pol\u00edticas de ajuste sobre la sociedad argentina.<\/p>\n<p>En su mensaje, Kicillof advirti\u00f3 que la recesi\u00f3n, la ca\u00edda del consumo y el aumento de la angustia social persisten a pesar del cambio de tono en la comunicaci\u00f3n presidencial, y reclam\u00f3 la apertura de un di\u00e1logo genuino que incluya a todos los sectores y respete el federalismo.<\/p>\n<p>Kicillof reconoci\u00f3 el resultado favorable que obtuvo La Libertad Avanza en las elecciones nacionales del 26 de octubre, pero subray\u00f3 que los efectos del modelo econ\u00f3mico oficial contin\u00faan afectando a jubilados, trabajadores, comerciantes, industriales, estudiantes y sectores vulnerables y medios. Seg\u00fan el gobernador, el ajuste implementado por el Gobierno nacional se traduce en una recesi\u00f3n profunda, p\u00e9rdida de empleo y un clima de desesperanza generalizada.<\/p>\n<p>El mandatario bonaerense valor\u00f3 que el Presidente haya moderado su discurso, aunque sostuvo que la tarea de gobernar exige mucho m\u00e1s que evitar los insultos: implica, seg\u00fan sus palabras, \u201cgobernar para todos los argentinos, dentro de la Constituci\u00f3n, respetando el federalismo y defendiendo el inter\u00e9s nacional\u201d. Kicillof remarc\u00f3 que ser\u00e1 la ciudadan\u00eda, dentro de dos a\u00f1os, quien evaluar\u00e1 el cumplimiento de esas obligaciones.<\/p>\n<p>En su an\u00e1lisis, Kicillof sostuvo que el plan econ\u00f3mico de Milei, basado en mantener un d\u00f3lar bajo y una recesi\u00f3n prolongada para controlar los precios, ha fracasado. Se\u00f1al\u00f3 que la intervenci\u00f3n de Scott Bessent pudo haber calmado a los mercados financieros, pero no resolvi\u00f3 los problemas cotidianos de la mayor\u00eda de los argentinos. Tambi\u00e9n record\u00f3 que el Gobierno recurri\u00f3 a este \u201csalvataje\u201d tras haber llevado a la econom\u00eda y la sociedad al borde del abismo, lo que, a su juicio, deber\u00eda invitar a la administraci\u00f3n nacional a actuar con mayor humildad y menos triunfalismo.<\/p>\n<p>Injerencia de EEUU<\/p>\n<p>El gobernador se refiri\u00f3 adem\u00e1s a la injerencia internacional en la pol\u00edtica argentina, mencionando el papel in\u00e9dito que asumi\u00f3 el presidente Donald Trump. Kicillof calific\u00f3 de \u201cvergonzoso\u201d el episodio en el que Trump amenaz\u00f3 con \u201cno ser generoso\u201d si LLA perd\u00eda, y consider\u00f3 que no existen antecedentes de una intromisi\u00f3n econ\u00f3mica y pol\u00edtica de tal magnitud y explicitud en la historia argentina. Adem\u00e1s, mencion\u00f3 la llegada al pa\u00eds de Barry Bennet, supuesto emisario de Estados Unidos, quien habr\u00eda intervenido para \u201cordenar\u201d la campa\u00f1a y el gobierno de Milei. Seg\u00fan Kicillof, esta intervenci\u00f3n pudo haber contribuido a calmar los mercados y a influir en el resultado electoral, pero a costa de una p\u00e9rdida de soberan\u00eda y dignidad nacional, y de compromisos que no se hicieron p\u00fablicos.<\/p>\n<p>En otro tramo de la carta, Kicillof advirti\u00f3 que el respaldo internacional no puede sustituir el apoyo del pueblo argentino. Aludiendo a una frase habitual del Presidente, se\u00f1al\u00f3: \u201cLa suma de quienes no votaron por su fuerza pol\u00edtica y los millones de argentinos que no fueron a votar constituyen una mayor\u00eda social que no lo est\u00e1 aplaudiendo precisamente\u201d.<\/p>\n<p>Convocatoria<\/p>\n<p>El gobernador critic\u00f3 la exclusi\u00f3n de ciertos mandatarios provinciales de los espacios de di\u00e1logo convocados por el Gobierno nacional, y subray\u00f3 que las provincias no invitadas representan a m\u00e1s del cuarenta por ciento de la poblaci\u00f3n argentina. Defendi\u00f3 la legitimidad democr\u00e1tica de los gobernadores y calific\u00f3 la exclusi\u00f3n como un gesto antidemocr\u00e1tico y contrario al esp\u00edritu federal.<\/p>\n<p>\u201cNo es buena se\u00f1al excluir a los gobernadores que considera \u00b4enemigos\u00b4. Las provincias que usted decidi\u00f3 no convocar representan a m\u00e1s de 40% de la poblaci\u00f3n argentina. Y los gobernadores que las conducimos fuimos elegidos democr\u00e1ticamente, al igual que usted, para defender los intereses de nuestros pueblos\u201d, dijo.<\/p>\n<p>Kicillof reiter\u00f3 su llamado a una reuni\u00f3n para articular pol\u00edticas p\u00fablicas, dejando en claro que no ceder\u00e1 en la defensa de los intereses de la provincia de Buenos Aires ni de las convicciones de su fuerza pol\u00edtica. En esa l\u00ednea, denunci\u00f3 que la provincia de Buenos Aires ha sido especialmente perjudicada por la administraci\u00f3n nacional. Detall\u00f3 recortes en seguridad, quita de subsidios al transporte, paralizaci\u00f3n de obras de infraestructura y una ca\u00edda de la recaudaci\u00f3n agravada por la recesi\u00f3n y el aumento de la demanda social.<\/p>\n<p>El Gobernador calific\u00f3 la situaci\u00f3n como de emergencia y responsabiliz\u00f3 al Gobierno nacional por desertar de sus obligaciones. Sostuvo que el ajuste fiscal, presentado como \u201csuper\u00e1vit\u201d, se logr\u00f3 en gran medida mediante la quita ilegal de fondos a las provincias. En el caso de Buenos Aires, enumer\u00f3 la eliminaci\u00f3n del Fondo de Seguridad, el Fondo de Incentivo Docente, el Fondo Compensador para los Jubilados, la paralizaci\u00f3n de mil obras y diecis\u00e9is mil viviendas, y afirm\u00f3 que la deuda con los bonaerenses supera los doce millones de millones de pesos. Kicillof enfatiz\u00f3 que la provincia aporta el cuarenta por ciento de la recaudaci\u00f3n nacional y recibe apenas el siete por ciento, lo que calific\u00f3 como \u201cinjusticia estructural\u201d.<\/p>\n<p>En relaci\u00f3n con la agenda de reformas propuesta por el Gobierno nacional, Kicillof sostuvo que estas deber\u00edan orientarse a promover un desarrollo federal con justicia social, fortalecer los intereses nacionales y favorecer un Estado eficaz capaz de corregir desigualdades. Expres\u00f3 su preocupaci\u00f3n por la falta de detalles sobre las propuestas oficiales y advirti\u00f3 que las declaraciones de funcionarios y accionistas extranjeros sugieren una direcci\u00f3n que agravar\u00eda las desigualdades.<\/p>\n<p>Por otro lado, envi\u00f3 un mensaje interno al peronismo. Advirti\u00f3 que no acompa\u00f1ar\u00e1 reformas que impliquen la quita de derechos, la destrucci\u00f3n de la producci\u00f3n o un mayor ahogo social.<\/p>\n<p>El Gobernador propuso discutir estos temas con seriedad, recordando que ya hab\u00eda convocado al di\u00e1logo tras las elecciones provinciales del 7 de septiembre, y que ahora lo hace nuevamente tras la derrota en la elecci\u00f3n nacional en la provincia.<\/p>\n<p>En el cierre de la carta, Kicillof advirti\u00f3: \u201cLos argentinos la est\u00e1n pasando mal. Las familias est\u00e1n endeudadas, los comercios vac\u00edos, la industria paralizada, los salarios pulverizados. Los municipios y las provincias sostienen con esfuerzo lo que el Estado nacional abandona. Su pol\u00edtica econ\u00f3mica est\u00e1 destruyendo el tejido social y productivo de la Argentina. Por eso le pido que escuche, que corrija, que dialogue. No con los mercados, sino con la gente. No con los poderosos de afuera, sino con los trabajadores, los empresarios y los gobernadores de su propio pa\u00eds. El futuro de la Argentina no se construye con odio ni sometimiento, sino con respeto, cooperaci\u00f3n y amor a la Patria\u201d, seg\u00fan la carta publicada en el sitio oficial de Axel Kicillof.<\/p>\n","protected":false},"excerpt":{"rendered":"<p>El mandatario de la Provincia de Buenos Aires difundi\u00f3 una carta p\u00fablica dirigida al presidente Javier Milei. En la misiva, critic\u00f3 la pol\u00edtica econ\u00f3mica del libertario. Tambi\u00e9n reclam\u00f3 por la apertura de un \u201cdi\u00e1logo genuino\u201d y mayor federalismo El gobernador de la provincia de Buenos Aires, Axel Kicillof, difundi\u00f3 una carta p\u00fablica al presidente Javier [&hellip;]<\/p>\n","protected":false},"author":1,"featured_media":44375,"comment_status":"open","ping_status":"closed","sticky":false,"template":"","format":"standard","meta":{"om_disable_all_campaigns":false,"_monsterinsights_skip_tracking":false,"_monsterinsights_sitenote_active":false,"_monsterinsights_sitenote_note":"","_monsterinsights_sitenote_category":0},"categories":[17,21],"tags":[],"aioseo_notices":[],"_links":{"self":[{"href":"https:\/\/economiapoliticacba.com\/index.php?rest_route=\/wp\/v2\/posts\/44374"}],"collection":[{"href":"https:\/\/economiapoliticacba.com\/index.php?rest_route=\/wp\/v2\/posts"}],"about":[{"href":"https:\/\/economiapoliticacba.com\/index.php?rest_route=\/wp\/v2\/types\/post"}],"author":[{"embeddable":true,"href":"https:\/\/economiapoliticacba.com\/index.php?rest_route=\/wp\/v2\/users\/1"}],"replies":[{"embeddable":true,"href":"https:\/\/economiapoliticacba.com\/index.php?rest_route=%2Fwp%2Fv2%2Fcomments&post=44374"}],"version-history":[{"count":0,"href":"https:\/\/economiapoliticacba.com\/index.php?rest_route=\/wp\/v2\/posts\/44374\/revisions"}],"wp:featuredmedia":[{"embeddable":true,"href":"https:\/\/economiapoliticacba.com\/index.php?rest_route=\/wp\/v2\/media\/44375"}],"wp:attachment":[{"href":"https:\/\/economiapoliticacba.com\/index.php?rest_route=%2Fwp%2Fv2%2Fmedia&parent=44374"}],"wp:term":[{"taxonomy":"category","embeddable":true,"href":"https:\/\/economiapoliticacba.com\/index.php?rest_route=%2Fwp%2Fv2%2Fcategories&post=44374"},{"taxonomy":"post_tag","embeddable":true,"href":"https:\/\/economiapoliticacba.com\/index.php?rest_route=%2Fwp%2Fv2%2Ftags&post=44374"}],"curies":[{"name":"wp","href":"https:\/\/api.w.org\/{rel}","templated":true}]}}