{"id":44344,"date":"2025-10-31T21:32:00","date_gmt":"2025-10-31T21:32:00","guid":{"rendered":"https:\/\/economiapoliticacba.com\/?p=44344"},"modified":"2025-10-31T21:32:00","modified_gmt":"2025-10-31T21:32:00","slug":"se-rompio-la-unidad-kicillof-encara-su-propio-armado-nacional-para-2027","status":"publish","type":"post","link":"https:\/\/economiapoliticacba.com\/?p=44344","title":{"rendered":"Se rompi\u00f3 la &#8220;unidad&#8221;: Kicillof encara su propio armado nacional para 2027"},"content":{"rendered":"<p><mark class=\"marker-yellow\"><strong>&#8220;El acuerdo entre Axel y Cristina fue de listas conjuntas y no de unidad, a sabiendas de que hab\u00eda much\u00edsimas diferencias internas. Y hoy nos dimos cuenta que no nos equivoc\u00e1bamos&#8221;<\/strong><\/mark>, sostuvieron fuentes cercanas a gobernador <strong>Axel Kicillof<\/strong> en di\u00e1logo con&nbsp;<strong>El Economista<\/strong>. Asimismo, aseguraron que el <strong>Movimiento Derecho al Futuro<\/strong> (MDF) empez\u00f3 a preparar una alternativa a Javier Milei para las elecciones de 2027, con independencia de La C\u00e1mpora.<\/p>\n<p>La interna peronista se reaviv\u00f3 luego de la derrota que sufri\u00f3 Fuerza Patria en las elecciones legislativas celebradas el domingo. &#8220;La <a href=\"https:\/\/eleconomista.com.ar\/politica\/cristina-kirchner-rompio-silencio-tras-impactante-derrota-fue-error-n90033\" target=\"_blank\" rel=\"noopener\"><strong>carta de Cristina Kirchner<\/strong><\/a> no nos sorprendi\u00f3, no gener\u00f3 nada. Lo est\u00e1bamos esperando&#8221;, afirmaron.<\/p>\n<div class=\"raw-html-embed\" readability=\"9.047619047619\">\n<blockquote class=\"twitter-tweet\" readability=\"11.428571428571\">\n<p lang=\"es\" dir=\"ltr\">A los compa\u00f1eros y compa\u00f1eras militantes:<\/p>\n<p>En primer lugar quiero dar un profundo reconocimiento y agradecimiento a todos los compa\u00f1eros y compa\u00f1eras que trabajaron a lo largo y a lo ancho del pa\u00eds en nombre del peronismo para estas elecciones.<\/p>\n<p>Al mismo tiempo, con el objetivo&#8230;<\/p>\n<p>\u2014 Cristina Kirchner (@CFKArgentina) <a href=\"https:\/\/twitter.com\/CFKArgentina\/status\/1984213812770209855?ref_src=twsrc%5Etfw\">October 31, 2025<\/a><\/p><\/blockquote><\/div>\n<p>El MDF fundado por Kicillof ya posa su mirada en 2027. Seg\u00fan dijeron desde el entorno del gobernador, los \u00faltimos comicios probaron que <strong>&#8220;con <\/strong><a href=\"https:\/\/eleconomista.com.ar\/politica\/el-peronismo-actua-como-derrumbe-gobierno-turno-pudiera-ahorrarle-tarea-renovarse-opinan-seman-fornoni-romero-n89939\" target=\"_blank\" rel=\"noopener\"><strong>esta unidad del peronismo<\/strong><\/a><strong> no alcanza a nivel nacional&#8221;<\/strong>. De esta forma, empezaron a &#8220;construir una alternativa federal para tratar de ganar las <strong>elecciones nacionales en 2027<\/strong>&#8220;, ampliando el espacio. Sin embargo, subrayaron que <mark class=\"marker-yellow\"><strong>&#8220;eso no implica estar construyendo la candidatura presidencial de Kicillof&#8221;<\/strong><\/mark>.<\/p>\n<p>En la misma l\u00ednea, hicieron hincapi\u00e9 en la necesidad de producir una alternativa a Milei que sea atractiva para la poblaci\u00f3n: <strong>&#8220;Si nos dedicamos solo a hacer fotos de dirigentes, no vamos a volver a ganar una elecci\u00f3n nacional&#8221;<\/strong>.<\/p>\n<div class=\"rela\">\n<div class=\"pic\"> <a href=\"https:\/\/eleconomista.com.ar\/politica\/cristina-kirchner-rompio-silencio-tras-impactante-derrota-fue-error-n90033\" title=\"Cristina Kirchner rompi\u00f3 el silencio tras la impactante derrota: &quot;FUE UN ERROR&quot;\"><img src=\"http:\/\/economiapoliticacba.com\/wp-content\/uploads\/2025\/11\/se-rompio-la-unidad-kicillof-encara-su-propio-armado-nacional-para-2027.webp\" alt=\"Cristina Kirchner rompi\u00f3 el silencio tras la impactante derrota: &quot;FUE UN ERROR&quot;\" loading=\"lazy\"><\/a> <\/div><\/div>\n<figure class=\"image\"><img loading=\"lazy\" width=\"100\" height=\"100\" class=\"cst_img\" src=\"http:\/\/economiapoliticacba.com\/wp-content\/uploads\/2025\/11\/se-rompio-la-unidad-kicillof-encara-su-propio-armado-nacional-para-2027-1.webp\" alt=\"Kicillof\"><figcaption>Kicillof, tras el triunfo provincial de septiembre<\/figcaption><\/figure>\n<p>Si bien no descartaron una eventual alianza con La C\u00e1mpora para 2027, sostuvieron que eso se definir\u00e1 m\u00e1s adelante. Las prioridades ahora son dos: la construcci\u00f3n de una alternativa a la gesti\u00f3n de Javier Milei y proteger la gobernabilidad en la provincia de Buenos Aires. <strong>&#8220;Tenemos el desaf\u00edo de aprobar las leyes. Tendr\u00e1n oportunidad de ver si son parte del oficialismo o no&#8221;<\/strong>, dijeron.<\/p>\n<ul>\n<li>Al menos seis miembros del gabinete de la provincia de Buenos Aires responden a la expresidenta: Nicol\u00e1s Kreplak (Salud), Daniela Vilar (Ambiente), Juan Mart\u00edn Mena (Justicia y Derechos Humanos), Homero Giles (Instituto Obra M\u00e9dico Asistencial), Marina Moretti (Instituto de Previsi\u00f3n Social), y Florencia Saintout (Instituto Cultural).<\/li>\n<\/ul>\n<h2>La reacci\u00f3n de los intendentes<\/h2>\n<p>Los <strong>intendentes <\/strong>que responden al gobernador expresaron <strong>malestar por la carta de Cristina Kirchner<\/strong>. Dijeron que los responsabiliz\u00f3 por el resultado electoral, que represent\u00f3 la ruptura con Kicillof y que no deber\u00eda haberlo hecho p\u00fablico.<\/p>\n<div class=\"rela\">\n<div class=\"pic\"> <a href=\"https:\/\/eleconomista.com.ar\/politica\/los-gestos-maximo-anticiparon-tan-nuevas-tensiones-peronismo-n89929\" title=\"Los gestos de M\u00e1ximo que anticiparon las no tan nuevas tensiones en el peronismo\"><img src=\"http:\/\/economiapoliticacba.com\/wp-content\/uploads\/2025\/11\/se-rompio-la-unidad-kicillof-encara-su-propio-armado-nacional-para-2027-2.webp\" alt=\"Los gestos de M\u00e1ximo que anticiparon las no tan nuevas tensiones en el peronismo\" loading=\"lazy\"><\/a> <\/div><\/div>\n<p>Este viernes por la tarde, <a href=\"https:\/\/eleconomista.com.ar\/politica\/milei-reunio-20-gobernadores-casa-rosada-celebro-paso-importante-reformas-n90012\" target=\"_blank\" rel=\"noopener\">el gobernador<\/a> encabez\u00f3 una reuni\u00f3n con los jefes municipales que forman parte del MDF para analizar los comicios y debatir sobre la gesti\u00f3n.<\/p>\n<figure class=\"image\"><img loading=\"lazy\" width=\"100\" height=\"100\" class=\"cst_img\" src=\"http:\/\/economiapoliticacba.com\/wp-content\/uploads\/2025\/11\/se-rompio-la-unidad-kicillof-encara-su-propio-armado-nacional-para-2027-3.webp\" alt=\"Mario Secco, intendente de Ensenada y cercano a Kicillof, particip\u00f3 de la reuni\u00f3n del PJ.\"><figcaption>El gobernador Kicillof y Mario Secco, intendente de Ensenada<\/figcaption><\/figure>\n<p>Luego de las elecciones, el intendente de Ensenada, <strong>Mario Secco<\/strong>, sostuvo que el gobernador &#8220;fue el \u00fanico que ha puesto tanto en valor a los intendentes&#8221;. En tanto, el jefe comunal de Salto, <strong>Ricardo Alessandro<\/strong>, afirm\u00f3 que &#8220;la gente no quiere m\u00e1s a La C\u00e1mpora, no lo quiere m\u00e1s a M\u00e1ximo Kirchner, no la quiere m\u00e1s a Cristina Kirchner bailando en el balc\u00f3n, ni a Juan Grabois&#8221;.<\/p>\n<h2>Las frases de Cristina que sacudieron la interna<\/h2>\n<ul>\n<li>&#8220;Todos los gobernadores peronistas (Ziliotto de La Pampa, Quintela de La Rioja, Jalil de Catamarca, Jaldo de Tucum\u00e1n, Insfr\u00e1n de Formosa) ganaron en estas elecciones parlamentarias. <mark class=\"marker-yellow\"><strong>La excepci\u00f3n de lo ocurrido en la Provincia de Buenos Aires obedece a un error pol\u00edtico al equivocar la estrategia electoral, decidiendo el desdoblamiento<\/strong><\/mark>&#8220;.<\/li>\n<li>&#8220;Ante la decisi\u00f3n del Gobernador de desdoblar la elecci\u00f3n provincial, como presidenta del PJ nacional instru\u00ed a nuestra fuerza pol\u00edtica en la Legislatura bonaerense a desistir del Proyecto de Ley de Concurrencia Electoral que ten\u00eda como objetivo que los bonaerenses votaran una sola vez <strong>PARA NO DIVIDIR LOS ESFUERZOS EN DOS ELECCIONES SEPARADAS POR APENAS 49 D\u00cdAS<\/strong>&#8220;.<\/li>\n<li>&#8220;En privado (por la caracter\u00edstica del planteo) tambi\u00e9n sostuve que adelantar las elecciones de la PBA era muy riesgoso tanto por su peso electoral y su valor simb\u00f3lico, como porque si se perd\u00eda iba a tener un efecto devastador para el peronismo a nivel nacional y si se ganaba iba a producir un<strong> &#8216;efecto balotaje&#8217; que permitir\u00eda reagrupar todo el voto antiperonista <\/strong>para las legislativas de octubre&#8221;.<\/li>\n<li>&#8220;NO ME INTERESA TENER RAZ\u00d3N, <strong>ME INTERESA GANAR LAS ELECCIONES<\/strong>; como tambi\u00e9n se lo dije personalmente al Gobernador&#8221;.<\/li>\n<\/ul>\n","protected":false},"excerpt":{"rendered":"<p>&#8220;El acuerdo entre Axel y Cristina fue de listas conjuntas y no de unidad, a sabiendas de que hab\u00eda much\u00edsimas diferencias internas. Y hoy nos dimos cuenta que no nos equivoc\u00e1bamos&#8221;, sostuvieron fuentes cercanas a gobernador Axel Kicillof en di\u00e1logo con&nbsp;El Economista. Asimismo, aseguraron que el Movimiento Derecho al Futuro (MDF) empez\u00f3 a preparar una [&hellip;]<\/p>\n","protected":false},"author":1,"featured_media":44345,"comment_status":"closed","ping_status":"closed","sticky":false,"template":"","format":"standard","meta":{"om_disable_all_campaigns":false,"_monsterinsights_skip_tracking":false,"_monsterinsights_sitenote_active":false,"_monsterinsights_sitenote_note":"","_monsterinsights_sitenote_category":0},"categories":[17,21],"tags":[],"aioseo_notices":[],"_links":{"self":[{"href":"https:\/\/economiapoliticacba.com\/index.php?rest_route=\/wp\/v2\/posts\/44344"}],"collection":[{"href":"https:\/\/economiapoliticacba.com\/index.php?rest_route=\/wp\/v2\/posts"}],"about":[{"href":"https:\/\/economiapoliticacba.com\/index.php?rest_route=\/wp\/v2\/types\/post"}],"author":[{"embeddable":true,"href":"https:\/\/economiapoliticacba.com\/index.php?rest_route=\/wp\/v2\/users\/1"}],"replies":[{"embeddable":true,"href":"https:\/\/economiapoliticacba.com\/index.php?rest_route=%2Fwp%2Fv2%2Fcomments&post=44344"}],"version-history":[{"count":0,"href":"https:\/\/economiapoliticacba.com\/index.php?rest_route=\/wp\/v2\/posts\/44344\/revisions"}],"wp:featuredmedia":[{"embeddable":true,"href":"https:\/\/economiapoliticacba.com\/index.php?rest_route=\/wp\/v2\/media\/44345"}],"wp:attachment":[{"href":"https:\/\/economiapoliticacba.com\/index.php?rest_route=%2Fwp%2Fv2%2Fmedia&parent=44344"}],"wp:term":[{"taxonomy":"category","embeddable":true,"href":"https:\/\/economiapoliticacba.com\/index.php?rest_route=%2Fwp%2Fv2%2Fcategories&post=44344"},{"taxonomy":"post_tag","embeddable":true,"href":"https:\/\/economiapoliticacba.com\/index.php?rest_route=%2Fwp%2Fv2%2Ftags&post=44344"}],"curies":[{"name":"wp","href":"https:\/\/api.w.org\/{rel}","templated":true}]}}