{"id":44340,"date":"2025-10-31T19:44:00","date_gmt":"2025-10-31T19:44:00","guid":{"rendered":"https:\/\/comercioyjusticia.info\/?p=487885"},"modified":"2025-10-31T19:44:00","modified_gmt":"2025-10-31T19:44:00","slug":"gremialistas-toman-oficinas-del-garrahan-el-gobierno-denuncio-maniobra-politica","status":"publish","type":"post","link":"https:\/\/economiapoliticacba.com\/?p=44340","title":{"rendered":"Gremialistas toman oficinas del Garrahan: el gobierno denunci\u00f3 maniobra pol\u00edtica"},"content":{"rendered":"<div><img src=\"https:\/\/comercioyjusticia.info\/wp-content\/uploads\/2022\/10\/hospital-Garrahan.jpg\" class=\"ff-og-image-inserted\"><\/div>\n<p>El vocero presidencial Manuel Adorni repudi\u00f3 la <strong>toma de oficinas en el Hospital Garrahan por parte de un grupo de sindicalistas de ATE y APyT <\/strong>y advirti\u00f3 que el reclamo no es salarial sino pol\u00edtico.<\/p>\n<p><strong>\u201cMientras el Hospital Garrahan mejora su infraestructura, reabre quir\u00f3fanos y compra equipamiento con fondos propios, algunos gremios vuelven a politizar, usando la violencia y tomando oficinas por la fuerza\u201d, escribi\u00f3 el funcionario en su cuenta de X.<\/strong><\/p>\n<p>En su mensaje, Adorni tambi\u00e9n hizo menci\u00f3n a la <strong>deuda que mantiene con el Garrahan la obra social del Estado bonaerense, IOMA<\/strong>, que depende del gobernador Axel Kicillof, a fin de reforzar su postura.<\/p>\n<p>El ministro de Salud <strong>Mario Lugones tambi\u00e9n se pronunci\u00f3<\/strong>: advirti\u00f3 que el Gobierno nacional no va a permitir que \u201cla casta sindical\u201d y grupos violentos \u201cvuelvan a poner sus intereses por encima de los chicos\u201d.<\/p>\n<p>\u201cEl que para no cobra, por eso quienes pararon 9 veces el \u00faltimo mes tuvieron descuentos en sus haberes. Queremos que el Garrahan sea el hospital pedi\u00e1trico de referencia de toda Am\u00e9rica Latina, libre de quienes lo usaron como bandera pol\u00edtica para su propio beneficio\u201d, agreg\u00f3 Lugones en su cuenta de X.<\/p>\n<p><strong>\u201cEs tan claro que lo usan pol\u00edticamente, que hacen esta medida justo el d\u00eda que el Gobierno aument\u00f3 el presupuesto del hospital en $20 mil millones\u201d, sum\u00f3.<\/strong><\/p>\n<p>\u201cCada peso que antes se malgastaba, hoy se invierte en su equipo de salud, en tecnolog\u00eda y en obras. El hospital tiene las cuentas en orden y los recursos van a donde deben ir, a los que trabajan y a los pacientes. <strong>El Garrahan es de los chicos y sus familias<\/strong>, no de quienes lo utilizan \u00fanicamente para mantener sus privilegios y hacer pol\u00edtica\u201d, cerr\u00f3.<\/p>\n","protected":false},"excerpt":{"rendered":"<p>El vocero presidencial Manuel Adorni repudi\u00f3 la toma de oficinas en el Hospital Garrahan por parte de un grupo de sindicalistas de ATE y APyT y advirti\u00f3 que el reclamo no es salarial sino pol\u00edtico. \u201cMientras el Hospital Garrahan mejora su infraestructura, reabre quir\u00f3fanos y compra equipamiento con fondos propios, algunos gremios vuelven a politizar, [&hellip;]<\/p>\n","protected":false},"author":1,"featured_media":44341,"comment_status":"open","ping_status":"closed","sticky":false,"template":"","format":"standard","meta":{"om_disable_all_campaigns":false,"_monsterinsights_skip_tracking":false,"_monsterinsights_sitenote_active":false,"_monsterinsights_sitenote_note":"","_monsterinsights_sitenote_category":0},"categories":[21],"tags":[],"aioseo_notices":[],"_links":{"self":[{"href":"https:\/\/economiapoliticacba.com\/index.php?rest_route=\/wp\/v2\/posts\/44340"}],"collection":[{"href":"https:\/\/economiapoliticacba.com\/index.php?rest_route=\/wp\/v2\/posts"}],"about":[{"href":"https:\/\/economiapoliticacba.com\/index.php?rest_route=\/wp\/v2\/types\/post"}],"author":[{"embeddable":true,"href":"https:\/\/economiapoliticacba.com\/index.php?rest_route=\/wp\/v2\/users\/1"}],"replies":[{"embeddable":true,"href":"https:\/\/economiapoliticacba.com\/index.php?rest_route=%2Fwp%2Fv2%2Fcomments&post=44340"}],"version-history":[{"count":0,"href":"https:\/\/economiapoliticacba.com\/index.php?rest_route=\/wp\/v2\/posts\/44340\/revisions"}],"wp:featuredmedia":[{"embeddable":true,"href":"https:\/\/economiapoliticacba.com\/index.php?rest_route=\/wp\/v2\/media\/44341"}],"wp:attachment":[{"href":"https:\/\/economiapoliticacba.com\/index.php?rest_route=%2Fwp%2Fv2%2Fmedia&parent=44340"}],"wp:term":[{"taxonomy":"category","embeddable":true,"href":"https:\/\/economiapoliticacba.com\/index.php?rest_route=%2Fwp%2Fv2%2Fcategories&post=44340"},{"taxonomy":"post_tag","embeddable":true,"href":"https:\/\/economiapoliticacba.com\/index.php?rest_route=%2Fwp%2Fv2%2Ftags&post=44340"}],"curies":[{"name":"wp","href":"https:\/\/api.w.org\/{rel}","templated":true}]}}