{"id":44338,"date":"2025-10-31T20:05:25","date_gmt":"2025-10-31T20:05:25","guid":{"rendered":"https:\/\/comercioyjusticia.info\/?p=487900"},"modified":"2025-10-31T20:05:25","modified_gmt":"2025-10-31T20:05:25","slug":"cuadernos-la-acusadora-reitero-que-es-la-investigacion-por-corrupcion-mas-extensa-de-la-historia-nacional","status":"publish","type":"post","link":"https:\/\/economiapoliticacba.com\/?p=44338","title":{"rendered":"Cuadernos: la acusadora reiter\u00f3 que es la investigaci\u00f3n por corrupci\u00f3n m\u00e1s extensa de la historia nacional"},"content":{"rendered":"<div><img src=\"https:\/\/comercioyjusticia.info\/wp-content\/uploads\/2020\/12\/10-Causa-Cuadernos.jpg\" class=\"ff-og-image-inserted\"><\/div>\n<p>El 6 de noviembre comienza en juicio por el caso \u201cCuadernos\u201d. Por decisi\u00f3n de los jueces de Tribunal Oral Federal N\u00famero 7 Germ\u00e1n Castelli, Enrique M\u00e9ndez Signori y Fernando Canero,<strong> las audiencias ser\u00e1 virtuales, por la magnitud del expediente y la cantidad de encartados.<\/strong><\/p>\n<p><strong>La fiscal general&nbsp;Fabiana Le\u00f3n, quien llevar\u00e1 adelante la acusaci\u00f3n, reiter\u00f3 que se trata de la investigaci\u00f3n de hechos de corrupci\u00f3n m\u00e1s extensa de la historia judicial argentina, solo comparable \u201ca unas pocas a nivel mundial\u201d.<\/strong><\/p>\n<p>Lo dijo en un informe que present\u00f3 con detalles del debate que tendr\u00e1 a la ex presidenta&nbsp;Cristina Fern\u00e1ndez de Kirchner en el banquillo, junto a ex funcionarios y una decena de empresarios. En total, <strong>hay 174 acusados.<\/strong><\/p>\n<p><strong>El caso, elevado a juicio oral en 2019 por el fallecido Claudio Bonadio,&nbsp;es considerado por la Justicia como la mayor maniobra de corrupci\u00f3n de los \u00faltimos 20 a\u00f1os.<\/strong><\/p>\n<p>La estructura investigada habr\u00eda funcionado desde el Ministerio de Planificaci\u00f3n Federal, que recolect\u00f3 sobornos de empresarios contratistas del Estado a cambio de la adjudicaci\u00f3n de obras y negocios.<\/p>\n<p><strong>Entre las pruebas hay confesiones, testimonios de pol\u00edticos y empresarios, informes de la ex AFIP y organismos estatales, im\u00e1genes de c\u00e1maras de seguridad y documentaci\u00f3n bancaria.<\/strong><\/p>\n<p>La ex jefa de Estado est\u00e1 acusada como jefa de la asociaci\u00f3n il\u00edcita y por recibir coimas para direccionar contratos de obra p\u00fablica.<\/p>\n<p><strong>Manuscritos<br \/><\/strong>El Tribunal Oral Federal N\u00b07 incorpor\u00f3 como prueba clave un&nbsp;peritaje caligr\u00e1fico de<strong> Gendarmer\u00eda Nacional <\/strong>que atribuy\u00f3 al ex chofer Oscar Centeno la autor\u00eda de los cuadernos manuscritos&nbsp;en los que se detallan presuntos pagos ilegales.<\/p>\n<p>El informe se sum\u00f3 a la instrucci\u00f3n suplementaria y ser\u00e1 analizado durante el juicio.<\/p>\n<p>La pericia fue realizada sobre los cuadernos <strong>originales conservados bajo custodia judicial <\/strong>en una caja fuerte y sobre las copias digitalizadas. Se comprob\u00f3 la correspondencia entre ambos soportes, salvo por algunas excepciones.<\/p>\n<p>El estudio confirm\u00f3 la falta del cuaderno n\u00famero cinco, cuyo original no pudo ser hallado. Tambi\u00e9n se detectaron tachaduras y enmiendas en otro, cuya autor\u00eda no pudo establecerse con certeza.<\/p>\n<p>Sin embargo, postul\u00f3 que hay correspondencia plena entre los cuadernos identificados como 1, 2, 4, 6, 7 y 8 y sus respectivas versiones digitalizadas.<\/p>\n<p><strong>Los peritos concluyeron que&nbsp;Centeno es el autor de los manuscritos: se basaron en la comparaci\u00f3n con un cuerpo de escritura realizado por \u00e9l mismo en sede judicial, en el marco de su declaraci\u00f3n como arrepentido.<\/strong><\/p>\n<p><strong>El an\u00e1lisis caligr\u00e1fico detall\u00f3 que&nbsp;las anotaciones se hicieron con diferentes lapiceras y en distintos per\u00edodos de tiempo, algo que refuerza la idea de una construcci\u00f3n progresiva y no artificial.<\/strong><\/p>\n<p>\u201cFueron ejecutados de manera libre y espont\u00e1nea, se suceden con movimientos \u00e1giles y veloces, permitiendo revelar aspectos gr\u00e1ficos incorporados en su haber escritural\u201d, determin\u00f3 el documento.<\/p>\n","protected":false},"excerpt":{"rendered":"<p>El 6 de noviembre comienza en juicio por el caso \u201cCuadernos\u201d. Por decisi\u00f3n de los jueces de Tribunal Oral Federal N\u00famero 7 Germ\u00e1n Castelli, Enrique M\u00e9ndez Signori y Fernando Canero, las audiencias ser\u00e1 virtuales, por la magnitud del expediente y la cantidad de encartados. La fiscal general&nbsp;Fabiana Le\u00f3n, quien llevar\u00e1 adelante la acusaci\u00f3n, reiter\u00f3 que [&hellip;]<\/p>\n","protected":false},"author":1,"featured_media":44339,"comment_status":"open","ping_status":"closed","sticky":false,"template":"","format":"standard","meta":{"om_disable_all_campaigns":false,"_monsterinsights_skip_tracking":false,"_monsterinsights_sitenote_active":false,"_monsterinsights_sitenote_note":"","_monsterinsights_sitenote_category":0},"categories":[21],"tags":[],"aioseo_notices":[],"_links":{"self":[{"href":"https:\/\/economiapoliticacba.com\/index.php?rest_route=\/wp\/v2\/posts\/44338"}],"collection":[{"href":"https:\/\/economiapoliticacba.com\/index.php?rest_route=\/wp\/v2\/posts"}],"about":[{"href":"https:\/\/economiapoliticacba.com\/index.php?rest_route=\/wp\/v2\/types\/post"}],"author":[{"embeddable":true,"href":"https:\/\/economiapoliticacba.com\/index.php?rest_route=\/wp\/v2\/users\/1"}],"replies":[{"embeddable":true,"href":"https:\/\/economiapoliticacba.com\/index.php?rest_route=%2Fwp%2Fv2%2Fcomments&post=44338"}],"version-history":[{"count":0,"href":"https:\/\/economiapoliticacba.com\/index.php?rest_route=\/wp\/v2\/posts\/44338\/revisions"}],"wp:featuredmedia":[{"embeddable":true,"href":"https:\/\/economiapoliticacba.com\/index.php?rest_route=\/wp\/v2\/media\/44339"}],"wp:attachment":[{"href":"https:\/\/economiapoliticacba.com\/index.php?rest_route=%2Fwp%2Fv2%2Fmedia&parent=44338"}],"wp:term":[{"taxonomy":"category","embeddable":true,"href":"https:\/\/economiapoliticacba.com\/index.php?rest_route=%2Fwp%2Fv2%2Fcategories&post=44338"},{"taxonomy":"post_tag","embeddable":true,"href":"https:\/\/economiapoliticacba.com\/index.php?rest_route=%2Fwp%2Fv2%2Ftags&post=44338"}],"curies":[{"name":"wp","href":"https:\/\/api.w.org\/{rel}","templated":true}]}}