{"id":44336,"date":"2025-11-01T01:03:39","date_gmt":"2025-11-01T01:03:39","guid":{"rendered":"https:\/\/comercioyjusticia.info\/?p=487913"},"modified":"2025-11-01T01:03:39","modified_gmt":"2025-11-01T01:03:39","slug":"renunciaron-guillermo-francos-y-lisandro-catalan","status":"publish","type":"post","link":"https:\/\/economiapoliticacba.com\/?p=44336","title":{"rendered":"Renunciaron Guillermo Francos y Lisandro Catal\u00e1n"},"content":{"rendered":"<div><img src=\"https:\/\/comercioyjusticia.info\/wp-content\/uploads\/2024\/04\/Guillermo-Francos-jpg.webp\" class=\"ff-og-image-inserted\"><\/div>\n<p>El ahora ex jefe de Gabinete ser\u00e1 reemplazado por Manuel Adorni. Minutos m\u00e1s tarde tambi\u00e9n se conoci\u00f3 la renuncia del ministro del Interior, Lisandro Catal\u00e1n. La salida de Francos se difundi\u00f3 a trav\u00e9s de una carta p\u00fablica posteada en redes y tras reunirse con el presidente Milei. En la misiva, justifica su decisi\u00f3n en despejar el camino para que el jefe de Estado \u201cpueda afrontar sin condicionamientos la etapa de gobierno que se inicia luego de las elecciones nacionales\u201d.<\/p>\n<p>Guillermo Francos confirm\u00f3 su renuncia a la Jefatura de Gabinete. El ex funcionario se reuni\u00f3 este viernes por la tarde con el presidente Javier Milei en la Quinta de Olivos y al t\u00e9rmino del encuentro oficializ\u00f3 su salida a trav\u00e9s de las redes sociales. Su reemplazante ser\u00e1 Manuel Adorni.<\/p>\n<p>En tanto, minutos m\u00e1s tarde tambi\u00e9n dimiti\u00f3 el ministro del Interior, Lisandro Catal\u00e1n.<\/p>\n<p>\u201cSe\u00f1or Presidente de la Naci\u00f3n: Ante los persistentes trascendidos sobre modificaciones en el Gabinete Nacional, me dirijo a Usted con el objeto de presentarle mi renuncia al cargo de Jefe de Gabinete de Ministros, para que pueda afrontar sin condicionamientos la etapa de gobierno que se inicia luego de las elecciones nacionales del pasado 26 de octubre\u201d, public\u00f3 Francos.<\/p>\n<p>\u201cLe agradezco profundamente la oportunidad de servir con lealtad y patriotismo a nuestro pa\u00eds y a su gobierno\u201d, agreg\u00f3.<\/p>\n<p>Francos no dio detalles sobre su futuro a pesar de que en las \u00faltimas semanas hab\u00edan trascendido diferentes versiones sobre una eventual designaci\u00f3n en un cargo diplom\u00e1tico.<\/p>\n<p>El ex jefe de Gabinete ven\u00eda de tener un rol protag\u00f3nico, junto al titular de Interior, Lisandro Catal\u00e1n, en la reuni\u00f3n con 18 gobernadores y dos vices que se llev\u00f3 adelante el jueves en el Sal\u00f3n Eva Per\u00f3n de la Casa Rosada. Ambos estuvieron encargados de la convocatoria.<\/p>\n<p>\u201cPor extra\u00f1a coincidencia, mi primer acto como Ministro del Interior y mi \u00faltimo como Jefe de Gabinete fueron reunir a los Gobernadores de las Provincias con el Poder Ejecutivo Nacional con el objeto de encontrar mecanismos de di\u00e1logo y generaci\u00f3n de consensos, imprescindibles para avanzar en las reformas estructurales que la Argentina necesita\u201d, coment\u00f3.<\/p>\n<p>Durante el tramo final de la campa\u00f1a se hab\u00eda instalado la idea de que Milei anunciar\u00eda cambios en el Gabinete el mismo domingo tras conocerse los resultados o al d\u00eda siguiente. Sin embargo, el contundente resultado, que incluy\u00f3 victorias de candidatos violetas en Buenos Aires, CABA, Santa Fe y C\u00f3rdoba, le dio aire al oficialismo y los anuncios se postergaron.<\/p>\n<p>\u201cEl Presidente Javier G. Milei le agradece por su servicio a la Patria en estos \u00faltimos dos a\u00f1os de profundas reformas que requirieron un continuo di\u00e1logo con las distintas fuerzas pol\u00edticas, que resultaron en la aprobaci\u00f3n de la Ley Bases, de la Ley Antimafias y del Juicio en Ausencia, entre otras. El Dr. Guillermo Francos ha sido fundamental en esta primera etapa del Gobierno para avanzar en todas las reformas que se han llevado adelante en estos dos a\u00f1os y la Naci\u00f3n estar\u00e1 siempre en deuda con \u00e9l\u201d, difundieron desde la Oficina del Presidente.<\/p>\n<p>Seg\u00fan explicaron desde la c\u00fapula del Gobierno, el cambio \u201cresponde al resultado de las elecciones, la necesidad de renovar el di\u00e1logo pol\u00edtico y esta segunda etapa que comienza a partir del 10 de diciembre enfocada en las reformas estructurales que el pa\u00eds necesita\u201d.<\/p>\n<p>Francos, quien asumi\u00f3 la Jefatura de Gabinete el 3 de junio de 2024, reemplaz\u00f3 en ese momento a Nicol\u00e1s Posse en medio de un clima convulsionado por las cr\u00edticas a la par\u00e1lisis de la gesti\u00f3n Su designaci\u00f3n busc\u00f3 aportar una impronta dialoguista para encauzar acuerdos legislativos y avanzar en la agenda de reformas econ\u00f3micas y pol\u00edticas impulsadas por Javier Milei. Antes Francos se hab\u00eda desempe\u00f1ado como ministro del Interior, donde busc\u00f3 fortalecer el di\u00e1logo entre la Casa Rosada y las provincias, especialmente durante las negociaciones de la Ley Bases y el Pacto Fiscal.<\/p>\n","protected":false},"excerpt":{"rendered":"<p>El ahora ex jefe de Gabinete ser\u00e1 reemplazado por Manuel Adorni. Minutos m\u00e1s tarde tambi\u00e9n se conoci\u00f3 la renuncia del ministro del Interior, Lisandro Catal\u00e1n. La salida de Francos se difundi\u00f3 a trav\u00e9s de una carta p\u00fablica posteada en redes y tras reunirse con el presidente Milei. En la misiva, justifica su decisi\u00f3n en despejar [&hellip;]<\/p>\n","protected":false},"author":1,"featured_media":44337,"comment_status":"open","ping_status":"closed","sticky":false,"template":"","format":"standard","meta":{"om_disable_all_campaigns":false,"_monsterinsights_skip_tracking":false,"_monsterinsights_sitenote_active":false,"_monsterinsights_sitenote_note":"","_monsterinsights_sitenote_category":0},"categories":[17,21],"tags":[],"aioseo_notices":[],"_links":{"self":[{"href":"https:\/\/economiapoliticacba.com\/index.php?rest_route=\/wp\/v2\/posts\/44336"}],"collection":[{"href":"https:\/\/economiapoliticacba.com\/index.php?rest_route=\/wp\/v2\/posts"}],"about":[{"href":"https:\/\/economiapoliticacba.com\/index.php?rest_route=\/wp\/v2\/types\/post"}],"author":[{"embeddable":true,"href":"https:\/\/economiapoliticacba.com\/index.php?rest_route=\/wp\/v2\/users\/1"}],"replies":[{"embeddable":true,"href":"https:\/\/economiapoliticacba.com\/index.php?rest_route=%2Fwp%2Fv2%2Fcomments&post=44336"}],"version-history":[{"count":0,"href":"https:\/\/economiapoliticacba.com\/index.php?rest_route=\/wp\/v2\/posts\/44336\/revisions"}],"wp:featuredmedia":[{"embeddable":true,"href":"https:\/\/economiapoliticacba.com\/index.php?rest_route=\/wp\/v2\/media\/44337"}],"wp:attachment":[{"href":"https:\/\/economiapoliticacba.com\/index.php?rest_route=%2Fwp%2Fv2%2Fmedia&parent=44336"}],"wp:term":[{"taxonomy":"category","embeddable":true,"href":"https:\/\/economiapoliticacba.com\/index.php?rest_route=%2Fwp%2Fv2%2Fcategories&post=44336"},{"taxonomy":"post_tag","embeddable":true,"href":"https:\/\/economiapoliticacba.com\/index.php?rest_route=%2Fwp%2Fv2%2Ftags&post=44336"}],"curies":[{"name":"wp","href":"https:\/\/api.w.org\/{rel}","templated":true}]}}