{"id":44313,"date":"2025-10-30T23:01:00","date_gmt":"2025-10-30T23:01:00","guid":{"rendered":"https:\/\/economiapoliticacba.com\/?p=44313"},"modified":"2025-10-30T23:01:00","modified_gmt":"2025-10-30T23:01:00","slug":"los-ausentes-protagonistas-del-voto-2025-por-que-un-tercio-de-los-argentinos-decidio-no-participar","status":"publish","type":"post","link":"https:\/\/economiapoliticacba.com\/?p=44313","title":{"rendered":"Los ausentes, protagonistas del voto 2025: por qu\u00e9 un tercio de los argentinos decidi\u00f3 no participar"},"content":{"rendered":"<p><mark class=\"marker-yellow\"><strong>El enojo con la&nbsp;<\/strong><\/mark><i><mark class=\"marker-yellow\"><strong>casta<\/strong><\/mark><\/i><mark class=\"marker-yellow\"><strong>, el desinter\u00e9s por la pol\u00edtica y la falta de soluciones en la vida cotidiana<\/strong><\/mark> explican por qu\u00e9 el <strong>32% <\/strong>de los habilitados para votar esquiv\u00f3 <a href=\"https:\/\/eleconomista.com.ar\/politica\/nuevo-capitulo-gobierno-proximos-pasos-tras-victoria-n89890\" target=\"_blank\" rel=\"noopener\">las urnas el domingo<\/a>, en las elecciones con menor participaci\u00f3n desde el retorno de la democracia.<\/p>\n<p>A lo largo del a\u00f1o, los protagonistas del escenario electoral fueron cambiando: gobernadores, el Presidente y distintos candidatos se turnaron en el centro de la escena. Pero el <strong>ausentismo <\/strong>fue el \u00fanico actor constante en todos los comicios.<\/p>\n<p>&#8220;<mark class=\"marker-yellow\"><strong>Algunas personas que son marcadamente antipol\u00edtica sienten que el voto no cambia nada<\/strong><\/mark> y rechazan la idea de tomarse el trabajo de ir a votar. Se sienten estafados y enojados con la pol\u00edtica, porque sienten que siempre defrauda, roba, que siempre son los mismos&#8221;, sostuvo <strong>Hern\u00e1n Vanoli<\/strong>, director de la consultora Sentimientos P\u00fablicos, a partir de estudios en grupos focales.<\/p>\n<div class=\"rela\">\n<div class=\"pic\"> <a href=\"https:\/\/eleconomista.com.ar\/politica\/los-gestos-maximo-anticiparon-tan-nuevas-tensiones-peronismo-n89929\" title=\"Los gestos de M\u00e1ximo que anticiparon las no tan nuevas tensiones en el peronismo\"><img src=\"http:\/\/economiapoliticacba.com\/wp-content\/uploads\/2025\/10\/los-ausentes-protagonistas-del-voto-2025-por-que-un-tercio-de-los-argentinos-decidio-no-participar.webp\" alt=\"Los gestos de M\u00e1ximo que anticiparon las no tan nuevas tensiones en el peronismo\" loading=\"lazy\"><\/a> <\/div><\/div>\n<p>Uno de los catalizadores m\u00e1s frecuentes del enojo, se\u00f1al\u00f3, es el <strong>privilegio de los dirigentes para aumentarse el sueldo a s\u00ed mismos<\/strong>: &#8220;En mi trabajo no me puedo subir el sueldo. <a href=\"https:\/\/eleconomista.com.ar\/politica\/la-banca-mas-peleada-caba-lousteau-gana-1411-votos-lla-amenaza-escrutinio-definitivo-n89954\" target=\"_blank\" rel=\"noopener\">No levanto la mano<\/a>, me pongo de acuerdo con mis compa\u00f1eros y nos lo subimos. \u00bfPor qu\u00e9 los pol\u00edticos s\u00ed?&#8221;, resumi\u00f3 Vanoli a <strong>El Economista<\/strong> sobre una frase recurrente en los grupos focales.<\/p>\n<p>Otro grupo de ausentes son los <strong>desafectados<\/strong>: quienes alguna vez creyeron en la pol\u00edtica, pero hoy se sienten decepcionados. &#8220;Es gente a la que en alg\u00fan momento le import\u00f3, pero ahora est\u00e1 desilusionada con el partido que segu\u00eda&#8221;, dijo el consultor. Son indiferentes: <strong>solo votan cuando sienten que se define algo importante<\/strong>. &#8220;La imagen del Congreso es muy mala, y no creen que all\u00ed se decida nada trascendente&#8221;, agreg\u00f3 el consultor.<\/p>\n<figure class=\"image\"><img loading=\"lazy\" width=\"100\" height=\"100\" class=\"cst_img\" src=\"http:\/\/economiapoliticacba.com\/wp-content\/uploads\/2025\/10\/los-ausentes-protagonistas-del-voto-2025-por-que-un-tercio-de-los-argentinos-decidio-no-participar-1.webp\" alt=\"Mart\u00edn Lousteau mano\"><figcaption>En 2024, Mart\u00edn Lousteau gener\u00f3 pol\u00e9mica al levantar la mano para incrementarse el sueldo<\/figcaption><\/figure>\n<div class=\"rela\">\n<div class=\"pic\"> <a href=\"https:\/\/eleconomista.com.ar\/politica\/nuevo-capitulo-gobierno-proximos-pasos-tras-victoria-n89890\" title=\"Nuevo cap\u00edtulo para el Gobierno: los pr\u00f3ximos pasos tras la victoria\"><img src=\"http:\/\/economiapoliticacba.com\/wp-content\/uploads\/2025\/10\/los-ausentes-protagonistas-del-voto-2025-por-que-un-tercio-de-los-argentinos-decidio-no-participar-2.webp\" alt=\"Nuevo cap\u00edtulo para el Gobierno: los pr\u00f3ximos pasos tras la victoria\" loading=\"lazy\"><\/a> <\/div><\/div>\n<p><strong>Facundo Cruz<\/strong>, fundador del Centro de Investigaci\u00f3n para la Calidad Democr\u00e1tica (Cicad), sostuvo: &#8220;Hay cierta <strong>desconexi\u00f3n entre la dirigencia pol\u00edtica y la ciudadan\u00eda<\/strong>, donde empieza a corroerse el v\u00ednculo representativo&#8221;.<\/p>\n<p>Esa percepci\u00f3n de homogeneidad tambi\u00e9n afecta la motivaci\u00f3n electoral. &#8220;<strong>Como todos son lo mismo, ninguno ofrece soluciones reales a los problemas de la vida cotidiana<\/strong>. Es dif\u00edcil percibir cu\u00e1l es el cambio en la realidad personal y familiar de los ciudadanos al ir a votar legisladores&#8221;, afirm\u00f3 en l\u00ednea con el diagn\u00f3stico de Vanoli.<\/p>\n<p>A partir del an\u00e1lisis de estudios cualitativos, Cruz identific\u00f3 como hilo conductor <strong>la demanda de renovaci\u00f3n pol\u00edtica<\/strong>, tanto en las dirigencias como en las propuestas. <mark class=\"marker-yellow\"><strong>&#8220;De la misma manera que le lleg\u00f3 ese 2001 a la generaci\u00f3n pol\u00edtica de la transici\u00f3n a la democracia, ahora le est\u00e1 llegando el 2001 a la generaci\u00f3n pol\u00edtica que surgi\u00f3 all\u00ed y reconstruy\u00f3 el v\u00ednculo entre la pol\u00edtica y la sociedad&#8221;<\/strong><\/mark>, concluy\u00f3.<\/p>\n<p>Por su parte, <strong>Carolina Tchintian<\/strong>, doctora en Ciencia Pol\u00edtica, afirm\u00f3 que la participaci\u00f3n electoral es un fen\u00f3meno multicausal: &#8220;Los estudios muestran que puede verse afectada por factores muy diversos: desde el costo de acceder a la informaci\u00f3n necesaria para votar hasta cuestiones tan contingentes como el clima el d\u00eda de la elecci\u00f3n&#8221;.<\/p>\n<p>Asimismo, dijo que el dato no resulta alarmante, pero destac\u00f3 que las causas detr\u00e1s de la tendencia decreciente de la participaci\u00f3n merecen atenci\u00f3n &#8220;especialmente si parte de la explicaci\u00f3n radica en una menor confianza o legitimidad percibida hacia las instituciones pol\u00edticas&#8221;.<\/p>\n<p><strong>Mart\u00edn D&#8217;Alessandro<\/strong>, presidente de Poder Ciudadano, ampli\u00f3 la mirada al panorama mundial: &#8220;Hay un <mark class=\"marker-yellow\"><strong>contexto global de desencanto con la democracia<\/strong><\/mark>, tanto por sus dificultades para solucionar problemas como para generar innovaci\u00f3n o mejoras en la vida de la gente&#8221;.<\/p>\n<h2>Su impacto futuro<\/h2>\n<p>El <strong>67,92% del padr\u00f3n<\/strong> -menos de 25 millones de votantes sobre m\u00e1s de 36 millones habilitados- particip\u00f3 en las legislativas del domingo, marcando el <strong>piso hist\u00f3rico<\/strong> de la democracia argentina.<\/p>\n<p>Sin embargo, Cruz advirti\u00f3 que no se trata de una crisis profunda ni de una ca\u00edda dram\u00e1tica, sino un <mark class=\"marker-yellow\"><strong>descenso progresivo en los \u00faltimos a\u00f1os<\/strong><\/mark>.&nbsp;<\/p>\n<div class=\"raw-html-embed\" readability=\"7.9011627906977\">\n<blockquote class=\"twitter-tweet\" data-media-max-width=\"560\" readability=\"9.656976744186\">\n<p lang=\"es\" dir=\"ltr\">El dato fue un salto de la participaci\u00f3n a nivel nacional respecto del promedio de las provinciales adelantadas (67,92% vs. 59,49%). Pero la concurrencia a las urnas no fue homog\u00e9nea en todo el territorio: Corrientes, partes del Norte Grande y del sur tuvieron menos asistencia. <a href=\"https:\/\/t.co\/P502WLm7de\">pic.twitter.com\/P502WLm7de<\/a><\/p>\n<p>\u2014 CICaD (@Cicadok) <a href=\"https:\/\/twitter.com\/Cicadok\/status\/1983273528817586356?ref_src=twsrc%5Etfw\">October 28, 2025<\/a><\/p><\/blockquote><\/div>\n<p>El promedio de participaci\u00f3n en las 10 elecciones desdobladas de este a\u00f1o fue del 59,49%, mientras que las legislativas nacionales alcanzaron el 67,92%, lo que muestra un repunte en la convocatoria, explic\u00f3 Cruz. &#8220;Como ocurre en todo el mundo, <strong>las elecciones nacionales son m\u00e1s atractivas que cualquier otra<\/strong>&#8220;, subray\u00f3 D&#8217;Alessandro.<\/p>\n<p><mark class=\"marker-yellow\"><strong>Pese a que el aumento del ausentismo no implica una crisis alarmante, s\u00ed podr\u00eda modificar algunas din\u00e1micas de la democracia tal como se la conoce.<\/strong><\/mark><\/p>\n<p>Tanto <strong>Juan Negri<\/strong>, director de la carrera de Ciencia Pol\u00edtica de la Universidad Di Tella, como <strong>Lara Goyburu<\/strong>, de Management &amp; Fit, coincidieron en que <strong>el voto se volvi\u00f3, en los hechos, no obligatorio<\/strong>, a pesar de su obligatoriedad legal.<\/p>\n<p>A partir de ese diagn\u00f3stico, Negri se\u00f1al\u00f3 que <strong>las campa\u00f1as podr\u00edan cambiar de enfoque y &#8220;empezar a girar en torno a lo que est\u00e1 en juego&#8221;<\/strong> para dejar en claro la relevancia del voto. En este sentido, Goyburu observ\u00f3 que esto ya ocurri\u00f3 en la \u00faltima elecci\u00f3n: &#8220;En los \u00faltimos 15 d\u00edas vimos que las dos grandes fuerzas llamaban a la participaci\u00f3n, especialmente a partir de lo que se ve\u00eda que ven\u00eda pasando en las provincias que hab\u00edan votado antes&#8221;.<\/p>\n<p>No hubo, sin embargo, consenso sobre los efectos que podr\u00eda tener la ca\u00edda de la participaci\u00f3n. Negri advirti\u00f3 sobre el riesgo que supone para la democracia: &#8220;Hay un sentimiento muy generalizado de votar al menos malo, de que las opciones son todas de baja calidad. Una ciudadan\u00eda que le da la espalda al sistema pol\u00edtico es tambi\u00e9n una ciudadan\u00eda menos capaz de controlar a los pol\u00edticos. Es falta de involucramiento, y eso es un problema para la democracia&#8221;. Y agreg\u00f3: <strong>&#8220;Una democracia en la que la gente desconf\u00eda del sistema pol\u00edtico deja la puerta abierta a presiones pol\u00edticas y apoyo a candidatos m\u00e1s autoritarios&#8221;<\/strong>.<\/p>\n<p>Goyburu, en cambio, ofreci\u00f3 otra perspectiva: &#8220;No me preocupa tanto. Si se compara con pa\u00edses donde el voto no es obligatorio [como, en los hecho, funciona hoy en Argentina], no existe una deficiencia. Pero es un <strong>desaf\u00edo para el sistema pol\u00edtico<\/strong>. Por supuesto que no es bueno cuando no todos participan, pero me preocupar\u00eda m\u00e1s por lo que suceda con los partidos pol\u00edticos, que hoy est\u00e1n en crisis, han perdido sus&nbsp;<i>links&nbsp;<\/i>con la sociedad y no logran representar a una parte importante de la poblaci\u00f3n&#8221;, se\u00f1al\u00f3.<\/p>\n<p>Por \u00faltimo, aunque no hay consenso sobre a qu\u00e9 espacio pol\u00edtico benefici\u00f3 o perjudic\u00f3 el ausentismo, Goyburu destac\u00f3 el desaf\u00edo que representa para <mark class=\"marker-yellow\"><strong>las terceras fuerzas: &#8220;Tienen que competir no solo con la polarizaci\u00f3n, sino tambi\u00e9n con el desincentivo que tiene la ciudadan\u00eda para ir a votar<\/strong><\/mark> cuando no encuentra opciones en las dos grandes fuerzas&#8221;. Y concluy\u00f3: &#8220;Antes iban a votar y, quiz\u00e1, pocos convencidos lo hac\u00edan por terceras fuerzas porque el voto era obligatorio. Ahora ni siquiera se movilizan para hacerlo&#8221;.<\/p>\n","protected":false},"excerpt":{"rendered":"<p>El enojo con la&nbsp;casta, el desinter\u00e9s por la pol\u00edtica y la falta de soluciones en la vida cotidiana explican por qu\u00e9 el 32% de los habilitados para votar esquiv\u00f3 las urnas el domingo, en las elecciones con menor participaci\u00f3n desde el retorno de la democracia. A lo largo del a\u00f1o, los protagonistas del escenario electoral [&hellip;]<\/p>\n","protected":false},"author":1,"featured_media":44314,"comment_status":"closed","ping_status":"closed","sticky":false,"template":"","format":"standard","meta":{"om_disable_all_campaigns":false,"_monsterinsights_skip_tracking":false,"_monsterinsights_sitenote_active":false,"_monsterinsights_sitenote_note":"","_monsterinsights_sitenote_category":0},"categories":[17,21],"tags":[],"aioseo_notices":[],"_links":{"self":[{"href":"https:\/\/economiapoliticacba.com\/index.php?rest_route=\/wp\/v2\/posts\/44313"}],"collection":[{"href":"https:\/\/economiapoliticacba.com\/index.php?rest_route=\/wp\/v2\/posts"}],"about":[{"href":"https:\/\/economiapoliticacba.com\/index.php?rest_route=\/wp\/v2\/types\/post"}],"author":[{"embeddable":true,"href":"https:\/\/economiapoliticacba.com\/index.php?rest_route=\/wp\/v2\/users\/1"}],"replies":[{"embeddable":true,"href":"https:\/\/economiapoliticacba.com\/index.php?rest_route=%2Fwp%2Fv2%2Fcomments&post=44313"}],"version-history":[{"count":0,"href":"https:\/\/economiapoliticacba.com\/index.php?rest_route=\/wp\/v2\/posts\/44313\/revisions"}],"wp:featuredmedia":[{"embeddable":true,"href":"https:\/\/economiapoliticacba.com\/index.php?rest_route=\/wp\/v2\/media\/44314"}],"wp:attachment":[{"href":"https:\/\/economiapoliticacba.com\/index.php?rest_route=%2Fwp%2Fv2%2Fmedia&parent=44313"}],"wp:term":[{"taxonomy":"category","embeddable":true,"href":"https:\/\/economiapoliticacba.com\/index.php?rest_route=%2Fwp%2Fv2%2Fcategories&post=44313"},{"taxonomy":"post_tag","embeddable":true,"href":"https:\/\/economiapoliticacba.com\/index.php?rest_route=%2Fwp%2Fv2%2Ftags&post=44313"}],"curies":[{"name":"wp","href":"https:\/\/api.w.org\/{rel}","templated":true}]}}