{"id":44311,"date":"2025-10-30T23:28:00","date_gmt":"2025-10-30T23:28:00","guid":{"rendered":"https:\/\/economiapoliticacba.com\/?p=44311"},"modified":"2025-10-30T23:28:00","modified_gmt":"2025-10-30T23:28:00","slug":"milei-reunio-a-20-gobernadores-en-casa-rosada-y-celebro-un-paso-importante-hacia-las-reformas","status":"publish","type":"post","link":"https:\/\/economiapoliticacba.com\/?p=44311","title":{"rendered":"Milei reuni\u00f3 a 20 gobernadores en Casa Rosada y celebr\u00f3 un &#8220;paso importante hacia las reformas&#8221;"},"content":{"rendered":"<p><span class=\"date\">30 octubre de 2025<\/span> <\/p>\n<p>El <a href=\"https:\/\/eleconomista.com.ar\/politica\/que-gobernadores-reunen-jueves-milei-n90003\" target=\"_blank\" rel=\"noopener\"><strong>gobierno nacional<\/strong><\/a> llev\u00f3 a cabo una <mark class=\"marker-yellow\"><strong>reuni\u00f3n de m\u00e1s de dos horas con 20 gobernadores<\/strong><\/mark> en la Casa Rosada.<\/p>\n<p>Hubo <strong>asistencia perfecta por parte de los mandatarios convocados<\/strong>. Sin embargo, <a href=\"https:\/\/eleconomista.com.ar\/politica\/solo-cuatro-gobernadores-quedaron-afuera-conclave-casa-rosada-marca-quiebre-n89994\" target=\"_blank\" rel=\"noopener\"><strong>cuatro gobernadores quedaron fuera de la cita<\/strong><\/a>: Axel Kicillof (Buenos Aires), Gustavo Melella (Tierra del Fuego), Gildo Insfr\u00e1n (Formosa) y Ricardo Quintela (La Rioja).<\/p>\n<p>Hubo <strong>ocho saludos particularmente c\u00e1lidos<\/strong>. Fueron los de sus aliados electorales <strong>Jorge Macri<\/strong> (ciudad de Buenos Aires), <strong>Rogelio Frigerio<\/strong> (Entre R\u00edos), y <strong>Claudio Poggi<\/strong> (San Luis, donde el gobernador no present\u00f3 listas y apoy\u00f3 a La Libertad Avanza); de Provincias Unidas, <strong>Maximiliano Pullaro<\/strong> (Santa Fe) e <strong>Ignacio Torres<\/strong> (Chubut); los peronistas dialoguistas <strong>Gustavo S\u00e1enz<\/strong> (Salta) y <strong>Osvaldo Jaldo<\/strong> (Tucum\u00e1n); y <strong>Marcelo Orrego<\/strong> (San Juan).<\/p>\n<p>Adem\u00e1s de ellos, estuvieron presentes <strong>Mart\u00edn Llaryora<\/strong> (C\u00f3rdoba), <strong>Carlos Sadir<\/strong> (Jujuy), <strong>Gustavo Vald\u00e9s<\/strong> (Corrientes), <strong>Ra\u00fal Jalil<\/strong> (Catamarca), <strong>Gerardo Zamora<\/strong> (Santiago del Estero), <strong>Sergio Ziliotto<\/strong> (La Pampa), <strong>Hugo Passalacqua<\/strong> (Misiones), <strong>Claudio Vidal<\/strong> (Santa Cruz), <strong>Alberto Weretilneck<\/strong> (R\u00edo Negro) y las vicegobernadoras de Neuqu\u00e9n, Chaco y Mendoza.<\/p>\n<div class=\"rela\">\n<div class=\"pic\"> <a href=\"https:\/\/eleconomista.com.ar\/politica\/que-gobernadores-reunen-jueves-milei-n90003\" title=\"Qu\u00e9 gobernadores se re\u00fanen este jueves con Milei\"><img src=\"http:\/\/economiapoliticacba.com\/wp-content\/uploads\/2025\/10\/milei-reunio-a-20-gobernadores-en-casa-rosada-y-celebro-un-paso-importante-hacia-las-reformas.webp\" alt=\"Qu\u00e9 gobernadores se re\u00fanen este jueves con Milei\" loading=\"lazy\"><\/a> <\/div><\/div>\n<figure class=\"image\"><img loading=\"lazy\" width=\"100\" height=\"100\" class=\"cst_img\" src=\"http:\/\/economiapoliticacba.com\/wp-content\/uploads\/2025\/10\/milei-reunio-a-20-gobernadores-en-casa-rosada-y-celebro-un-paso-importante-hacia-las-reformas-1.webp\" alt=\"Reuni\u00f3n gobernadores\"><figcaption>La reuni\u00f3n se llev\u00f3 a cabo en el Sal\u00f3n Eva Per\u00f3n de la Casa Rosada<\/figcaption><\/figure>\n<p>A continuaci\u00f3n, los funcionarios que participaron en representaci\u00f3n del Gobierno:<\/p>\n<ul>\n<li>Javier Milei<\/li>\n<li>Karina Milei, secretaria general de la Presidencia<\/li>\n<li>Santiago Caputo, asesor presidencial<\/li>\n<li>Luis Caputo, ministro de Econom\u00eda<\/li>\n<li>Guillermo Francos, jefe de Gabinete<\/li>\n<li>Lisandro Catal\u00e1n, ministro del Interior<\/li>\n<li>Manuel Adorni, secretario de Comunicaci\u00f3n y Medios<\/li>\n<li>Patricia Bullrich, ministra de Seguridad<\/li>\n<li>Luis Petri, de Defensa<\/li>\n<li>Mario Lugones, de Salud<\/li>\n<li>Sandra Pettovello, de Capital Humano<\/li>\n<li>Mariano C\u00faneo Libarona, de Justicia<\/li>\n<li>Pablo Quirno, de Relaciones Exteriores<\/li>\n<li>Federico Sturzenegger, de Desregulaci\u00f3n y Transformaci\u00f3n del Estado<\/li>\n<li>Santiago Bausili, presidente del Banco Central<\/li>\n<li>Mart\u00edn Menem, presidente de la C\u00e1mara de Diputados<\/li>\n<li>Mar\u00eda Ibarzabal Murphy, secretaria Legal y T\u00e9cnica de la Presidencia<\/li>\n<\/ul>\n<h2>Las frases m\u00e1s destacadas de la conferencia de prensa de Adorni<\/h2>\n<ul>\n<li>&#8220;El Presidente agradece a todos los gobernantes que coinciden y comprenden los cambios que Argentina necesita con el objetivo de trabajar juntos de cara al futuro&#8221;.<\/li>\n<li>&#8220;En este encuentro se dio un paso importante en este camino [de reformas], que comenz\u00f3 desde que los argentinos decidieron terminar con el populismo en el 2023, continu\u00f3 con el Pacto de Mayo y que se va a consolidar con las <mark class=\"marker-yellow\"><strong>reformas estructurales que va a implementar la nueva conformaci\u00f3n del Congreso a partir del pr\u00f3ximo 10 de diciembre<\/strong><\/mark>&#8220;.<\/li>\n<li>&#8220;Es la voluntad del Presidente <strong>trabajar con todos, independientemente de las diferencias partidarias<\/strong>, para retornar al sendero de crecimiento&#8221;.<\/li>\n<li>&#8220;El primer desaf\u00edo del nuevo Congreso ser\u00e1 aprobar la modernizaci\u00f3n laboral, la reforma tributaria y la reforma del C\u00f3digo Penal&#8221;.<\/li>\n<li>&#8220;La <mark class=\"marker-yellow\"><strong>reforma tributaria<\/strong><\/mark> va a eliminar un sinf\u00edn de impuestos, bajar al\u00edcuotas, aumentar la formalizaci\u00f3n y devolverle al sector privado millones de d\u00f3lares&#8221;.<\/li>\n<li>&#8220;La <mark class=\"marker-yellow\"><strong>modernizaci\u00f3n laboral<\/strong><\/mark> va a integrar a los que hoy est\u00e1n en la informalidad, terminar con la industria del juicio y vincular el crecimiento de los salarios con el de la productividad&#8221;.<\/li>\n<li>&#8220;La <mark class=\"marker-yellow\"><strong>reforma del C\u00f3digo Penal<\/strong><\/mark> [ser\u00e1] para que los delincuentes paguen en serio y garantizar el derecho a la propiedad privada. El que las hace, las paga&#8221;.<\/li>\n<li>&#8220;Esta administraci\u00f3n va a trabajar con <strong>todos los gobernadores y con el Congreso nacional para impulsar cada una de las reformas que necesitamos<\/strong>. Ese es el principal objetivo del Gobierno nacional en esta segunda mitad del mandato presidencial, que comienza con esto que les estamos comunicando&#8221;.<\/li>\n<\/ul>\n<div class=\"rela\">\n<div class=\"pic\"> <a href=\"https:\/\/eleconomista.com.ar\/politica\/solo-cuatro-gobernadores-quedaron-afuera-conclave-casa-rosada-marca-quiebre-n89994\" title=\"Solo cuatro gobernadores quedaron afuera: el c\u00f3nclave en Casa Rosada que marca un quiebre\"><img src=\"http:\/\/economiapoliticacba.com\/wp-content\/uploads\/2025\/10\/milei-reunio-a-20-gobernadores-en-casa-rosada-y-celebro-un-paso-importante-hacia-las-reformas-2.webp\" alt=\"Solo cuatro gobernadores quedaron afuera: el c\u00f3nclave en Casa Rosada que marca un quiebre\" loading=\"lazy\"><\/a> <\/div><\/div>\n","protected":false},"excerpt":{"rendered":"<p>30 octubre de 2025 El gobierno nacional llev\u00f3 a cabo una reuni\u00f3n de m\u00e1s de dos horas con 20 gobernadores en la Casa Rosada. Hubo asistencia perfecta por parte de los mandatarios convocados. Sin embargo, cuatro gobernadores quedaron fuera de la cita: Axel Kicillof (Buenos Aires), Gustavo Melella (Tierra del Fuego), Gildo Insfr\u00e1n (Formosa) y [&hellip;]<\/p>\n","protected":false},"author":1,"featured_media":44312,"comment_status":"closed","ping_status":"closed","sticky":false,"template":"","format":"standard","meta":{"om_disable_all_campaigns":false,"_monsterinsights_skip_tracking":false,"_monsterinsights_sitenote_active":false,"_monsterinsights_sitenote_note":"","_monsterinsights_sitenote_category":0},"categories":[17,21],"tags":[],"aioseo_notices":[],"_links":{"self":[{"href":"https:\/\/economiapoliticacba.com\/index.php?rest_route=\/wp\/v2\/posts\/44311"}],"collection":[{"href":"https:\/\/economiapoliticacba.com\/index.php?rest_route=\/wp\/v2\/posts"}],"about":[{"href":"https:\/\/economiapoliticacba.com\/index.php?rest_route=\/wp\/v2\/types\/post"}],"author":[{"embeddable":true,"href":"https:\/\/economiapoliticacba.com\/index.php?rest_route=\/wp\/v2\/users\/1"}],"replies":[{"embeddable":true,"href":"https:\/\/economiapoliticacba.com\/index.php?rest_route=%2Fwp%2Fv2%2Fcomments&post=44311"}],"version-history":[{"count":0,"href":"https:\/\/economiapoliticacba.com\/index.php?rest_route=\/wp\/v2\/posts\/44311\/revisions"}],"wp:featuredmedia":[{"embeddable":true,"href":"https:\/\/economiapoliticacba.com\/index.php?rest_route=\/wp\/v2\/media\/44312"}],"wp:attachment":[{"href":"https:\/\/economiapoliticacba.com\/index.php?rest_route=%2Fwp%2Fv2%2Fmedia&parent=44311"}],"wp:term":[{"taxonomy":"category","embeddable":true,"href":"https:\/\/economiapoliticacba.com\/index.php?rest_route=%2Fwp%2Fv2%2Fcategories&post=44311"},{"taxonomy":"post_tag","embeddable":true,"href":"https:\/\/economiapoliticacba.com\/index.php?rest_route=%2Fwp%2Fv2%2Ftags&post=44311"}],"curies":[{"name":"wp","href":"https:\/\/api.w.org\/{rel}","templated":true}]}}