{"id":44303,"date":"2025-10-30T20:30:04","date_gmt":"2025-10-30T20:30:04","guid":{"rendered":"https:\/\/comercioyjusticia.info\/?p=487783"},"modified":"2025-10-30T20:30:04","modified_gmt":"2025-10-30T20:30:04","slug":"fuerte-defensa-de-pablo-quirno-a-la-gestion-de-la-deuda","status":"publish","type":"post","link":"https:\/\/economiapoliticacba.com\/?p=44303","title":{"rendered":"Fuerte defensa de Pablo Quirno a la gesti\u00f3n de la deuda"},"content":{"rendered":"<div><img src=\"https:\/\/comercioyjusticia.info\/wp-content\/uploads\/2025\/10\/pablo-quirno.jpg\" class=\"ff-og-image-inserted\"><\/div>\n<p>El flamante canciller Pablo Quirno defendi\u00f3 la gesti\u00f3n de la deuda en lo que va del gobierno de Javier Milei.<\/p>\n<p><strong>\u201cArgentina no tiene un problema de cantidad de deuda, sino de credibilidad y de acceso a mercado\u201d, afirm\u00f3.<\/strong><\/p>\n<p>\u201cFue la convicci\u00f3n del presidente Milei y el mandato que le dio al equipo econ\u00f3mico, lo que permiti\u00f3 desarmar esas diferentes bombas que nos hab\u00edan dejado, apelando a la ortodoxia macroecon\u00f3mica, a la reducci\u00f3n r\u00e9cord de un d\u00e9ficit fiscal que llegaba a 5 puntos del producto a nivel del Tesoro y a 10 puntos del producto a nivel del Banco Central\u201d, sostuvo ante la Comisi\u00f3n de Presupuesto y Hacienda de la C\u00e1mara de Diputados.<\/p>\n<p>El ex secretario de Finanzas dijo que <strong>el pa\u00eds \u201ctuvo 23 programas con el Fondo y no cumpli\u00f3 absolutamente ninguno\u201d y que la Administraci\u00f3n libertaria obtuvo financiamiento del FMI para capitalizar al Banco Central.<\/strong><\/p>\n<p>El canciller critic\u00f3 la gesti\u00f3n de <strong>Alberto Fern\u00e1ndez<\/strong> y cuestion\u00f3 que la reestructuraci\u00f3n que se hizo \u201cla vendieron como virtuosa\u201d pero \u201cocultando fundamentalmente lo que eran los vencimientos que iban a ocurrir una vez que el gobierno terminara\u201d.<\/p>\n<p>En esa l\u00ednea, afirm\u00f3 que lo que hizo el anterior gobierno fue <strong>\u201cpatear la pelota\u201d <\/strong>y detall\u00f3: \u201cAl comienzo de la gesti\u00f3n del presidente Milei ten\u00edamos un nivel de deuda de aproximadamente 485 millones de d\u00f3lares\u201d.<\/p>\n<p><strong>En ese marco, postul\u00f3 que es importante \u201ctener un desglose bien identificado\u201d porque ante el historial de d\u00e9ficit \u201clos diferentes gobiernos han utilizado un financiamiento monetario que no est\u00e1 expresado por lo general en la contabilidad de la deuda bruta del Tesoro\u201d.<\/strong><\/p>\n<p>\u201cAl momento del arribo al gobierno del presidente Javier Milei, el 30% de la deuda consolidada, 66 mil millones de d\u00f3lares, ten\u00eda vencimiento a un d\u00eda y el 90% de la deuda total en pesos estaba indexada. El Tesoro no ten\u00eda acceso a financiamiento genuino\u201d, subray\u00f3 Quirno.<\/p>\n<p>Precis\u00f3 que la deuda del Tesoro en el periodo noviembre 2023-agosto 2025 se redujo en casi 50 mil millones de d\u00f3lares.<strong> \u201cLa deuda se ha estado estirando sus plazos, que eso es algo muy favorable para las cuentas del Tesoro, y tambi\u00e9n se ha desindexado considerablemente\u201d, sum\u00f3.<\/strong><\/p>\n<p><strong>\u201cLa deuda siempre y en todo lugar es hija del d\u00e9ficit fiscal; sin d\u00e9ficit fiscal no hay incremento de deuda posible\u201d, asever\u00f3.<\/strong><\/p>\n<p>\u201cTeniendo super\u00e1vit fiscal, la deuda no solo comienza a reducirse en t\u00e9rminos totales, sino que empieza a reducirse producto del crecimiento del PBI y su peso en relaci\u00f3n con \u00e9ste\u201d, explic\u00f3.<\/p>\n<p>\u201cEl super\u00e1vit fiscal solamente se ocupa de cubrir los pagos de intereses, los pagos de capital no pueden ser cubiertos por el super\u00e1vit primario, y como tal el Tesoro est\u00e1 obligado a comprar d\u00f3lares para hacer frente a esas obligaciones\u201d, agreg\u00f3.<\/p>\n","protected":false},"excerpt":{"rendered":"<p>El flamante canciller Pablo Quirno defendi\u00f3 la gesti\u00f3n de la deuda en lo que va del gobierno de Javier Milei. \u201cArgentina no tiene un problema de cantidad de deuda, sino de credibilidad y de acceso a mercado\u201d, afirm\u00f3. \u201cFue la convicci\u00f3n del presidente Milei y el mandato que le dio al equipo econ\u00f3mico, lo que [&hellip;]<\/p>\n","protected":false},"author":1,"featured_media":44304,"comment_status":"open","ping_status":"closed","sticky":false,"template":"","format":"standard","meta":{"om_disable_all_campaigns":false,"_monsterinsights_skip_tracking":false,"_monsterinsights_sitenote_active":false,"_monsterinsights_sitenote_note":"","_monsterinsights_sitenote_category":0},"categories":[17,21],"tags":[],"aioseo_notices":[],"_links":{"self":[{"href":"https:\/\/economiapoliticacba.com\/index.php?rest_route=\/wp\/v2\/posts\/44303"}],"collection":[{"href":"https:\/\/economiapoliticacba.com\/index.php?rest_route=\/wp\/v2\/posts"}],"about":[{"href":"https:\/\/economiapoliticacba.com\/index.php?rest_route=\/wp\/v2\/types\/post"}],"author":[{"embeddable":true,"href":"https:\/\/economiapoliticacba.com\/index.php?rest_route=\/wp\/v2\/users\/1"}],"replies":[{"embeddable":true,"href":"https:\/\/economiapoliticacba.com\/index.php?rest_route=%2Fwp%2Fv2%2Fcomments&post=44303"}],"version-history":[{"count":0,"href":"https:\/\/economiapoliticacba.com\/index.php?rest_route=\/wp\/v2\/posts\/44303\/revisions"}],"wp:featuredmedia":[{"embeddable":true,"href":"https:\/\/economiapoliticacba.com\/index.php?rest_route=\/wp\/v2\/media\/44304"}],"wp:attachment":[{"href":"https:\/\/economiapoliticacba.com\/index.php?rest_route=%2Fwp%2Fv2%2Fmedia&parent=44303"}],"wp:term":[{"taxonomy":"category","embeddable":true,"href":"https:\/\/economiapoliticacba.com\/index.php?rest_route=%2Fwp%2Fv2%2Fcategories&post=44303"},{"taxonomy":"post_tag","embeddable":true,"href":"https:\/\/economiapoliticacba.com\/index.php?rest_route=%2Fwp%2Fv2%2Ftags&post=44303"}],"curies":[{"name":"wp","href":"https:\/\/api.w.org\/{rel}","templated":true}]}}