{"id":44277,"date":"2025-10-30T18:14:47","date_gmt":"2025-10-30T18:14:47","guid":{"rendered":"https:\/\/cordoba.gob.ar\/?p=82759"},"modified":"2025-10-30T18:14:47","modified_gmt":"2025-10-30T18:14:47","slug":"paseo-y-caminata-nocturna-en-la-reserva-natural-urbana-general-san-martin","status":"publish","type":"post","link":"https:\/\/economiapoliticacba.com\/?p=44277","title":{"rendered":"Paseo y caminata nocturna en la Reserva Natural Urbana General San Mart\u00edn"},"content":{"rendered":"<div><img src=\"http:\/\/economiapoliticacba.com\/wp-content\/uploads\/2025\/10\/paseo-y-caminata-nocturna-en-la-reserva-natural-urbana-general-san-martin.jpg\" class=\"ff-og-image-inserted\"><\/div>\n<ul>\n<li data-prosemirror-content-type=\"node\" data-prosemirror-node-name=\"paragraph\" data-prosemirror-node-block=\"true\" data-pm-slice=\"1 1 []\"><strong>La actividad se realizar\u00e1 este viernes desde las 19 horas. Es libre, gratuita, con cupos limitados.<\/strong><\/li>\n<li data-prosemirror-content-type=\"node\" data-prosemirror-node-name=\"paragraph\" data-prosemirror-node-block=\"true\"><strong>Pueden participar personas de todas las edades, inscribi\u00e9ndose previamente en el siguiente link: <a href=\"https:\/\/tally.so\/r\/w5VAGM\" data-prosemirror-content-type=\"mark\" data-prosemirror-mark-name=\"link\">https:\/\/tally.so\/r\/w5VAGM<\/a><\/strong><\/li>\n<\/ul>\n<hr>\n<p data-prosemirror-content-type=\"node\" data-prosemirror-node-name=\"paragraph\" data-prosemirror-node-block=\"true\">La Municipalidad de C\u00f3rdoba, invita a los vecinos, vecinas y turistas a la actividad nocturna que se llevar\u00e1 a cabo el viernes en la Reserva Natural Urbana General San Mart\u00edn, ubicada en inmediaciones del Estadio Mario Alberto Kempes.<\/p>\n<p data-prosemirror-content-type=\"node\" data-prosemirror-node-name=\"paragraph\" data-prosemirror-node-block=\"true\">La caminata y paseo recreativo nocturno comenzar\u00e1 a las 19 horas. Pueden participar personas de todas las edades que quieran disfrutar del cielo cordob\u00e9s descubriendo la flora y la fauna que habita en este espacio verde de la ciudad, teniendo en cuenta que los ni\u00f1os deben ir acompa\u00f1ados por un adulto responsable.<\/p>\n<p data-prosemirror-content-type=\"node\" data-prosemirror-node-name=\"paragraph\" data-prosemirror-node-block=\"true\">La duraci\u00f3n de la actividad ser\u00e1 de dos horas y tendr\u00e1 una dificultad baja. El lugar de encuentro ser\u00e1 el ingreso al camping de la Reserva sobre la calle Miguel Lillo s\/n (detr\u00e1s del Complejo Feriar).<\/p>\n<p data-prosemirror-content-type=\"node\" data-prosemirror-node-name=\"paragraph\" data-prosemirror-node-block=\"true\">Quienes deseen participar, deber\u00e1n inscribirse previamente en el siguiente enlace: <a href=\"https:\/\/tally.so\/r\/w5VAGM\" data-prosemirror-content-type=\"mark\" data-prosemirror-mark-name=\"link\">https:\/\/tally.so\/r\/w5VAGM<\/a><\/p>\n<p data-prosemirror-content-type=\"node\" data-prosemirror-node-name=\"paragraph\" data-prosemirror-node-block=\"true\">Para el d\u00eda de la caminata, se recomienda llevar botellita de agua, repelente, abrigo y calzado y ropa c\u00f3moda para la actividad.<\/p>\n<p data-prosemirror-content-type=\"node\" data-prosemirror-node-name=\"paragraph\" data-prosemirror-node-block=\"true\">Aquellas personas inscriptas, que por alguna raz\u00f3n no pudiese asistir se solicita que lo comuniquen telef\u00f3nicamente al n\u00famero 351 226-4824 o al mail <a href=\"mailto:sanmartinrnu@gmail.com\" data-prosemirror-content-type=\"mark\" data-prosemirror-mark-name=\"link\">sanmartinrnu@gmail.com<\/a><\/p>\n<p data-prosemirror-content-type=\"node\" data-prosemirror-node-name=\"paragraph\" data-prosemirror-node-block=\"true\">Para quien concurra en transporte urbano de colectivos, deber\u00e1n subirse a las l\u00edneas 71 y el 72, bajarse a la altura del Estadio Kempes y caminar 2.5 km hasta el ingreso de la Reserva.<\/p>\n<p data-prosemirror-content-type=\"node\" data-prosemirror-node-name=\"paragraph\" data-prosemirror-node-block=\"true\"><strong>Sobre la Reserva:<\/strong><\/p>\n<p data-prosemirror-content-type=\"node\" data-prosemirror-node-name=\"paragraph\" data-prosemirror-node-block=\"true\">La Reserva Natural Urbana General San Mart\u00edn es el principal pulm\u00f3n verde de la ciudad de C\u00f3rdoba, con 114 hect\u00e1reas destinadas a la conservaci\u00f3n de la biodiversidad y la educaci\u00f3n ambiental. Alberga una gran variedad de especies nativas de flora y fauna, senderos interpretativos y espacios para actividades recreativas y educativas.<\/p>\n<p data-prosemirror-content-type=\"node\" data-prosemirror-node-name=\"paragraph\" data-prosemirror-node-block=\"true\">Es una zona de gran importancia biol\u00f3gica que alberga poblaciones de flora y fauna nativa que ya no se encuentran en la ciudad debido al avance urban\u00edstico y a la p\u00e9rdida de los ecosistemas silvestres.&nbsp; Dada su ubicaci\u00f3n fitogeogr\u00e1fica, aqu\u00ed confluyen especies representativas del Chaco Seco y el Espinal, conformando peque\u00f1as muestras de bosques maduros y otras de monte en recuperaci\u00f3n.<\/p>\n<p data-prosemirror-content-type=\"node\" data-prosemirror-node-name=\"paragraph\" data-prosemirror-node-block=\"true\">Desde su creaci\u00f3n en el a\u00f1o 2009, brinda un espacio para el turismo de bajo impacto y recreaci\u00f3n, funcionando como aula abierta para actividades de investigaci\u00f3n y educaci\u00f3n ambiental para toda la comunidad.<\/p>\n<p data-prosemirror-content-type=\"node\" data-prosemirror-node-name=\"paragraph\" data-prosemirror-node-block=\"true\">La reserva puede ser visitada de forma particular de lunes a lunes de 8:00 a 20:00 horas &nbsp;sin inscripci\u00f3n previa.<\/p>\n","protected":false},"excerpt":{"rendered":"<p>La actividad se realizar\u00e1 este viernes desde las 19 horas. Es libre, gratuita, con cupos limitados. Pueden participar personas de todas las edades, inscribi\u00e9ndose previamente en el siguiente link: https:\/\/tally.so\/r\/w5VAGM La Municipalidad de C\u00f3rdoba, invita a los vecinos, vecinas y turistas a la actividad nocturna que se llevar\u00e1 a cabo el viernes en la Reserva [&hellip;]<\/p>\n","protected":false},"author":1,"featured_media":44278,"comment_status":"closed","ping_status":"closed","sticky":false,"template":"","format":"standard","meta":{"om_disable_all_campaigns":false,"_monsterinsights_skip_tracking":false,"_monsterinsights_sitenote_active":false,"_monsterinsights_sitenote_note":"","_monsterinsights_sitenote_category":0},"categories":[15],"tags":[],"aioseo_notices":[],"_links":{"self":[{"href":"https:\/\/economiapoliticacba.com\/index.php?rest_route=\/wp\/v2\/posts\/44277"}],"collection":[{"href":"https:\/\/economiapoliticacba.com\/index.php?rest_route=\/wp\/v2\/posts"}],"about":[{"href":"https:\/\/economiapoliticacba.com\/index.php?rest_route=\/wp\/v2\/types\/post"}],"author":[{"embeddable":true,"href":"https:\/\/economiapoliticacba.com\/index.php?rest_route=\/wp\/v2\/users\/1"}],"replies":[{"embeddable":true,"href":"https:\/\/economiapoliticacba.com\/index.php?rest_route=%2Fwp%2Fv2%2Fcomments&post=44277"}],"version-history":[{"count":0,"href":"https:\/\/economiapoliticacba.com\/index.php?rest_route=\/wp\/v2\/posts\/44277\/revisions"}],"wp:featuredmedia":[{"embeddable":true,"href":"https:\/\/economiapoliticacba.com\/index.php?rest_route=\/wp\/v2\/media\/44278"}],"wp:attachment":[{"href":"https:\/\/economiapoliticacba.com\/index.php?rest_route=%2Fwp%2Fv2%2Fmedia&parent=44277"}],"wp:term":[{"taxonomy":"category","embeddable":true,"href":"https:\/\/economiapoliticacba.com\/index.php?rest_route=%2Fwp%2Fv2%2Fcategories&post=44277"},{"taxonomy":"post_tag","embeddable":true,"href":"https:\/\/economiapoliticacba.com\/index.php?rest_route=%2Fwp%2Fv2%2Ftags&post=44277"}],"curies":[{"name":"wp","href":"https:\/\/api.w.org\/{rel}","templated":true}]}}