{"id":44256,"date":"2025-10-29T21:01:46","date_gmt":"2025-10-29T21:01:46","guid":{"rendered":"https:\/\/comercioyjusticia.info\/?p=487638"},"modified":"2025-10-29T21:01:46","modified_gmt":"2025-10-29T21:01:46","slug":"masacre-en-rio-de-janeiro-los-muertos-ya-superan-los-120","status":"publish","type":"post","link":"https:\/\/economiapoliticacba.com\/?p=44256","title":{"rendered":"Masacre en R\u00edo de Janeiro: los muertos ya superan los 120"},"content":{"rendered":"<div><img src=\"https:\/\/comercioyjusticia.info\/wp-content\/uploads\/2025\/10\/MASACRE-RIO-JANEIRO.webp\" class=\"ff-og-image-inserted\"><\/div>\n<p>Los vecinos del complejo de favelas Penha de R\u00edo de Janeiro recuperaron m\u00e1s de 50 cad\u00e1veres un d\u00eda despu\u00e9s del operativo policial m\u00e1s letal en la historia de la ciudad, dirigido contra una importante banda criminal, por lo que la cifra de muertos ya supera los 120, seg\u00fan informaron medios internacionales.<br \/>Las autoridades del estado de R\u00edo de Janeiro informaron el martes que al menos 64 personas, incluyendo cuatro polic\u00edas, murieron en los operativos.<br \/>La operaci\u00f3n se sald\u00f3 con la detenci\u00f3n de 81 personas, seg\u00fan indica un reporte del diario El Pa\u00eds de Madrid.<br \/>Se esperaba una actualizaci\u00f3n del balance de v\u00edctimas mortales ya que todos los cuerpos hallados por la gente fueron trasladados a la plaza Sa\u00f5 Lucas por residentes que salieron a buscar a sus familiares desaparecidos tras el operativo, seg\u00fan informaron testigos en el lugar.<br \/>Los cad\u00e1veres encontrados durante la madrugada no estar\u00edan en el balance de v\u00edctimas mortales ofrecido ayer por las autoridades brasile\u00f1as, seg\u00fan inform\u00f3 este mi\u00e9rcoles el secretario del primer ministro, el coronel Marcelo de Menezes Nogueira.<br \/>Los pobladores gritaban indignados \u201c\u00a1asesinos, asesinos!\u201d y, cuando fueron interrogados por periodistas que llegaron desde la Argentina, definieron el operativo como \u201cuna masacre\u201d.<br \/>El despliegue de 2.500 polic\u00edas en la megaoperaci\u00f3n de este martes, que se centr\u00f3 inicialmente en dos grandes barriadas cariocas de favelas, pretend\u00eda frenar la expansi\u00f3n territorial del Comando Vermelho, el segundo grupo m\u00e1s poderosodel crimen organizado en el pa\u00eds sudamericano.<br \/>El descomunal despliegue policial fue respondido con intensos tiroteos por los hombres del Comando Vermelho, que incluso lanzaron granadas desde drones sobre los agentes, sigue la cr\u00f3nica del medio espa\u00f1ol.<br \/>El Comando Vermelho es un grupo criminal que se dedica al tr\u00e1fico de drogas y de armas, entre otras actividades il\u00edcitas como el transporte ilegal, que naci\u00f3 en 1979 en una c\u00e1rcel de R\u00edo, se expandi\u00f3 a otros Estados en los \u00faltimos a\u00f1os.<br \/>En territorio brasile\u00f1o, solole supera el Primer Comando de la Capital (el PCC), que tiene su base en S\u00e3o Paulo y es su rival m\u00e1s encarnizado.<br \/>El operativo policial tuvo lugar d\u00edas antes de que R\u00edo de Janeiro albergue eventos mundiales relacionados con la cumbre clim\u00e1tica de las Naciones Unidas conocida como COP30, incluyendo la cumbre mundial C40 de alcaldes que abordan el cambio clim\u00e1tico y el Premio Earthshot del Pr\u00edncipe Guillermo de Inglaterra.<br \/>La Polic\u00eda llev\u00f3 a cabo con frecuencia operaciones a gran escala contra grupos criminales antes de grandes eventos en R\u00edo, ciudad que acogi\u00f3 los Juegos Ol\u00edmpicos de 2016, la cumbre del G20 de 2024 y la cumbre de los BRICS en julio.<\/p>\n<p><strong>Grieta pol\u00edtica<br \/><\/strong>El ministro de Justicia y Seguridad P\u00fablica de Brasil, Ricardo Lewandowski, afirm\u00f3 que el estado de R\u00edo de Janeiro debe solicitar la intervenci\u00f3n federal al Gobierno del presidente Luiz In\u00e1cio Lula da Silva en caso de que no pueda controlar con su polic\u00eda el crimen organizado, al comentar la operaci\u00f3n policial en dos favelas que dej\u00f3 m\u00e1s de 60 muertos.<br \/>\u201cSi el gobernador de R\u00edo de Janeiro siente que no tiene condiciones, tiene que tirar la toalla y pedir la activaci\u00f3n de la Garant\u00eda de Ley y Orden (GLO) o una intervenci\u00f3n federal. Si \u00e9l no logra enfrentar el delito ser\u00e1 tragado por el crimen organizado\u201d, expres\u00f3 Lewandoski.<br \/>El funcionario aclar\u00f3 que R\u00edo de Janeiro no hizo pedidos para esta operaci\u00f3n policial en la que participaron 2.500 agentes y generaron un tiroteo de varias horas contra los criminales del Comando Rojo, causando el cierre de escuelas y comercios, adem\u00e1s de avenidas.<br \/>Tras condenar la \u201cfuerza bruta\u201d de la operaci\u00f3n, el ministro expres\u00f3 condolencias a las familias de cuatro polic\u00edas muertos y a los \u201cinocentes que perecieron\u201d durante la redada.<br \/>Para Lewandowski, la estrategia para enfrentar la criminalidad debe basarse en inteligencia y coordinaci\u00f3n institucional, indica un informe de la agencia de noticias Xinhua.<br \/>Cit\u00f3 como ejemplo la Operaci\u00f3n Carbono Oculto, realizada en Sao Paulo en septiembre con la participaci\u00f3n conjunta de la Polic\u00eda Federal, la Polic\u00eda Militar, el Ministerio P\u00fablico Federal y la Secretar\u00eda de Ingresos Federales.<br \/>\u201cNadie muri\u00f3 y la organizaci\u00f3n criminal fue derrotada. As\u00ed se combate el crimen organizado\u201d, asegur\u00f3, al refererise a la operaci\u00f3n contra la principal banda criminal brasile\u00f1a, el Primer Comando de la Capital (PCC).<\/p>\n","protected":false},"excerpt":{"rendered":"<p>Los vecinos del complejo de favelas Penha de R\u00edo de Janeiro recuperaron m\u00e1s de 50 cad\u00e1veres un d\u00eda despu\u00e9s del operativo policial m\u00e1s letal en la historia de la ciudad, dirigido contra una importante banda criminal, por lo que la cifra de muertos ya supera los 120, seg\u00fan informaron medios internacionales.Las autoridades del estado de [&hellip;]<\/p>\n","protected":false},"author":1,"featured_media":44257,"comment_status":"open","ping_status":"closed","sticky":false,"template":"","format":"standard","meta":{"om_disable_all_campaigns":false,"_monsterinsights_skip_tracking":false,"_monsterinsights_sitenote_active":false,"_monsterinsights_sitenote_note":"","_monsterinsights_sitenote_category":0},"categories":[21],"tags":[],"aioseo_notices":[],"_links":{"self":[{"href":"https:\/\/economiapoliticacba.com\/index.php?rest_route=\/wp\/v2\/posts\/44256"}],"collection":[{"href":"https:\/\/economiapoliticacba.com\/index.php?rest_route=\/wp\/v2\/posts"}],"about":[{"href":"https:\/\/economiapoliticacba.com\/index.php?rest_route=\/wp\/v2\/types\/post"}],"author":[{"embeddable":true,"href":"https:\/\/economiapoliticacba.com\/index.php?rest_route=\/wp\/v2\/users\/1"}],"replies":[{"embeddable":true,"href":"https:\/\/economiapoliticacba.com\/index.php?rest_route=%2Fwp%2Fv2%2Fcomments&post=44256"}],"version-history":[{"count":0,"href":"https:\/\/economiapoliticacba.com\/index.php?rest_route=\/wp\/v2\/posts\/44256\/revisions"}],"wp:featuredmedia":[{"embeddable":true,"href":"https:\/\/economiapoliticacba.com\/index.php?rest_route=\/wp\/v2\/media\/44257"}],"wp:attachment":[{"href":"https:\/\/economiapoliticacba.com\/index.php?rest_route=%2Fwp%2Fv2%2Fmedia&parent=44256"}],"wp:term":[{"taxonomy":"category","embeddable":true,"href":"https:\/\/economiapoliticacba.com\/index.php?rest_route=%2Fwp%2Fv2%2Fcategories&post=44256"},{"taxonomy":"post_tag","embeddable":true,"href":"https:\/\/economiapoliticacba.com\/index.php?rest_route=%2Fwp%2Fv2%2Ftags&post=44256"}],"curies":[{"name":"wp","href":"https:\/\/api.w.org\/{rel}","templated":true}]}}