{"id":44254,"date":"2025-10-29T21:04:34","date_gmt":"2025-10-29T21:04:34","guid":{"rendered":"https:\/\/comercioyjusticia.info\/?p=487641"},"modified":"2025-10-29T21:04:34","modified_gmt":"2025-10-29T21:04:34","slug":"gremios-alimenticios-rechazaron-la-precarizacion-laboral-como-modelo-de-competitividad","status":"publish","type":"post","link":"https:\/\/economiapoliticacba.com\/?p=44254","title":{"rendered":"Gremios Alimenticios rechazaron la \u201cprecarizaci\u00f3n laboral\u201d como modelo de competitividad"},"content":{"rendered":"<div><img src=\"https:\/\/comercioyjusticia.info\/wp-content\/uploads\/2024\/12\/alimntos-Senasa-FOTO-NA.webp\" class=\"ff-og-image-inserted\"><\/div>\n<p>La Confederaci\u00f3n de Asociaciones Sindicales de Industrias Alimenticias (CASIA) rechaz\u00f3 hoy la reforma laboral que impulsa el Gobierno, que a\u00fan no tiene un proyecto formal redactado, y advirti\u00f3 que \u201ces falso que la competitividad se logre a trav\u00e9s de la reducci\u00f3n de salarios o la precarizaci\u00f3n laboral\u201d.<br \/>Los gremios del sector reunidos en esa entidad plantearon que la Argentina \u201cnecesita empresarios que inviertan en equipamiento, innovaci\u00f3n y capacitaci\u00f3n, y que reinviertan parte de sus utilidades para fortalecer una producci\u00f3n eficiente y sustentable\u201d<br \/>\u201cPrecarizar las condiciones laborales y salariales no solo deteriora los sistemas productivos, sino que conduce a la pobreza y la desintegraci\u00f3n social\u201d, alertaron en un documento.<br \/>En ese marco, defendieron \u201cla negociaci\u00f3n colectiva por rama y\/o industria\u201d como instrumento central del di\u00e1logo social y de las condiciones laborales dignas, en lugar de los acuerdos por empresas que pretender\u00eda establecer la gesti\u00f3n libertaria.<br \/>Entre los gremios que integran la CASIA, figuran Aguas y Gaseosas (FATAGA), Lecheros (ATILRA), el Sindicato de la Alimentaci\u00f3n (FTIA), Pasteleros, Obreros del Tabaco (FTTRA), Cerveceros (FATCA), Panaderos (FAUPPA), Fideereos, Gastron\u00f3micos (UTHGRA), UATRE y Chacinados (SOEICHA).<br \/>De cara al proceso de renovaci\u00f3n de autoridades de la Confederaci\u00f3n General del Trabajo (CGT) previsto para el mi\u00e9rcoles pr\u00f3ximo, la CASIA manifest\u00f3 la necesidad de que la nueva conducci\u00f3n incluya representaci\u00f3n de los gremios industriales.<br \/>\u201cSolo un movimiento obrero unido podr\u00e1 resistir el avance de los poderosos y resguardar la legislaci\u00f3n social y laboral, verdadero coraz\u00f3n de la Justicia Social y motor de una sociedad justa e igualitaria\u201d, advirtieron.<\/p>\n","protected":false},"excerpt":{"rendered":"<p>La Confederaci\u00f3n de Asociaciones Sindicales de Industrias Alimenticias (CASIA) rechaz\u00f3 hoy la reforma laboral que impulsa el Gobierno, que a\u00fan no tiene un proyecto formal redactado, y advirti\u00f3 que \u201ces falso que la competitividad se logre a trav\u00e9s de la reducci\u00f3n de salarios o la precarizaci\u00f3n laboral\u201d.Los gremios del sector reunidos en esa entidad plantearon [&hellip;]<\/p>\n","protected":false},"author":1,"featured_media":44255,"comment_status":"open","ping_status":"closed","sticky":false,"template":"","format":"standard","meta":{"om_disable_all_campaigns":false,"_monsterinsights_skip_tracking":false,"_monsterinsights_sitenote_active":false,"_monsterinsights_sitenote_note":"","_monsterinsights_sitenote_category":0},"categories":[21],"tags":[],"aioseo_notices":[],"_links":{"self":[{"href":"https:\/\/economiapoliticacba.com\/index.php?rest_route=\/wp\/v2\/posts\/44254"}],"collection":[{"href":"https:\/\/economiapoliticacba.com\/index.php?rest_route=\/wp\/v2\/posts"}],"about":[{"href":"https:\/\/economiapoliticacba.com\/index.php?rest_route=\/wp\/v2\/types\/post"}],"author":[{"embeddable":true,"href":"https:\/\/economiapoliticacba.com\/index.php?rest_route=\/wp\/v2\/users\/1"}],"replies":[{"embeddable":true,"href":"https:\/\/economiapoliticacba.com\/index.php?rest_route=%2Fwp%2Fv2%2Fcomments&post=44254"}],"version-history":[{"count":0,"href":"https:\/\/economiapoliticacba.com\/index.php?rest_route=\/wp\/v2\/posts\/44254\/revisions"}],"wp:featuredmedia":[{"embeddable":true,"href":"https:\/\/economiapoliticacba.com\/index.php?rest_route=\/wp\/v2\/media\/44255"}],"wp:attachment":[{"href":"https:\/\/economiapoliticacba.com\/index.php?rest_route=%2Fwp%2Fv2%2Fmedia&parent=44254"}],"wp:term":[{"taxonomy":"category","embeddable":true,"href":"https:\/\/economiapoliticacba.com\/index.php?rest_route=%2Fwp%2Fv2%2Fcategories&post=44254"},{"taxonomy":"post_tag","embeddable":true,"href":"https:\/\/economiapoliticacba.com\/index.php?rest_route=%2Fwp%2Fv2%2Ftags&post=44254"}],"curies":[{"name":"wp","href":"https:\/\/api.w.org\/{rel}","templated":true}]}}