{"id":44252,"date":"2025-10-29T21:33:01","date_gmt":"2025-10-29T21:33:01","guid":{"rendered":"https:\/\/comercioyjusticia.info\/?p=487648"},"modified":"2025-10-29T21:33:01","modified_gmt":"2025-10-29T21:33:01","slug":"imputaron-a-un-hombre-por-amenazar-a-la-madre-de-blas-correas","status":"publish","type":"post","link":"https:\/\/economiapoliticacba.com\/?p=44252","title":{"rendered":"Imputaron a un hombre por amenazar a la madre de Blas Correas"},"content":{"rendered":"<div><img src=\"https:\/\/comercioyjusticia.info\/wp-content\/uploads\/2020\/12\/08-Blas-Correas-Archivo.jpg\" class=\"ff-og-image-inserted\"><\/div>\n<p>La Fiscal\u00eda de Instrucci\u00f3n del Distrito I turno 6, a cargo de Jos\u00e9 Bringas, imput\u00f3 a un sujeto por considerarlo supuesto autor del delito de amenazas calificadas contra <strong>Maria Soledad Laciar<\/strong>, la madre de Blas Correas.<\/p>\n<p><strong>El hecho ocurri\u00f3 el 6 de octubre, a trav\u00e9s de la red social Instagram.<\/strong><\/p>\n<p>A partir de la denuncia formulada por Laciar se dio inicio a la investigaci\u00f3n sobre la autor\u00eda y el origen de los mensajes intimidatorios. Se llevaron a cabo diversas diligencias investigativas con la colaboraci\u00f3n de la Direcci\u00f3n Nacional de Migraciones y de equipos especializados de la Polic\u00eda Judicial (DIO).<\/p>\n<p>Como resultado de las tareas, <strong>en horas de la madrugada del d\u00eda 28 de octubre se realizaron allanamientos en distintos domicilios ubicados dentro de la ciudad de C\u00f3rdoba.<\/strong> La diligencia fue ejecutada por personal civil de la Brigada de Investigaciones, con la colaboraci\u00f3n del Equipo de T\u00e1cticas Especiales Recomendadas (ETER) y de la Secci\u00f3n Cibercrimen (GGIA) de la Direcci\u00f3n de Investigaci\u00f3n Operativa de Polic\u00eda Judicial.<\/p>\n<p>Durante el procedimiento se secuestr\u00f3 un tel\u00e9fono celular, as\u00ed como a la pre-visualizaci\u00f3n e inmediata extracci\u00f3n de informaci\u00f3n relevante para la investigaci\u00f3n desde otros cuatro dispositivos m\u00f3viles, mediante la utilizaci\u00f3n de la herramienta tecnol\u00f3gica \u201cCAPTA\u201d (Captura \u00c1gil de Prueba T\u00e9cnica Auditable), desarrollada -y de uso exclusivo- del personal especializado de la Polic\u00eda Judicial.<\/p>\n","protected":false},"excerpt":{"rendered":"<p>La Fiscal\u00eda de Instrucci\u00f3n del Distrito I turno 6, a cargo de Jos\u00e9 Bringas, imput\u00f3 a un sujeto por considerarlo supuesto autor del delito de amenazas calificadas contra Maria Soledad Laciar, la madre de Blas Correas. El hecho ocurri\u00f3 el 6 de octubre, a trav\u00e9s de la red social Instagram. A partir de la denuncia [&hellip;]<\/p>\n","protected":false},"author":1,"featured_media":44253,"comment_status":"open","ping_status":"closed","sticky":false,"template":"","format":"standard","meta":{"om_disable_all_campaigns":false,"_monsterinsights_skip_tracking":false,"_monsterinsights_sitenote_active":false,"_monsterinsights_sitenote_note":"","_monsterinsights_sitenote_category":0},"categories":[21],"tags":[],"aioseo_notices":[],"_links":{"self":[{"href":"https:\/\/economiapoliticacba.com\/index.php?rest_route=\/wp\/v2\/posts\/44252"}],"collection":[{"href":"https:\/\/economiapoliticacba.com\/index.php?rest_route=\/wp\/v2\/posts"}],"about":[{"href":"https:\/\/economiapoliticacba.com\/index.php?rest_route=\/wp\/v2\/types\/post"}],"author":[{"embeddable":true,"href":"https:\/\/economiapoliticacba.com\/index.php?rest_route=\/wp\/v2\/users\/1"}],"replies":[{"embeddable":true,"href":"https:\/\/economiapoliticacba.com\/index.php?rest_route=%2Fwp%2Fv2%2Fcomments&post=44252"}],"version-history":[{"count":0,"href":"https:\/\/economiapoliticacba.com\/index.php?rest_route=\/wp\/v2\/posts\/44252\/revisions"}],"wp:featuredmedia":[{"embeddable":true,"href":"https:\/\/economiapoliticacba.com\/index.php?rest_route=\/wp\/v2\/media\/44253"}],"wp:attachment":[{"href":"https:\/\/economiapoliticacba.com\/index.php?rest_route=%2Fwp%2Fv2%2Fmedia&parent=44252"}],"wp:term":[{"taxonomy":"category","embeddable":true,"href":"https:\/\/economiapoliticacba.com\/index.php?rest_route=%2Fwp%2Fv2%2Fcategories&post=44252"},{"taxonomy":"post_tag","embeddable":true,"href":"https:\/\/economiapoliticacba.com\/index.php?rest_route=%2Fwp%2Fv2%2Ftags&post=44252"}],"curies":[{"name":"wp","href":"https:\/\/api.w.org\/{rel}","templated":true}]}}