{"id":44213,"date":"2025-10-28T21:36:00","date_gmt":"2025-10-28T21:36:00","guid":{"rendered":"https:\/\/www.iprofesional.com\/legales\/440641-corte-suprema-rechazo-recurso-presentado-por-fernando-espinoza-y-se-encamina-juicio-oral"},"modified":"2025-10-28T21:36:00","modified_gmt":"2025-10-28T21:36:00","slug":"la-corte-rechazo-un-recurso-presentado-por-espinoza-y-se-encamina-a-un-juicio-oral-por-abuso-sexual","status":"publish","type":"post","link":"https:\/\/economiapoliticacba.com\/?p=44213","title":{"rendered":"La Corte rechaz\u00f3 un recurso presentado por Espinoza y se encamina a un juicio oral por abuso sexual"},"content":{"rendered":"<p><img src=\"http:\/\/economiapoliticacba.com\/wp-content\/uploads\/2025\/10\/la-corte-rechazo-un-recurso-presentado-por-espinoza-y-se-encamina-a-un-juicio-oral-por-abuso-sexual.png\"><\/p>\n<div><img src=\"http:\/\/economiapoliticacba.com\/wp-content\/uploads\/2025\/10\/la-corte-rechazo-un-recurso-presentado-por-espinoza-y-se-encamina-a-un-juicio-oral-por-abuso-sexual.webp\" class=\"ff-og-image-inserted\"><\/div>\n<p>La <strong><a href=\"https:\/\/www.iprofesional.com\/legales\/440295-corte-suprema-rechazo-pedidos-para-acceder-datos-arca\" target=\"_blank\" title=\"La Corte Suprema rechaz\u00f3 pedidos para acceder a datos de ARCA\" rel=\"noopener noreferrer\">Corte Suprema<\/a> rechaz\u00f3 un recurso presentado por el intendente de La Matanza<\/strong>, Fernando Espinoza, contra su procesamiento por &#8220;abuso sexual simple&#8221; y desobediencia a una orden judicial. El m\u00e1ximo tribunal, con la firma de los jueces Horacio Rosatti, Carlos Rosenkrantz y Ricardo Lorenzetti, desestim\u00f3 el recurso de queja presentado por la defensa porque no se dirige contra una <strong>sentencia<\/strong> definitiva.<\/p>\n<p>De esta forma, la causa contra el jefe comunal se<strong> encamina a juicio oral.<\/strong> La denunciante es <strong>Melody Jacqueline Rakauskas<\/strong>, exsecretaria privada de Espinoza.<\/p>\n<h2>Los detalles de la causa judicial contra Fernando Espinoza<\/h2>\n<p>Seg\u00fan&nbsp;la <strong>C\u00e1mara del Crimen, Rakauskas<\/strong> se habr\u00eda reunido con Espinoza en tres ocasiones en su <strong>departamento<\/strong>, con fines laborales. En uno de esos encuentros, en mayo de 2021, el intendente habr\u00eda comenzado a insinu\u00e1rsele para luego <strong>forzarla y manosearla<\/strong>, a pesar de la resistencia de la mujer.<\/p>\n<p>Seg\u00fan consta en la denuncia, durante la cena, <strong>Espinoza<\/strong> le dijo que estaba contracturado y le pidi\u00f3 masajes. Ella se neg\u00f3 y le aconsej\u00f3 que descansara, pero la respuesta fue: &#8220;No tengas miedo, dale. Las mujeres de mis amigos tienen bigote&#8221;. Seg\u00fan <strong>Rakauskas, Espinoza se desabroch\u00f3 la camisa y ella le pidi\u00f3 que se fuera, pero el intendente insisti\u00f3<\/strong>.<\/p>\n<p>Seg\u00fan lo relatado por la v\u00edctima, Espinoza se sac\u00f3 el pantal\u00f3n y la llev\u00f3 a la cama donde comenz\u00f3 a besarla y a tocarla por encima de la ropa mientras le dec\u00eda: &#8220;Quedate tranquila, siempre te tuve ganas, va a estar todo bien&#8221;. Adem\u00e1s, le ped\u00eda que le practicara sexo oral, intentando&nbsp;sacarle la ropa. La <strong>v\u00edctima asegur\u00f3 que se resisti\u00f3 y Espinoza se termin\u00f3 yendo<\/strong>.<\/p>\n<p>&#8220;Bueno listo, ya est\u00e1, se termin\u00f3 todo. Me voy, ya est\u00e1, no te preocupes. Sos una bol&#8230; No sab\u00e9s lo que te perd\u00e9s, pero bueno, all\u00e1 vos&#8221;, afirm\u00f3 Espinoza, seg\u00fan la denunciante.&nbsp;El intendente de <strong>La Matanza<\/strong> fue procesado y enviado a juicio oral. Su defensa present\u00f3 distintos pedidos para anular la causa, los que fueron rechazados por la <strong>C\u00e1mara del Crimen<\/strong>.<\/p>\n<p>El juez <strong>Fernando Caunedo<\/strong> decidi\u00f3 el env\u00edo de la <strong>causa a <a href=\"https:\/\/www.iprofesional.com\/politica\/440297-rechazan-sobreseimiento-cristina-kirchner-en-causa-cuadernos-ira-juicio-oral\" target=\"_blank\" title=\"Cristina Kirchner ir\u00e1 a juicio oral\" rel=\"noopener noreferrer\">juicio oral<\/a><\/strong> pese al &#8220;esfuerzo de la defensa en desacreditar a la querellante, y el extenso escrito presentado para reclamar el sobreseimiento del imputado, haci\u00e9ndose eco&#8221; de los pedidos coincidentes de ambos fiscales, <strong>Mauricio Viera y M\u00f3nica Cu\u00f1arro<\/strong>.&nbsp;Caunedo consider\u00f3 &#8220;inadmisible el cierre anormal del proceso que propone en esta <strong>etapa cr\u00edtica, e improcedente la revisi\u00f3n del caso<\/strong>&#8220;, y determin\u00f3 la elevaci\u00f3n del caso a un proceso oral.<\/p>\n<p>El <strong>juez de instrucci\u00f3n proces\u00f3 a Espinoza sin <a href=\"https:\/\/www.iprofesional.com\/politica\/438566-julio-de-vido-y-roberto-baratta-a-prision-por-fraude-estatal\" target=\"_blank\" title=\"Julio de Vido y Roberto Baratta a prisi\u00f3n por fraude estatal\" rel=\"noopener noreferrer\">prisi\u00f3n<\/a> preventiva<\/strong>, dispuso su libertad provisoria y le prohibi\u00f3 acercarse o comunicarse con la denunciante. Tambi\u00e9n le imput\u00f3 desobediencia judicial, al considerar que viol\u00f3 esa restricci\u00f3n al intentar contactarla mediante un <strong>funcionario municipal<\/strong> para convencerla de retirar la denuncia.<\/p>\n<p>La <strong>C\u00e1mara del Crimen, en su Sala VII<\/strong>, confirm\u00f3 el procesamiento en julio de 2023 y resalt\u00f3 que el <strong>testimonio de la v\u00edctima resultaba &#8220;coherente, persistente y veros\u00edmil&#8221;<\/strong>. En mayo de este a\u00f1o, el mismo tribunal ratific\u00f3 el <strong>env\u00edo a juicio oral, al rechazar un pedido de nulidad de la defensa<\/strong>. Los jueces <strong>Juan Cicciaro y Rodolfo Pociello Argerich<\/strong> entendieron que &#8220;persiste la probabilidad requerida para tener por acreditada la imputaci\u00f3n dirigida al nombrado&#8221; y que no correspond\u00eda el sobreseimiento en esta etapa.<\/p>\n<p>La defensa, encabezada por abogados del estudio del exjuez federal <strong>Le\u00f3n Arslanian<\/strong>, objet\u00f3 la <strong>elevaci\u00f3n a juicio alegando que la Fiscal\u00eda de Instrucci\u00f3n<\/strong>, a cargo de M\u00f3nica Cu\u00f1arro, hab\u00eda solicitado el sobreseimiento luego de la <strong>aparici\u00f3n de un audio encontrado en el celular de la v\u00edctima<\/strong>, donde se mencionar\u00eda un supuesto intento de acuerdo entre las partes. Sin embargo, la C\u00e1mara concluy\u00f3 que ese material deb\u00eda ser valorado en el debate oral y no justificaba el cierre de la investigaci\u00f3n.<\/p>\n<p>Tras la confirmaci\u00f3n del procesamiento y la elevaci\u00f3n a juicio, la <strong>defensa interpuso un recurso extraordinario federal,<\/strong> cuya denegaci\u00f3n motiv\u00f3 la presentaci\u00f3n ante la <strong>Corte Suprema<\/strong>, que decidi\u00f3 desestimar el planteo. Ahora el expediente continuar\u00e1 su tr\u00e1mite en la etapa oral, donde deber\u00e1 fijarse fecha para el comienzo del debate.&nbsp;El dirigente comunal, hist\u00f3rico referente del <strong><a href=\"https:\/\/www.iprofesional.com\/politica\/440599-los-barrios-marginales-abandonaron-al-peronismo-el-analisis-del-wall-street-journal\" target=\"_blank\" title=\"Los barrios marginales abandonaron al peronismo el an\u00e1lisis de Wall Street Journal\" rel=\"noopener noreferrer\">peronismo<\/a> bonaerense<\/strong>, actualmente cumple su cuarto mandato al frente del distrito m\u00e1s poblado del pa\u00eds. En su defensa neg\u00f3 los cargos en su contra y argument\u00f3 que la causa tiene motivaciones pol\u00edticas.<\/p>\n","protected":false},"excerpt":{"rendered":"<p>La Corte Suprema rechaz\u00f3 un recurso presentado por el intendente de La Matanza, Fernando Espinoza, contra su procesamiento por &#8220;abuso sexual simple&#8221; y desobediencia a una orden judicial. El m\u00e1ximo tribunal, con la firma de los jueces Horacio Rosatti, Carlos Rosenkrantz y Ricardo Lorenzetti, desestim\u00f3 el recurso de queja presentado por la defensa porque no [&hellip;]<\/p>\n","protected":false},"author":1,"featured_media":44214,"comment_status":"closed","ping_status":"closed","sticky":false,"template":"","format":"standard","meta":{"om_disable_all_campaigns":false,"_monsterinsights_skip_tracking":false,"_monsterinsights_sitenote_active":false,"_monsterinsights_sitenote_note":"","_monsterinsights_sitenote_category":0},"categories":[20],"tags":[],"aioseo_notices":[],"_links":{"self":[{"href":"https:\/\/economiapoliticacba.com\/index.php?rest_route=\/wp\/v2\/posts\/44213"}],"collection":[{"href":"https:\/\/economiapoliticacba.com\/index.php?rest_route=\/wp\/v2\/posts"}],"about":[{"href":"https:\/\/economiapoliticacba.com\/index.php?rest_route=\/wp\/v2\/types\/post"}],"author":[{"embeddable":true,"href":"https:\/\/economiapoliticacba.com\/index.php?rest_route=\/wp\/v2\/users\/1"}],"replies":[{"embeddable":true,"href":"https:\/\/economiapoliticacba.com\/index.php?rest_route=%2Fwp%2Fv2%2Fcomments&post=44213"}],"version-history":[{"count":0,"href":"https:\/\/economiapoliticacba.com\/index.php?rest_route=\/wp\/v2\/posts\/44213\/revisions"}],"wp:featuredmedia":[{"embeddable":true,"href":"https:\/\/economiapoliticacba.com\/index.php?rest_route=\/wp\/v2\/media\/44214"}],"wp:attachment":[{"href":"https:\/\/economiapoliticacba.com\/index.php?rest_route=%2Fwp%2Fv2%2Fmedia&parent=44213"}],"wp:term":[{"taxonomy":"category","embeddable":true,"href":"https:\/\/economiapoliticacba.com\/index.php?rest_route=%2Fwp%2Fv2%2Fcategories&post=44213"},{"taxonomy":"post_tag","embeddable":true,"href":"https:\/\/economiapoliticacba.com\/index.php?rest_route=%2Fwp%2Fv2%2Ftags&post=44213"}],"curies":[{"name":"wp","href":"https:\/\/api.w.org\/{rel}","templated":true}]}}