{"id":44206,"date":"2025-10-28T22:58:00","date_gmt":"2025-10-28T22:58:00","guid":{"rendered":"https:\/\/economiapoliticacba.com\/?p=44206"},"modified":"2025-10-28T22:58:00","modified_gmt":"2025-10-28T22:58:00","slug":"los-gestos-de-maximo-que-anticiparon-las-no-tan-nuevas-tensiones-en-el-peronismo","status":"publish","type":"post","link":"https:\/\/economiapoliticacba.com\/?p=44206","title":{"rendered":"Los gestos de M\u00e1ximo que anticiparon las no tan nuevas tensiones en el peronismo"},"content":{"rendered":"<p>Los <strong>gestos de M\u00e1ximo Kirchner<\/strong> durante el discurso de <strong>Axel Kicillof<\/strong> en el b\u00fanker de Fuerza Patria fueron el primer s\u00edmbolo de la etapa que se abre para el <a href=\"https:\/\/eleconomista.com.ar\/politica\/santilli-da-golpe-provincia-remontada-historica-drastica-decision-anuncio-n89851\" target=\"_blank\" rel=\"noopener\">peronismo tras las elecciones<\/a>. El arqueo de cejas ante el agradecimiento a los intendentes, el cierre de ojos y el tibio aplauso cuando el gobernador lo mencion\u00f3 expusieron su postura. A su lado, <strong>Sergio Massa y Juan Grabois<\/strong> -la cuarta lapicera del armado nacional- completaban la foto la unidad alcanzada.<\/p>\n<p><mark class=\"marker-yellow\"><strong>La derrota del peronismo compromete la posibilidad de construir una unidad s\u00f3lida y program\u00e1tica.<\/strong><\/mark> La campa\u00f1a reducida a <strong>&#8220;Frenar a Milei&#8221; <\/strong>termin\u00f3 de exhibir el vac\u00edo de contenido y la <a href=\"https:\/\/eleconomista.com.ar\/politica\/la-novedosa-normalidad-electoral-n89896\" target=\"_blank\" rel=\"noopener\"><strong>falta de &#8220;nuevas canciones&#8221;<\/strong><\/a>. El \u00faltimo intento, aquel &#8220;Estado eficiente&#8221; de Cristina Kirchner a comienzos de a\u00f1o, qued\u00f3 apenas como un boceto luego de su condena.<\/p>\n<p><strong>Kicillof hab\u00eda logrado posicionarse como potencial l\u00edder<\/strong> del espacio despu\u00e9s de la victoria provincial por 14 puntos en septiembre, pero la derrota nacional <strong>debilit\u00f3 ese lugar<\/strong>. Asimismo, reaparecieron las tensiones con Cristina Kirchner.<\/p>\n<figure class=\"image\"><img loading=\"lazy\" width=\"100\" height=\"100\" class=\"cst_img\" src=\"http:\/\/economiapoliticacba.com\/wp-content\/uploads\/2025\/10\/los-gestos-de-maximo-que-anticiparon-las-no-tan-nuevas-tensiones-en-el-peronismo.webp\" alt=\"Kicillof\"><figcaption>Kicillof tras la victoria del 7 de septiembre<\/figcaption><\/figure>\n<p>El gobernador fue el principal impulsor de separar los comicios bonaerenses de los nacionales, una decisi\u00f3n que tom\u00f3 contra la voluntad de la expresidenta. Con el resultado adverso, el pase de facturas no tard\u00f3 en llegar. &#8220;El conurbano va a salvar a La Patria y Cristina Kirchner ten\u00eda raz\u00f3n (no importa cuando leas esto)&#8221;, public\u00f3 la intendenta camporista <strong>Mayra Mendoza<\/strong>.<\/p>\n<div class=\"rela\">\n<div class=\"pic\"> <a href=\"https:\/\/eleconomista.com.ar\/politica\/el-peronismo-panico-derrumbe-historico-senado-n89907\" title=\"El peronismo en p\u00e1nico: derrumbe hist\u00f3rico en el Senado\"><img src=\"http:\/\/economiapoliticacba.com\/wp-content\/uploads\/2025\/10\/los-gestos-de-maximo-que-anticiparon-las-no-tan-nuevas-tensiones-en-el-peronismo-1.webp\" alt=\"El peronismo en p\u00e1nico: derrumbe hist\u00f3rico en el Senado\" loading=\"lazy\"><\/a> <\/div><\/div>\n<p>Desde el conurbano tambi\u00e9n se escucharon reproches. &#8220;Los dirigentes nacionales tienen que entender que <strong>somos los intendentes los que tenemos los votos<\/strong>&#8220;, dijo <strong>Gast\u00f3n Granados<\/strong>, jefe municipal de Ezeiza, donde Fuerza Patria se impuso con el 44% sobre el 38% de La Libertad Avanza.<\/p>\n<p><mark class=\"marker-yellow\"><strong>Cristina Kirchner, por lo bajo, tambi\u00e9n habr\u00eda cuestionado el desdoblamiento, convencida de que las elecciones concurrentes hubieran fortalecido la ofensiva contra Milei.<\/strong><\/mark><\/p>\n<figure class=\"image\"><img loading=\"lazy\" width=\"100\" height=\"100\" class=\"cst_img\" src=\"http:\/\/economiapoliticacba.com\/wp-content\/uploads\/2025\/10\/los-gestos-de-maximo-que-anticiparon-las-no-tan-nuevas-tensiones-en-el-peronismo-2.webp\" alt=\"Cristina bail\u00f3 en el balc\u00f3n tras la derrota\"><figcaption>Cristina sali\u00f3 el balc\u00f3n tras la derrota<\/figcaption><\/figure>\n<div class=\"rela\">\n<div class=\"pic\"> <a href=\"https:\/\/eleconomista.com.ar\/politica\/santilli-da-golpe-provincia-remontada-historica-drastica-decision-anuncio-n89851\" title=\"Santilli da el golpe en Provincia: remontada hist\u00f3rica y la dr\u00e1stica decisi\u00f3n que anunci\u00f3\"><img src=\"http:\/\/economiapoliticacba.com\/wp-content\/uploads\/2025\/10\/los-gestos-de-maximo-que-anticiparon-las-no-tan-nuevas-tensiones-en-el-peronismo-3.webp\" alt=\"Santilli da el golpe en Provincia: remontada hist\u00f3rica y la dr\u00e1stica decisi\u00f3n que anunci\u00f3\" loading=\"lazy\"><\/a> <\/div><\/div>\n<p><strong>Kicillof<\/strong>, sin embargo, defendi\u00f3 su decisi\u00f3n. &#8220;Fuerza Patria sostuvo los mismos votos en octubre, as\u00ed que <mark class=\"marker-yellow\"><strong>el desdoblamiento no produjo una p\u00e9rdida<\/strong><\/mark>. El resultado fue 41%, que es muy bueno para una intermedia porque al peronismo le cuestan mucho. En democracia, es el mejor resultado. No alcanz\u00f3 para ganar, que nos hubiera gustado a todos&#8221;, se\u00f1al\u00f3 en C5N. En la misma l\u00ednea, su ministro de Gobierno, Carlos Bianco, destac\u00f3 que sumaron &#8220;una banca m\u00e1s en septiembre, justamente como consecuencia del desdoblamiento&#8221;.<\/p>\n<p>Consciente de la fragilidad del espacio, Kicillof intent\u00f3 marcar un <strong>horizonte la propia noche de la derrota<\/strong>: &#8220;Tenemos dos tareas: cuidar y defender a los que sufren, y <a href=\"https:\/\/eleconomista.com.ar\/politica\/cristina-sepia-kicillof-ideas-quien-escribira-nuevas-canciones-peronismo-n85218\" target=\"_blank\" rel=\"noopener\"><strong>construir una alternativa<\/strong><\/a> que demuestre a nuestro pueblo que hay otro camino. Que vale la pena trabajar por la justicia social, por una patria donde nuestros recursos, nuestra producci\u00f3n y nuestra industria est\u00e9n al servicio del pueblo y no de una potencia extranjera&#8221;.<\/p>\n<figure class=\"image\"><img loading=\"lazy\" width=\"100\" height=\"100\" class=\"cst_img\" src=\"http:\/\/economiapoliticacba.com\/wp-content\/uploads\/2025\/10\/los-gestos-de-maximo-que-anticiparon-las-no-tan-nuevas-tensiones-en-el-peronismo-4.webp\" alt=\"Kicillof\"><figcaption>El gobernador, en su discurso tras la derrota<\/figcaption><\/figure>\n<ul>\n<li>El peronismo perdi\u00f3 en los cinco distritos m\u00e1s populosos -ciudad y provincia de Buenos Aires, C\u00f3rdoba, Santa Fe y Mendoza-, todos conquistados por La Libertad Avanza. Las distintas fuerzas peronistas ganaron en ocho provincias, pero Fuerza Patria como tal solo se impuso en Catamarca.<\/li>\n<\/ul>\n<p>La derrota deja al peronismo frente a un <strong>problema sin soluci\u00f3n aparente<\/strong>: sin el kirchnerismo, la unidad es inviable; con \u00e9l, se vuelve casi imposible ampliar la coalici\u00f3n. El camporismo conserva una porci\u00f3n significativa del electorado, pero su permanencia en el centro de la escena complica alianzas y alimenta el voto no-peronista.<\/p>\n","protected":false},"excerpt":{"rendered":"<p>Los gestos de M\u00e1ximo Kirchner durante el discurso de Axel Kicillof en el b\u00fanker de Fuerza Patria fueron el primer s\u00edmbolo de la etapa que se abre para el peronismo tras las elecciones. El arqueo de cejas ante el agradecimiento a los intendentes, el cierre de ojos y el tibio aplauso cuando el gobernador lo [&hellip;]<\/p>\n","protected":false},"author":1,"featured_media":44207,"comment_status":"closed","ping_status":"closed","sticky":false,"template":"","format":"standard","meta":{"om_disable_all_campaigns":false,"_monsterinsights_skip_tracking":false,"_monsterinsights_sitenote_active":false,"_monsterinsights_sitenote_note":"","_monsterinsights_sitenote_category":0},"categories":[17,21],"tags":[],"aioseo_notices":[],"_links":{"self":[{"href":"https:\/\/economiapoliticacba.com\/index.php?rest_route=\/wp\/v2\/posts\/44206"}],"collection":[{"href":"https:\/\/economiapoliticacba.com\/index.php?rest_route=\/wp\/v2\/posts"}],"about":[{"href":"https:\/\/economiapoliticacba.com\/index.php?rest_route=\/wp\/v2\/types\/post"}],"author":[{"embeddable":true,"href":"https:\/\/economiapoliticacba.com\/index.php?rest_route=\/wp\/v2\/users\/1"}],"replies":[{"embeddable":true,"href":"https:\/\/economiapoliticacba.com\/index.php?rest_route=%2Fwp%2Fv2%2Fcomments&post=44206"}],"version-history":[{"count":0,"href":"https:\/\/economiapoliticacba.com\/index.php?rest_route=\/wp\/v2\/posts\/44206\/revisions"}],"wp:featuredmedia":[{"embeddable":true,"href":"https:\/\/economiapoliticacba.com\/index.php?rest_route=\/wp\/v2\/media\/44207"}],"wp:attachment":[{"href":"https:\/\/economiapoliticacba.com\/index.php?rest_route=%2Fwp%2Fv2%2Fmedia&parent=44206"}],"wp:term":[{"taxonomy":"category","embeddable":true,"href":"https:\/\/economiapoliticacba.com\/index.php?rest_route=%2Fwp%2Fv2%2Fcategories&post=44206"},{"taxonomy":"post_tag","embeddable":true,"href":"https:\/\/economiapoliticacba.com\/index.php?rest_route=%2Fwp%2Fv2%2Ftags&post=44206"}],"curies":[{"name":"wp","href":"https:\/\/api.w.org\/{rel}","templated":true}]}}