{"id":44156,"date":"2025-10-27T22:10:00","date_gmt":"2025-10-27T22:10:00","guid":{"rendered":"https:\/\/economiapoliticacba.com\/?p=44156"},"modified":"2025-10-27T22:10:00","modified_gmt":"2025-10-27T22:10:00","slug":"nuevo-capitulo-para-el-gobierno-los-proximos-pasos-tras-la-victoria","status":"publish","type":"post","link":"https:\/\/economiapoliticacba.com\/?p=44156","title":{"rendered":"Nuevo cap\u00edtulo para el Gobierno: los pr\u00f3ximos pasos tras la victoria"},"content":{"rendered":"<p>El triunfo electoral le dio un respiro al <strong>Gobierno<\/strong>, pero la <strong>pr\u00f3xima etapa<\/strong> estar\u00e1 marcada por tres desaf\u00edos centrales: <mark class=\"marker-yellow\"><strong>abrir el di\u00e1logo, avanzar con las reformas y reordenar el Gabinete<\/strong><\/mark>.<\/p>\n<h2>1. El di\u00e1logo<\/h2>\n<p>Tras un a\u00f1o de confrontaci\u00f3n que el propio Javier Milei atribuye a la &#8220;pirotecnia electoral&#8221;, el Gobierno promete inaugurar un tiempo de <strong>negociaci\u00f3n pol\u00edtica<\/strong>. El Presidente ya <a href=\"https:\/\/eleconomista.com.ar\/politica\/los-gobernadores-perdedores-eleccion-n89883\" target=\"_blank\" rel=\"noopener\">convoc\u00f3 a los <strong>gobernadores<\/strong><\/a><strong> <\/strong>a &#8220;discutir en conjunto&#8221; el camino reformista.<\/p>\n<p>Aunque duplic\u00f3 su representaci\u00f3n en Diputados y triplic\u00f3 sus bancas en el Senado, La Libertad Avanza sigue lejos de la mayor\u00eda necesaria para aprobar leyes. Ni siquiera con el PRO alcanza: deber\u00e1 tejer acuerdos m\u00e1s amplios si quiere convertir su programa en ley.<\/p>\n<h2>2. Las reformas<\/h2>\n<p>El Gobierno planea enviar al Congreso, apenas asuma la nueva composici\u00f3n legislativa el 10 de diciembre, los <a href=\"https:\/\/eleconomista.com.ar\/politica\/milei-filtro-tras-ganar-16-provincias-ya-habla-2031-tendre-dos-anos-mas-o-seis-n89863\" target=\"_blank\" rel=\"noopener\">proyectos de reforma laboral y tributaria<\/a>.<\/p>\n<figure class=\"image\"><img loading=\"lazy\" width=\"100\" height=\"100\" class=\"cst_img\" src=\"http:\/\/economiapoliticacba.com\/wp-content\/uploads\/2025\/10\/nuevo-capitulo-para-el-gobierno-los-proximos-pasos-tras-la-victoria.webp\" alt=\"milei\"><figcaption>Milei brind\u00f3 entrevistas luego las elecciones<\/figcaption><\/figure>\n<div class=\"rela\">\n<div class=\"pic\"> <a href=\"https:\/\/eleconomista.com.ar\/politica\/los-gobernadores-perdedores-eleccion-n89883\" title=\"Los gobernadores, perdedores de la elecci\u00f3n\"><img src=\"http:\/\/economiapoliticacba.com\/wp-content\/uploads\/2025\/10\/nuevo-capitulo-para-el-gobierno-los-proximos-pasos-tras-la-victoria-1.webp\" alt=\"Los gobernadores, perdedores de la elecci\u00f3n\" loading=\"lazy\"><\/a> <\/div><\/div>\n<ul>\n<li><mark class=\"marker-yellow\"><strong>Reforma laboral<\/strong><\/mark>: &#8220;No vamos por los derechos de nadie&#8221;, aclar\u00f3 Milei, al defender una &#8220;modernizaci\u00f3n laboral&#8221; que, seg\u00fan dijo, busca sumar trabajadores a la formalidad. &#8220;Si la mitad de los trabajadores est\u00e1 en la informalidad, quiere decir que eso no funciona&#8221;, agreg\u00f3.<\/li>\n<li><mark class=\"marker-yellow\"><strong>Reforma tributaria<\/strong><\/mark>: el Presidente explic\u00f3 que la ley buscar\u00e1 &#8220;bajar 20 impuestos ahora, bajar al\u00edcuotas y expandir la base imponible&#8221;.<\/li>\n<\/ul>\n<h2>3. El Gabinete<\/h2>\n<p>La antesala electoral expuso las tensiones dentro del oficialismo. La <a href=\"https:\/\/eleconomista.com.ar\/politica\/santiago-caputo-eje-nuevo-gabinete-posibles-renuncias-sus-criticos-n89647\" target=\"_blank\" rel=\"noopener\">posible incorporaci\u00f3n de <strong>Santiago Caputo<\/strong><\/a> al Gabinete puso en duda la continuidad del jefe de ministros, <strong>Guillermo Francos<\/strong>, y del l\u00edder de la cartera del Interior, <strong>Lisandro Catal\u00e1n<\/strong>. En los d\u00edas previos a los comicios, adem\u00e1s, renunciaron el canciller <strong>Gerardo Werthein<\/strong> y el ministro de Justicia, <strong>Mariano C\u00faneo Libarona<\/strong>.<\/p>\n<p><strong>El resultado electoral contribuy\u00f3 a distender las tensiones internas.<\/strong> Milei agradeci\u00f3 p\u00fablicamente a Francos y calific\u00f3 a Karina Milei y a Santiago Caputo como &#8220;los arquitectos de este milagro&#8221;. Incluso sugiri\u00f3 que las modificaciones podr\u00edan no ser inmediatas.<\/p>\n<figure class=\"image\"><img loading=\"lazy\" width=\"100\" height=\"100\" class=\"cst_img\" src=\"http:\/\/economiapoliticacba.com\/wp-content\/uploads\/2025\/10\/nuevo-capitulo-para-el-gobierno-los-proximos-pasos-tras-la-victoria-2.webp\" alt=\"triangulo de hierro milei karina santiago caputo\"><figcaption>El &#8220;tri\u00e1ngulo de hierro&#8221;<\/figcaption><\/figure>\n<div class=\"rela\">\n<div class=\"pic\"> <a href=\"https:\/\/eleconomista.com.ar\/politica\/la-derrota-silenciosa-villarruel-convivencia-forzada-bullrich-n89880\" title=\"La derrota silenciosa de Villarruel y la convivencia forzada con Bullrich\"><img src=\"http:\/\/economiapoliticacba.com\/wp-content\/uploads\/2025\/10\/nuevo-capitulo-para-el-gobierno-los-proximos-pasos-tras-la-victoria-3.webp\" alt=\"La derrota silenciosa de Villarruel y la convivencia forzada con Bullrich\" loading=\"lazy\"><\/a> <\/div><\/div>\n<p><mark class=\"marker-yellow\"><strong>&#8220;El Gabinete se va a construir a la luz del nuevo Congreso y de las alianzas que tengo que buscar para poder pasar la agenda&#8221;<\/strong><\/mark>, dijo el Presidente. &#8220;Lo importante es conseguir las reformas; el instrumento para eso es el nuevo Gabinete&#8221;.<\/p>\n<p>Milei anticip\u00f3, adem\u00e1s, que <strong>convocar\u00e1 &#8220;a los mejores&#8221;<\/strong>, incluso si no pertenecen a La Libertad Avanza.<\/p>\n","protected":false},"excerpt":{"rendered":"<p>El triunfo electoral le dio un respiro al Gobierno, pero la pr\u00f3xima etapa estar\u00e1 marcada por tres desaf\u00edos centrales: abrir el di\u00e1logo, avanzar con las reformas y reordenar el Gabinete. 1. El di\u00e1logo Tras un a\u00f1o de confrontaci\u00f3n que el propio Javier Milei atribuye a la &#8220;pirotecnia electoral&#8221;, el Gobierno promete inaugurar un tiempo de [&hellip;]<\/p>\n","protected":false},"author":1,"featured_media":44157,"comment_status":"closed","ping_status":"closed","sticky":false,"template":"","format":"standard","meta":{"om_disable_all_campaigns":false,"_monsterinsights_skip_tracking":false,"_monsterinsights_sitenote_active":false,"_monsterinsights_sitenote_note":"","_monsterinsights_sitenote_category":0},"categories":[17,21],"tags":[],"aioseo_notices":[],"_links":{"self":[{"href":"https:\/\/economiapoliticacba.com\/index.php?rest_route=\/wp\/v2\/posts\/44156"}],"collection":[{"href":"https:\/\/economiapoliticacba.com\/index.php?rest_route=\/wp\/v2\/posts"}],"about":[{"href":"https:\/\/economiapoliticacba.com\/index.php?rest_route=\/wp\/v2\/types\/post"}],"author":[{"embeddable":true,"href":"https:\/\/economiapoliticacba.com\/index.php?rest_route=\/wp\/v2\/users\/1"}],"replies":[{"embeddable":true,"href":"https:\/\/economiapoliticacba.com\/index.php?rest_route=%2Fwp%2Fv2%2Fcomments&post=44156"}],"version-history":[{"count":0,"href":"https:\/\/economiapoliticacba.com\/index.php?rest_route=\/wp\/v2\/posts\/44156\/revisions"}],"wp:featuredmedia":[{"embeddable":true,"href":"https:\/\/economiapoliticacba.com\/index.php?rest_route=\/wp\/v2\/media\/44157"}],"wp:attachment":[{"href":"https:\/\/economiapoliticacba.com\/index.php?rest_route=%2Fwp%2Fv2%2Fmedia&parent=44156"}],"wp:term":[{"taxonomy":"category","embeddable":true,"href":"https:\/\/economiapoliticacba.com\/index.php?rest_route=%2Fwp%2Fv2%2Fcategories&post=44156"},{"taxonomy":"post_tag","embeddable":true,"href":"https:\/\/economiapoliticacba.com\/index.php?rest_route=%2Fwp%2Fv2%2Ftags&post=44156"}],"curies":[{"name":"wp","href":"https:\/\/api.w.org\/{rel}","templated":true}]}}