{"id":44139,"date":"2025-10-24T17:53:29","date_gmt":"2025-10-24T17:53:29","guid":{"rendered":"https:\/\/cordoba.gob.ar\/?p=82540"},"modified":"2025-10-24T17:53:29","modified_gmt":"2025-10-24T17:53:29","slug":"clausuran-la-galeria-espacial-por-falta-de-habilitacion-y-serias-falencias-en-medidas-de-seguridad","status":"publish","type":"post","link":"https:\/\/economiapoliticacba.com\/?p=44139","title":{"rendered":"Clausuran la Galer\u00eda Espacial por falta de habilitaci\u00f3n y serias falencias en medidas de seguridad"},"content":{"rendered":"<div><img src=\"http:\/\/economiapoliticacba.com\/wp-content\/uploads\/2025\/10\/clausuran-la-galeria-espacial-por-falta-de-habilitacion-y-serias-falencias-en-medidas-de-seguridad.jpg\" class=\"ff-og-image-inserted\"><\/div>\n<ul>\n<li><strong><strong>El operativo se desarrolla junto al Ministerio de Seguridad provincial, que realiza m\u00faltiples allanamientos en distintos locales.<\/strong><\/strong><br \/>\n<hr>\n<\/li>\n<\/ul>\n<p>Tras detectar graves faltas en medidas de seguridad y no contar con habilitaci\u00f3n vigente, el Ente de Fiscalizaci\u00f3n y Control municipal clausur\u00f3 la Galer\u00eda Espacial, ubicada sobre avenida Olmos.<\/p>\n<p>Los inspectores corroboran en las instalaciones numerosos riesgos para las personas, tales como cableado el\u00e9ctrico expuesto, nichos hidrantes incompletos y luces de emergencia fuera de funcionamiento, entre otras falencias.<\/p>\n<p>A la par se constat\u00f3 la falta de habilitaci\u00f3n vigente en la galer\u00eda y se comprob\u00f3 esa condici\u00f3n en cada uno de los locales comerciales.<\/p>\n<p>El operativo surge de un pedido del Ministerio de Seguridad provincial, que realiza m\u00faltiples allanamientos en la galer\u00eda con personal policial.<\/p>\n<p>Estos operativos forman parte de las acciones sostenidas por el municipio para fiscalizar el cumplimiento de las normas vigentes y cuidar la integridad de todas las personas involucradas en las distintas actividades comerciales.<\/p>\n","protected":false},"excerpt":{"rendered":"<p>El operativo se desarrolla junto al Ministerio de Seguridad provincial, que realiza m\u00faltiples allanamientos en distintos locales. Tras detectar graves faltas en medidas de seguridad y no contar con habilitaci\u00f3n vigente, el Ente de Fiscalizaci\u00f3n y Control municipal clausur\u00f3 la Galer\u00eda Espacial, ubicada sobre avenida Olmos. Los inspectores corroboran en las instalaciones numerosos riesgos para [&hellip;]<\/p>\n","protected":false},"author":1,"featured_media":44140,"comment_status":"closed","ping_status":"closed","sticky":false,"template":"","format":"standard","meta":{"om_disable_all_campaigns":false,"_monsterinsights_skip_tracking":false,"_monsterinsights_sitenote_active":false,"_monsterinsights_sitenote_note":"","_monsterinsights_sitenote_category":0},"categories":[15],"tags":[],"aioseo_notices":[],"_links":{"self":[{"href":"https:\/\/economiapoliticacba.com\/index.php?rest_route=\/wp\/v2\/posts\/44139"}],"collection":[{"href":"https:\/\/economiapoliticacba.com\/index.php?rest_route=\/wp\/v2\/posts"}],"about":[{"href":"https:\/\/economiapoliticacba.com\/index.php?rest_route=\/wp\/v2\/types\/post"}],"author":[{"embeddable":true,"href":"https:\/\/economiapoliticacba.com\/index.php?rest_route=\/wp\/v2\/users\/1"}],"replies":[{"embeddable":true,"href":"https:\/\/economiapoliticacba.com\/index.php?rest_route=%2Fwp%2Fv2%2Fcomments&post=44139"}],"version-history":[{"count":0,"href":"https:\/\/economiapoliticacba.com\/index.php?rest_route=\/wp\/v2\/posts\/44139\/revisions"}],"wp:featuredmedia":[{"embeddable":true,"href":"https:\/\/economiapoliticacba.com\/index.php?rest_route=\/wp\/v2\/media\/44140"}],"wp:attachment":[{"href":"https:\/\/economiapoliticacba.com\/index.php?rest_route=%2Fwp%2Fv2%2Fmedia&parent=44139"}],"wp:term":[{"taxonomy":"category","embeddable":true,"href":"https:\/\/economiapoliticacba.com\/index.php?rest_route=%2Fwp%2Fv2%2Fcategories&post=44139"},{"taxonomy":"post_tag","embeddable":true,"href":"https:\/\/economiapoliticacba.com\/index.php?rest_route=%2Fwp%2Fv2%2Ftags&post=44139"}],"curies":[{"name":"wp","href":"https:\/\/api.w.org\/{rel}","templated":true}]}}