{"id":44122,"date":"2025-10-27T00:29:00","date_gmt":"2025-10-27T00:29:00","guid":{"rendered":"https:\/\/economiapoliticacba.com\/?p=44122"},"modified":"2025-10-27T00:29:00","modified_gmt":"2025-10-27T00:29:00","slug":"milei-arrasa-la-libertad-avanza-da-el-golpe-en-buenos-aires-y-se-impone-en-16-provincias","status":"publish","type":"post","link":"https:\/\/economiapoliticacba.com\/?p=44122","title":{"rendered":"Milei arrasa: La Libertad Avanza da el golpe en Buenos Aires y se impone en 16 provincias"},"content":{"rendered":"<div><img src=\"http:\/\/economiapoliticacba.com\/wp-content\/uploads\/2025\/10\/milei-arrasa-la-libertad-avanza-da-el-golpe-en-buenos-aires-y-se-impone-en-16-provincias.jpg\" class=\"ff-og-image-inserted\"><\/div>\n<p><span class=\"date\">26 octubre de 2025<\/span> <\/p>\n<p>La Libertad Avanza (LLA) obtuvo una <strong>victoria contundente en las elecciones legislativas 2025<\/strong>, con el <strong>40,84% de los votos<\/strong> a nivel nacional y triunfo en <strong>16 provincias<\/strong>, incluida la <strong>provincia de Buenos Aires<\/strong>, donde el oficialismo logr\u00f3 revertir una derrota de m\u00e1s de 14 puntos sufrida hace apenas dos meses. Con el <strong>90% de las mesas escrutadas<\/strong>, el jefe de Gabinete <strong>Guillermo Francos<\/strong> confirm\u00f3 el resultado que le otorga a <strong>Javier Milei<\/strong> un respaldo pol\u00edtico clave para encarar la segunda etapa de su mandato con <strong>mayor fuerza en el Congreso<\/strong> y margen para <strong>reconfigurar el Gabinete<\/strong>. <\/p>\n<p>El oficialismo se impuso en <strong>Buenos Aires, CABA, C\u00f3rdoba, Santa Fe, Mendoza, Entre R\u00edos, Jujuy, Salta, Misiones, Corrientes, La Rioja, Chubut, R\u00edo Negro, Neuqu\u00e9n, San Luis y Tierra del Fuego<\/strong>. Pese a las turbulencias financieras y los esc\u00e1ndalos de las \u00faltimas semanas, el resultado representa una <strong>inyecci\u00f3n de ox\u00edgeno pol\u00edtico<\/strong> para el Gobierno. Milei hab\u00eda fijado como meta alcanzar un tercio de las bancas en Diputados para blindar su programa de reformas; todo indica que ese objetivo ser\u00e1 superado. <\/p>\n<h2><strong>Reacomodo interno y se\u00f1ales hacia los mercados<\/strong><\/h2>\n<p>En el b\u00fanker del <strong>Hotel Libertador<\/strong>, una primera imagen de la &#8220;victoria violeta&#8221; mostr\u00f3 a <strong>Karina Milei<\/strong> y <strong>Mart\u00edn Menem<\/strong> asumiendo roles protag\u00f3nicos tras el escrutinio. Trascendi\u00f3 que la <strong>salida de Francos de la Jefatura de Gabinete<\/strong> es inminente y que la hermana del Presidente tendr\u00e1 un papel central en la designaci\u00f3n de su reemplazo. En tanto, un <strong>Luis Caputo<\/strong> distendido se mostr\u00f3 entre abrazos y fotos, tras semanas decisivas en las <strong>negociaciones con Estados Unidos<\/strong> que evitaron una escalada del d\u00f3lar. <\/p>\n<h2><strong>Las claves de la remontada<\/strong><\/h2>\n<p>El estratega <strong>Santiago Caputo<\/strong> deline\u00f3 los ejes de la campa\u00f1a: recuperar la <strong>\u00e9pica de 2023<\/strong>, reforzar la <strong>presencia territorial<\/strong> de Milei en las provincias, reconectar con la <strong>juventud libertaria<\/strong> y moderar el discurso para empatizar con quienes soportaron el ajuste econ\u00f3mico. En la provincia de Buenos Aires, el <strong>reemplazo de Jos\u00e9 Luis Espert por Diego Santilli<\/strong>, decidido a \u00faltimo momento por Karina Milei y Caputo, fue considerado el <strong>punto de inflexi\u00f3n<\/strong>. Tambi\u00e9n se destac\u00f3 la labor de <strong>Pilar Ram\u00edrez<\/strong>, coordinadora pol\u00edtica nacional del oficialismo. <\/p>\n<h2><strong>El peronismo, en shock y con fracturas expuestas<\/strong><\/h2>\n<p>La <strong>derrota del peronismo<\/strong> sorprendi\u00f3 incluso a los sectores m\u00e1s cr\u00edticos del espacio. <strong>Cristina Fern\u00e1ndez de Kirchner<\/strong>, quien dise\u00f1\u00f3 gran parte de las listas \u2014especialmente en Buenos Aires\u2014, enfrentar\u00e1 ahora el desaf\u00edo de <strong>preservar la unidad interna<\/strong>, en medio de las diferencias entre <strong>Axel Kicillof<\/strong> e intendentes que no lograron replicar el resultado de septiembre. <\/p>\n<p>Por su parte, <strong>Provincias Unidas<\/strong>, el frente federal impulsado por gobernadores como <strong>Juan Schiaretti<\/strong>, <strong>Maximiliano Pullaro<\/strong> e <strong>Ignacio Torres<\/strong>, sufri\u00f3 un <strong>debut fallido<\/strong> en las urnas, sin consolidarse como alternativa nacional. Con este escenario, el mapa pol\u00edtico argentino vuelve a reconfigurarse con una <strong>hegemon\u00eda libertaria consolidada<\/strong> y una oposici\u00f3n que deber\u00e1 reinventarse tras el <strong>triunfo categ\u00f3rico de Javier Milei<\/strong>. <\/p>\n","protected":false},"excerpt":{"rendered":"<p>26 octubre de 2025 La Libertad Avanza (LLA) obtuvo una victoria contundente en las elecciones legislativas 2025, con el 40,84% de los votos a nivel nacional y triunfo en 16 provincias, incluida la provincia de Buenos Aires, donde el oficialismo logr\u00f3 revertir una derrota de m\u00e1s de 14 puntos sufrida hace apenas dos meses. Con [&hellip;]<\/p>\n","protected":false},"author":1,"featured_media":44123,"comment_status":"closed","ping_status":"closed","sticky":false,"template":"","format":"standard","meta":{"om_disable_all_campaigns":false,"_monsterinsights_skip_tracking":false,"_monsterinsights_sitenote_active":false,"_monsterinsights_sitenote_note":"","_monsterinsights_sitenote_category":0},"categories":[17,21],"tags":[],"aioseo_notices":[],"_links":{"self":[{"href":"https:\/\/economiapoliticacba.com\/index.php?rest_route=\/wp\/v2\/posts\/44122"}],"collection":[{"href":"https:\/\/economiapoliticacba.com\/index.php?rest_route=\/wp\/v2\/posts"}],"about":[{"href":"https:\/\/economiapoliticacba.com\/index.php?rest_route=\/wp\/v2\/types\/post"}],"author":[{"embeddable":true,"href":"https:\/\/economiapoliticacba.com\/index.php?rest_route=\/wp\/v2\/users\/1"}],"replies":[{"embeddable":true,"href":"https:\/\/economiapoliticacba.com\/index.php?rest_route=%2Fwp%2Fv2%2Fcomments&post=44122"}],"version-history":[{"count":0,"href":"https:\/\/economiapoliticacba.com\/index.php?rest_route=\/wp\/v2\/posts\/44122\/revisions"}],"wp:featuredmedia":[{"embeddable":true,"href":"https:\/\/economiapoliticacba.com\/index.php?rest_route=\/wp\/v2\/media\/44123"}],"wp:attachment":[{"href":"https:\/\/economiapoliticacba.com\/index.php?rest_route=%2Fwp%2Fv2%2Fmedia&parent=44122"}],"wp:term":[{"taxonomy":"category","embeddable":true,"href":"https:\/\/economiapoliticacba.com\/index.php?rest_route=%2Fwp%2Fv2%2Fcategories&post=44122"},{"taxonomy":"post_tag","embeddable":true,"href":"https:\/\/economiapoliticacba.com\/index.php?rest_route=%2Fwp%2Fv2%2Ftags&post=44122"}],"curies":[{"name":"wp","href":"https:\/\/api.w.org\/{rel}","templated":true}]}}