{"id":43915,"date":"2025-10-20T20:49:00","date_gmt":"2025-10-20T20:49:00","guid":{"rendered":"https:\/\/www.iprofesional.com\/legales\/439932-rebelion-de-fiscales-por-nuevo-sistema-acusatorio-en-comodoro-py-fracasara"},"modified":"2025-10-20T20:49:00","modified_gmt":"2025-10-20T20:49:00","slug":"rebelion-de-los-fiscales-por-sistema-acusatorio-en-comodoro-py-puede-fracasar-el-proyecto","status":"publish","type":"post","link":"https:\/\/economiapoliticacba.com\/?p=43915","title":{"rendered":"Rebeli\u00f3n de los fiscales por sistema acusatorio en Comodoro Py: puede fracasar el proyecto"},"content":{"rendered":"<p><img src=\"http:\/\/economiapoliticacba.com\/wp-content\/uploads\/2025\/10\/rebelion-de-los-fiscales-por-sistema-acusatorio-en-comodoro-py-puede-fracasar-el-proyecto.jpg\"><\/p>\n<div><img src=\"http:\/\/economiapoliticacba.com\/wp-content\/uploads\/2025\/10\/rebelion-de-los-fiscales-por-sistema-acusatorio-en-comodoro-py-puede-fracasar-el-proyecto.webp\" class=\"ff-og-image-inserted\"><\/div>\n<p><span>El Gobierno planea desde hace tiempo poner en marcha a partir del 10 de noviembre e<a href=\"https:\/\/www.iprofesional.com\/legales\/439630-escandalo-en-la-justicia-argentina-la-ia-alucino-y-dejo-en-evidencia-a-abogados\" target=\"_blank\" title=\"l sistema acusatorio \" rel=\"noopener noreferrer\">l sistema acusatorio <\/a>en los <strong>tribunales federales de Retiro,<\/strong> donde tramitan las principales causas de corrupci\u00f3n y criminalidad econ\u00f3mica del pa\u00eds, pero los fiscales pidieron una nueva postergaci\u00f3n por falta de personal, de infraestructura y de conectividad, entre otros aspectos clave.<\/span><\/p>\n<p><span>&#8220;Picante&#8221;. As\u00ed calificaron los asistentes a la reuni\u00f3n que tuvieron en las \u00faltimas horas el ministro de Justicia,<strong> <a href=\"https:\/\/www.iprofesional.com\/politica\/428595-cuneo-libarona-cierra-13-programas-ideologicos-y-ahorra-6-000-millones-anuales\" target=\"_blank\" title=\"Mariano C\u00faneo Libarona,\" rel=\"noopener noreferrer\">Mariano C\u00faneo Libarona,<\/a><\/strong> con el Procurador General de la Naci\u00f3n interino, Eduardo Casal, y 19 fiscales de los fueros Criminal y Correccional Federal de la Ciudad de Buenos Aires y Penal Econ\u00f3mico.<\/span><\/p>\n<p><span>Fue el primer encuentro cara a cara de los representantes del <strong>Ministerio P\u00fablico Fiscal (MPF) <\/strong>con el funcionario y all\u00ed aprovecharon para dejar en claro que est\u00e1n totalmente de acuerdo con que comience a regir el<a href=\"https:\/\/www.iprofesional.com\/legales\/439559-rechazo-de-jueces-a-ley-bases-cuestionan-limitacion-del-gobierno-a-multas-por-trabajo-no-registrado\" target=\"_blank\" title=\"fiscales\" rel=\"noopener noreferrer\"> sistema que los pone a la cabeza de las investigaciones,<\/a> pero bajo ning\u00fan concepto en las actuales condiciones.<\/span><\/p>\n<h2><span>&#8220;Molestia&#8221; por la falta de recursos<\/span><\/h2>\n<p><span>Seg\u00fan pudo reconstruir <strong><strong>iProfesional<\/strong><\/strong>, los fiscales hicieron hincapi\u00e9 en la idoneidad y la capacidad de los integrantes de ambos fueros para encarar expedientes complejos, pero expresaron su &#8220;molestia&#8221; por la falta de recursos. <\/span><span>En ese sentido, pusieron como ejemplo que cada fiscal\u00eda tiene alrededor de 15 empleados, mientras que los juzgados, que hasta ahora est\u00e1n a cargo de las causas, cuentan con unos 40.&nbsp;<\/span><\/p>\n<p><span>Por esa raz\u00f3n pidieron que la cartera de Justicia analice un traspaso de personal y c\u00f3mo se realizar\u00eda, ya que quienes trabajan en los juzgados pertenecen al <strong>Poder Judicial<\/strong> y los de las fiscal\u00edas al MPF, que es un ente aut\u00e1rquico.<\/span><\/p>\n<p><span>El<strong> MPF <\/strong>ya requiri\u00f3 al Ministerio de Justicia 133 cargos para el fuero Criminal y Correccional Federal, 80 para el fuero Penal Econ\u00f3mico y un n\u00famero adicional para personal t\u00e9cnico especializado.&nbsp; <\/span><span>Pero aunque esto se pudiera concretar, hay falta de espacio, por lo que lo ideal ser\u00eda que el MPF tuviera su propio edificio, se\u00f1alaron fuentes de la Procuraci\u00f3n.<\/span><\/p>\n<p><span>Otro tema que se abord\u00f3 ante la inminente implementaci\u00f3n del <strong>C\u00f3digo Procesal Penal Federal (CPPF) <\/strong>es la creaci\u00f3n de nuevos cargos ya que en Comodoro Py el 40% de las fiscal\u00edas est\u00e1n vacantes y en el fuero Penal Econ\u00f3mico, la cifra asciende al 60%. <\/span><span>De acuerdo con los asistentes al encuentro, C\u00faneo Libarona plante\u00f3 que hay que comenzar a trabajar con los recursos ya existentes y luego se ir\u00e1 ajustando todo porque actualmente no hay fondos para nuevos nombramientos. El clima cada vez se pon\u00eda m\u00e1s tenso.<\/span><\/p>\n<p><span>El ministro cit\u00f3 la experiencia en Salta y Jujuy, donde el sistema se puso en marcha en 2019, pero los fiscales le replicaron que en esos distritos las investigaciones no tienen la complejidad de las que tramitan en Buenos Aires. <\/span><span>Uno de los que tom\u00f3 la palabra varias veces fue el fiscal <strong>Diego Luciani<\/strong>, quien logr\u00f3 la condena de 6 a\u00f1os de prisi\u00f3n de la expresidenta Cristina Kirchner en la causa Vialidad. <\/span><span>Ese expediente y otros como Hotesur fueron puestos como ejemplo de las dificultades a la que se deber\u00e1n enfrentar los fiscales sin la estructura necesaria.<\/span><\/p>\n<h2><span>La autarqu\u00eda del MPF, una deuda pendiente<\/span><\/h2>\n<p><span><strong>C\u00faneo Libarona <\/strong>asegur\u00f3 que pondr\u00e1 a disposici\u00f3n de las fiscal\u00edas herramientas como el sistema UFED (Dispositivo Universal de Extracci\u00f3n Forense), que permite extraer, descifrar y analizar datos de tel\u00e9fonos, tablets y GPS, incluso si est\u00e1n bloqueados.<\/span><\/p>\n<p><span>Los fiscales celebraron esa iniciativa pero mencionaron que previamente hay que resolver la <strong>falta de conectividad en los edificios<\/strong> y de personal t\u00e9cnico para peritajes y an\u00e1lisis de informaci\u00f3n.&nbsp; <\/span><span>Tambi\u00e9n recalcaron la necesidad de que se haga efectiva la autarqu\u00eda financiera del MPF y que ser\u00eda necesario que tuvieran su propio edificio ya que el actual de Retiro est\u00e1 bastante deteriorado y es del Poder Judicial.<\/span><\/p>\n<p><span>Por todas estas razones,<strong> los fiscales<\/strong> advirtieron que no es suficiente el tiempo que resta hasta el 10 de noviembre para realizar las adecuaciones necesarias y plantearon que, bajo estas condiciones, es indispensable una nueva pr\u00f3rroga para la implementaci\u00f3n del sistema.<\/span><\/p>\n<p><span>Es que el <strong>nuevo C\u00f3digo<\/strong> deb\u00eda empezar a aplicarse en agosto pero por los mismos motivos expuestos ahora, los fiscales solicitaron que se extiendan los plazos, lo cual fue concedido.<\/span><\/p>\n<h2><span>Qu\u00e9 dice el Ministerio de Justicia<\/span><\/h2>\n<p><span><a href=\"https:\/\/www.iprofesional.com\/actualidad\/421532-mariano-cuneo-libarona-anticipo-cambios-en-materia-penal-se-acabo-la-joda-del-genero\" target=\"_blank\" title=\"C\u00faneo Libarona \" rel=\"noopener noreferrer\">C\u00faneo Libarona <\/a>se comprometi\u00f3 a extremar esfuerzos para remediar las falencias planteadas, pero desde el Ministerio de Justicia recordaron que en los \u00faltimos meses ya se hicieron distintos trabajos que incluyeron la refacci\u00f3n y el equipamiento de las salas de audiencia; la<strong> adquisici\u00f3n de software de \u00faltima generaci\u00f3n,<\/strong> de computadoras potenciadas y notebooks; y se organizaron m\u00faltiples actividades de capacitaci\u00f3n.<\/span><\/p>\n<p><span>All\u00ed<strong> <\/strong>j<strong>ueces, fiscales, defensores y funcionarios<\/strong> de todas las instancias se reunieron con expertos nacionales e internacionales, y con colegas que ya aplican la legislaci\u00f3n.<\/span><\/p>\n<p><span>Las claves del nuevo sistema son:<\/span><\/p>\n<ul>\n<li><span>las investigaciones quedan en manos de los fiscales<\/span><\/li>\n<li><span>los jueces solo controlan el proceso y resuelven en audiencias orales<\/span><\/li>\n<li><span>desaparece el expediente en papel<\/span><\/li>\n<li><span>&nbsp;Ya funciona en Salta, Jujuy, Rosario, Mendoza, San Juan, San Luis, General Roca, Comodoro Rivadavia, Mar de Plata y Bah\u00eda Blanca<\/span><\/li>\n<\/ul>\n<h2><span>Casi una veintena de fiscales plantearon los reclamos<\/span><\/h2>\n<p><span>En la reuni\u00f3n estuvieron presentes<strong> los fiscales de primera instancia<\/strong> del fuero criminal federal Mar\u00eda Alejandra M\u00e1ngano, Paloma Ochoa, Franco Picardi, Gerardo Pollicita, Carlos R\u00edvolo y Eduardo Taiano; cinco de juicio, entre ellos Luciani, y ocho del fuero Penal Econ\u00f3mico.<\/span><\/p>\n<p><span>Casal estuvo acompa\u00f1ado por los secretarios <strong>Juan Manuel Olima Espel, y Juan Manuel Casanovas, a<\/strong> cargo de la Unidad Especial Estrat\u00e9gica para la Implementaci\u00f3n del Sistema Procesal Penal Acusatorio (UNISA).<\/span><\/p>\n<p><span>Por su parte, <strong>C\u00faneo Libarona<\/strong> concurri\u00f3 con los asesores de su ministerio, Marcelo Ruiz y Pablo Gonz\u00e1lez, quienes se fueron con una larga lista de reclamos para resolver en s\u00f3lo 20 d\u00edas.&nbsp;<\/span><\/p>\n","protected":false},"excerpt":{"rendered":"<p>El Gobierno planea desde hace tiempo poner en marcha a partir del 10 de noviembre el sistema acusatorio en los tribunales federales de Retiro, donde tramitan las principales causas de corrupci\u00f3n y criminalidad econ\u00f3mica del pa\u00eds, pero los fiscales pidieron una nueva postergaci\u00f3n por falta de personal, de infraestructura y de conectividad, entre otros aspectos [&hellip;]<\/p>\n","protected":false},"author":1,"featured_media":43916,"comment_status":"closed","ping_status":"closed","sticky":false,"template":"","format":"standard","meta":{"om_disable_all_campaigns":false,"_monsterinsights_skip_tracking":false,"_monsterinsights_sitenote_active":false,"_monsterinsights_sitenote_note":"","_monsterinsights_sitenote_category":0},"categories":[20],"tags":[],"aioseo_notices":[],"_links":{"self":[{"href":"https:\/\/economiapoliticacba.com\/index.php?rest_route=\/wp\/v2\/posts\/43915"}],"collection":[{"href":"https:\/\/economiapoliticacba.com\/index.php?rest_route=\/wp\/v2\/posts"}],"about":[{"href":"https:\/\/economiapoliticacba.com\/index.php?rest_route=\/wp\/v2\/types\/post"}],"author":[{"embeddable":true,"href":"https:\/\/economiapoliticacba.com\/index.php?rest_route=\/wp\/v2\/users\/1"}],"replies":[{"embeddable":true,"href":"https:\/\/economiapoliticacba.com\/index.php?rest_route=%2Fwp%2Fv2%2Fcomments&post=43915"}],"version-history":[{"count":0,"href":"https:\/\/economiapoliticacba.com\/index.php?rest_route=\/wp\/v2\/posts\/43915\/revisions"}],"wp:featuredmedia":[{"embeddable":true,"href":"https:\/\/economiapoliticacba.com\/index.php?rest_route=\/wp\/v2\/media\/43916"}],"wp:attachment":[{"href":"https:\/\/economiapoliticacba.com\/index.php?rest_route=%2Fwp%2Fv2%2Fmedia&parent=43915"}],"wp:term":[{"taxonomy":"category","embeddable":true,"href":"https:\/\/economiapoliticacba.com\/index.php?rest_route=%2Fwp%2Fv2%2Fcategories&post=43915"},{"taxonomy":"post_tag","embeddable":true,"href":"https:\/\/economiapoliticacba.com\/index.php?rest_route=%2Fwp%2Fv2%2Ftags&post=43915"}],"curies":[{"name":"wp","href":"https:\/\/api.w.org\/{rel}","templated":true}]}}