{"id":43879,"date":"2025-10-18T13:41:00","date_gmt":"2025-10-18T13:41:00","guid":{"rendered":"https:\/\/www.iprofesional.com\/legales\/439375-jubilados-como-iniciar-juicio-reajuste-contra-anses-paso-a-paso"},"modified":"2025-10-18T13:41:00","modified_gmt":"2025-10-18T13:41:00","slug":"jubilados-como-iniciar-un-juicio-de-reajuste-contra-anses-paso-a-paso","status":"publish","type":"post","link":"https:\/\/economiapoliticacba.com\/?p=43879","title":{"rendered":"Jubilados: c\u00f3mo iniciar un juicio de reajuste contra ANSES paso a paso"},"content":{"rendered":"<p><img src=\"http:\/\/economiapoliticacba.com\/wp-content\/uploads\/2025\/10\/jubilados-como-iniciar-un-juicio-de-reajuste-contra-anses-paso-a-paso.jpg\"><\/p>\n<div id>\n<p> Seg\u00fan expertos, cerca del 80% de los jubilados puede iniciar un reclamo judicial contra ANSES por calcular mal los ajustes previsionales <\/p>\n<p><strong>18\/10\/2025<\/strong> &#8211; 10:41hs<\/p>\n<div class=\"image-container img-wide padding-b\"> <picture><source media=\"(max-width:360px)\" srcset=\"https:\/\/resizer.iproimg.com\/unsafe\/360x\/filters:format(webp):quality(85):max_bytes(102400)\/https:\/\/assets.iprofesional.com\/assets\/jpg\/2024\/10\/586358.jpg\" data-srcset=\"https:\/\/resizer.iproimg.com\/unsafe\/360x\/filters:format(webp):quality(85):max_bytes(102400)\/https:\/\/assets.iprofesional.com\/assets\/jpg\/2024\/10\/586358.jpg\" class><source media=\"(max-width:430px)\" srcset=\"https:\/\/resizer.iproimg.com\/unsafe\/360x\/filters:format(webp):quality(85):max_bytes(102400)\/https:\/\/assets.iprofesional.com\/assets\/jpg\/2024\/10\/586358.jpg\" data-srcset=\"https:\/\/resizer.iproimg.com\/unsafe\/360x\/filters:format(webp):quality(85):max_bytes(102400)\/https:\/\/assets.iprofesional.com\/assets\/jpg\/2024\/10\/586358.jpg\" class><source media=\"(max-width:956px)\" srcset=\"https:\/\/resizer.iproimg.com\/unsafe\/640x\/filters:format(webp):quality(85):max_bytes(102400)\/https:\/\/assets.iprofesional.com\/assets\/jpg\/2024\/10\/586358.jpg\" data-srcset=\"https:\/\/resizer.iproimg.com\/unsafe\/640x\/filters:format(webp):quality(85):max_bytes(102400)\/https:\/\/assets.iprofesional.com\/assets\/jpg\/2024\/10\/586358.jpg\" class><img loading=\"lazy\" src=\"http:\/\/economiapoliticacba.com\/wp-content\/uploads\/2025\/10\/jubilados-como-iniciar-un-juicio-de-reajuste-contra-anses-paso-a-paso.webp\" data-src=\"http:\/\/economiapoliticacba.com\/wp-content\/uploads\/2025\/10\/jubilados-como-iniciar-un-juicio-de-reajuste-contra-anses-paso-a-paso.webp\" class alt=\"jubilados\" width=\"1280px\" height=\"720px\" fetchpriority=\"high\"> <\/picture> <\/div><\/div>\n<div readability=\"111.55871029836\">\n<p>En el \u00faltimo tiempo, varios <strong>abogados previsionalistas<\/strong> han resaltado que la<strong> f\u00f3rmula utilizada por <a href=\"https:\/\/www.iprofesional.com\/actualidad\/439336-anses-elimina-la-asignacion-familiar-a-los-que-cobran-mas-de-24-millones\" target=\"_blank\" title=\"ANSES elimina la asignaci\u00f3n familiar a los que cobran m\u00e1s de 24 millones\" rel=\"noopener noreferrer\">ANSES<\/a><\/strong> para calcular las <strong>jubilaciones<\/strong> es defectuosa. En esta l\u00ednea, se cree que el 80% de los jubilados actuales puede <strong>iniciar acciones judiciales<\/strong> por reajuste de haberes.<\/p>\n<h2>ANSES: c\u00f3mo detectar un cobro incorrecto en la jubilaci\u00f3n y el paso a paso para reclamar<\/h2>\n<p>Algunas <strong>se\u00f1ales de cobro incorrecto <\/strong>son:<\/p>\n<ul>\n<li>Diferencias inexplicables en el monto mensual sin cambios en la situaci\u00f3n del beneficiario<\/li>\n<li>Suspensi\u00f3n repentina de pagos sin notificaci\u00f3n oficial<\/li>\n<li>Montos inferiores a lo calculado seg\u00fan los aportes hist\u00f3ricos<\/li>\n<li>Ausencia de aumentos por movilidad aplicados correctamente<\/li>\n<li>Errores de liquidaci\u00f3n por c\u00e1lculo incorrecto de aportes<\/li>\n<li>Fecha de pago incorrecta que genera diferencias acumuladas<\/li>\n<li>Aplicaci\u00f3n err\u00f3nea de la f\u00f3rmula de movilidad previsional<\/li>\n<li>Falta de reconocimiento de per\u00edodos laborales v\u00e1lidos<\/li>\n<\/ul>\n<p>En estos casos, se puede reclamar un <strong>reajuste ante ANSES<\/strong>. En el caso de hacerlo online, se debe <strong>ingresar con <a href=\"https:\/\/www.iprofesional.com\/index.php\/legales\/425199-anses-como-sacar-constancia-cuil\" target=\"_blank\" title=\"C\u00f3mo sacar la constancia de CUIL\" rel=\"noopener noreferrer\">CUIL<\/a> y la clave de la Seguridad Social<\/strong> en <strong>Atenci\u00f3n Virtual ANSES<\/strong>. Luego se debe elegir &#8220;<strong>Reclamar un beneficio suspendido o un mensual no cobrado<\/strong>&#8221; para iniciar el tr\u00e1mite de forma digital.<\/p>\n<p>Si se opta por el <strong>reclamo presencial<\/strong>, se debe tener en cuenta lo siguiente:<\/p>\n<ul>\n<li>Solicitar turno previo en oficina ANSES m\u00e1s cercana<\/li>\n<li>Completar el formulario PS 6.5 para reclamos de haberes impagos<\/li>\n<li>Presentar documentaci\u00f3n respaldatoria (recibos, liquidaciones)<\/li>\n<\/ul>\n<p>En cuanto a la <strong>documentaci\u00f3n<\/strong> necesaria para el reclamo se encuentra:<\/p>\n<ul>\n<li>DNI actualizado (frente y dorso)<\/li>\n<li>\u00daltimos recibos de haber<\/li>\n<li>Constancia de CUIL<\/li>\n<li>Formulario PS 6.5 (para haberes impagos menores a 2 meses)<\/li>\n<\/ul>\n<p>No obstante, seg\u00fan los expertos, este derecho no alcanza a todos los <strong>jubilados y pensionados de ANSES<\/strong>. Es decir, no se aplica a las <strong>amas de casa que se jubilaron con un a\u00f1o de aportes,<\/strong> ni a trabajadores aut\u00f3nomos y monotributistas puros con solamente 30 a\u00f1os de aportes al <a href=\"https:\/\/www.iprofesional.com\/actualidad\/439336-anses-elimina-la-asignacion-familiar-a-los-que-cobran-mas-de-24-millones.amp\" target=\"_blank\" title=\"ANSES elimina la asignaci\u00f3n familiar a los que cobran m\u00e1s de 2,4 millones de pesos\" rel=\"noopener noreferrer\"><strong>Sistema Integrado Previsional Argentino (SIPA)<\/strong><\/a>.<\/p>\n<p>El resto de <a href=\"https:\/\/www.iprofesional.com\/management\/438972-docentes-jubilados-del-ips-cuando-conviene-iniciar-un-juicio-por-reajuste-de-haberes\" target=\"_blank\" title=\"Docentes jubilados del IPS, cu\u00e1ndo conviene iniciar un juicio por reajuste de haberes\" rel=\"noopener noreferrer\"><strong>jubilados<\/strong><\/a> podr\u00eda llegar demandar un aumento, incluyendo el pago retroactivo por el per\u00edodo no cobrado. Seg\u00fan trascendi\u00f3, la mejora reclamada puede ir desde un 40% hasta un 300% del haber mensual. Esta cifra tan amplia se debe a que depende de cada caso en particular y del c\u00e1lculo que se realice respecto de la <strong>diferencia generada por la f\u00f3rmula actual<\/strong>. Cabe se\u00f1alar que es muy com\u00fan que, ante un reclamo, el organismo argumente que no corresponde.<\/p>\n<p>Ante esa negativa, el jubilado puede<strong> iniciar una acci\u00f3n judicial mediante un abogado previsionalista<\/strong>, quien se encargar\u00e1 de llevar a cabo el caso a la justicia. Una vez que se dicta la sentencia, <strong>ANSES<\/strong> cuenta con 120 d\u00edas para comenzar a <strong>pagar el aumento del haber y el retroactivo adeudado<\/strong>. De no cumplir con ese plazo, el abogado tiene que ejecutar la sentencia para garantizar el <strong>cumplimiento del pago<\/strong>.<\/p>\n<h2>El monto que cobran los jubilados en octubre 2025<\/h2>\n<p>En el mes de octubre, la <strong>jubilaci\u00f3n m\u00ednima<\/strong> llegar\u00e1 a $396.304,88, de los cuales $326.304,88 corresponde m\u00e1s el bono de $70.000, mientras que la <strong>jubilaci\u00f3n m\u00e1xima<\/strong> quedar\u00e1 en $2.195.498,72. Por otra parte, los beneficiarios de la <strong>Pensi\u00f3n Universal del Adulto Mayor (PUAM) <\/strong>cobrar\u00e1n $261.016,96 m\u00e1s el bono de $70.000, lo que suma un total de $331.016,96.<\/p>\n<p>A su vez, aquellos que perciben <strong>Pensiones No Contributivas (PNC) por invalidez o vejez <\/strong>recibir\u00e1n $228.386,45 m\u00e1s el bono, lo que da un total de $298.386,45. Por otra parte, la <strong>Asignaci\u00f3n Universal por Hijo<\/strong> alcanzar\u00e1 los $117.208, mientras que la <strong>Asignaci\u00f3n Universal por Hijo con Discapacidad<\/strong> se ubicar\u00e1 en $381.792.<\/p>\n<p>En cuanto a la <strong>Asignaci\u00f3n Familiar por Hijo<\/strong> se ubicar\u00e1 en $58.639 y la <strong>Asignaci\u00f3n Familiar por Hijo con Discapacidad<\/strong> en $190.894. Con respecto a las <strong>asignaciones familiares de pago \u00fanico (SUAF)<\/strong>, por nacimiento se abonar\u00e1n $67.079, mientras que por matrimonio la suma ser\u00e1 de $100.441. En el caso de adopci\u00f3n, el pago \u00fanico alcanzar\u00e1 los $401.075.<\/p>\n<p>Finalmente, los beneficiarios del <strong>Programa Volver al Trabajo y Programa Acompa\u00f1amiento Social <\/strong>reciben una asignaci\u00f3n econ\u00f3mica de $78.000.<\/p>\n<\/p><\/div>\n","protected":false},"excerpt":{"rendered":"<p>Seg\u00fan expertos, cerca del 80% de los jubilados puede iniciar un reclamo judicial contra ANSES por calcular mal los ajustes previsionales 18\/10\/2025 &#8211; 10:41hs En el \u00faltimo tiempo, varios abogados previsionalistas han resaltado que la f\u00f3rmula utilizada por ANSES para calcular las jubilaciones es defectuosa. En esta l\u00ednea, se cree que el 80% de los [&hellip;]<\/p>\n","protected":false},"author":1,"featured_media":43880,"comment_status":"closed","ping_status":"closed","sticky":false,"template":"","format":"standard","meta":{"om_disable_all_campaigns":false,"_monsterinsights_skip_tracking":false,"_monsterinsights_sitenote_active":false,"_monsterinsights_sitenote_note":"","_monsterinsights_sitenote_category":0},"categories":[20],"tags":[],"aioseo_notices":[],"_links":{"self":[{"href":"https:\/\/economiapoliticacba.com\/index.php?rest_route=\/wp\/v2\/posts\/43879"}],"collection":[{"href":"https:\/\/economiapoliticacba.com\/index.php?rest_route=\/wp\/v2\/posts"}],"about":[{"href":"https:\/\/economiapoliticacba.com\/index.php?rest_route=\/wp\/v2\/types\/post"}],"author":[{"embeddable":true,"href":"https:\/\/economiapoliticacba.com\/index.php?rest_route=\/wp\/v2\/users\/1"}],"replies":[{"embeddable":true,"href":"https:\/\/economiapoliticacba.com\/index.php?rest_route=%2Fwp%2Fv2%2Fcomments&post=43879"}],"version-history":[{"count":0,"href":"https:\/\/economiapoliticacba.com\/index.php?rest_route=\/wp\/v2\/posts\/43879\/revisions"}],"wp:featuredmedia":[{"embeddable":true,"href":"https:\/\/economiapoliticacba.com\/index.php?rest_route=\/wp\/v2\/media\/43880"}],"wp:attachment":[{"href":"https:\/\/economiapoliticacba.com\/index.php?rest_route=%2Fwp%2Fv2%2Fmedia&parent=43879"}],"wp:term":[{"taxonomy":"category","embeddable":true,"href":"https:\/\/economiapoliticacba.com\/index.php?rest_route=%2Fwp%2Fv2%2Fcategories&post=43879"},{"taxonomy":"post_tag","embeddable":true,"href":"https:\/\/economiapoliticacba.com\/index.php?rest_route=%2Fwp%2Fv2%2Ftags&post=43879"}],"curies":[{"name":"wp","href":"https:\/\/api.w.org\/{rel}","templated":true}]}}