{"id":43799,"date":"2025-10-18T17:20:12","date_gmt":"2025-10-18T17:20:12","guid":{"rendered":"https:\/\/cordoba.gob.ar\/?p=82390"},"modified":"2025-10-18T17:20:12","modified_gmt":"2025-10-18T17:20:12","slug":"domingo-en-la-feria-del-libro-gran-cierre-con-chacho-marzetti-lola-dolores-y-claudia-huergo-en-una-presentacion-poetica-musical","status":"publish","type":"post","link":"https:\/\/economiapoliticacba.com\/?p=43799","title":{"rendered":"Domingo en la Feria del Libro: gran cierre con Chacho Marzetti, Lola Dolores y Claudia Huergo, en una presentaci\u00f3n po\u00e9tica-musical"},"content":{"rendered":"<div><img src=\"http:\/\/economiapoliticacba.com\/wp-content\/uploads\/2025\/10\/domingo-en-la-feria-del-libro-gran-cierre-con-chacho-marzetti-lola-dolores-y-claudia-huergo-en-una-presentacion-poetica-musical.jpg\" class=\"ff-og-image-inserted\"><\/div>\n<ul>\n<li data-prosemirror-content-type=\"node\" data-prosemirror-node-name=\"paragraph\" data-prosemirror-node-block=\"true\"><strong>Ser\u00e1 a las 20:00 en el escenario Miguel Iriarte de la Supermanzana de la Intendencia.<\/strong><\/li>\n<li data-prosemirror-content-type=\"node\" data-prosemirror-node-name=\"paragraph\" data-prosemirror-node-block=\"true\"><strong>El destacado de la tarde ser\u00e1 el humorista gr\u00e1fico Tute.<\/strong><\/li>\n<\/ul>\n<hr>\n<p data-prosemirror-content-type=\"node\" data-prosemirror-node-name=\"paragraph\" data-prosemirror-node-block=\"true\">La 39\u00b0 edici\u00f3n de la Feria del Libro C\u00f3rdoba llega a su fin: este domingo ser\u00e1 el \u00faltimo d\u00eda para disfrutar de todas las propuestas que ofrece el evento cultural m\u00e1s grande del interior del pa\u00eds, del que miles de cordobeses y turistas ya disfrutaron.<\/p>\n<p data-prosemirror-content-type=\"node\" data-prosemirror-node-name=\"paragraph\" data-prosemirror-node-block=\"true\">Desde las 15:00 estar\u00e1n abiertas las carpas con los stands donde las diferentes editoriales ofrecen su cat\u00e1logo en la Supermanzana de la Intendencia. Hasta las 21:00 se podr\u00e1n visitar para disfrutar la tarde de este fin de semana.<\/p>\n<p data-prosemirror-content-type=\"node\" data-prosemirror-node-name=\"paragraph\" data-prosemirror-node-block=\"true\">Entre los destacados del d\u00eda, se puede mencionar la presencia del humorista gr\u00e1fico Tute, quien presentar\u00e1 su \u00faltima novela gr\u00e1fica \u201cEnsayo para mi muerte\u201d. Ser\u00e1 a las 18:30 en la carpa Leonor Allende, minutos antes del cierre oficial de la FLC.<\/p>\n<p data-prosemirror-content-type=\"node\" data-prosemirror-node-name=\"paragraph\" data-prosemirror-node-block=\"true\">El gran cierre oficial est\u00e1 estipulado para las 20:00 y tendr\u00e1 lugar en el escenario Miguel Iriarte. Estar\u00e1 encabezado por la compa\u00f1\u00eda art\u00edstica Les Amorosos, quienes presentar\u00e1n un show po\u00e9tico musical en el que se recorrer\u00e1n lecturas variadas y canciones populares.<\/p>\n<p data-prosemirror-content-type=\"node\" data-prosemirror-node-name=\"paragraph\" data-prosemirror-node-block=\"true\">Chacho Marzetti, Lola Dolores y Claudia Huergo ser\u00e1n los lectores en escena, mientras que I\u00f1aki Ruibal, Mauricio Candussi, Negra Marta Rodr\u00edguez y Gabi Merlo pondr\u00e1n la m\u00fasica, en una puesta que invita a los espectadores a formar parte de una atm\u00f3sfera \u00fanica.<\/p>\n<p data-prosemirror-content-type=\"node\" data-prosemirror-node-name=\"paragraph\" data-prosemirror-node-block=\"true\">Esta propuesta llama a celebrar la palabra y la escucha, en consonancia con el lema de la Feria de este a\u00f1o: \u201cHumanismo y libertad. Una ciudad y mil po\u00e9ticas\u201d, que nos invita a pensar la palabra como un acto colectivo, herramienta de transformaci\u00f3n social y gesto profundo de humanizaci\u00f3n.<\/p>\n<p data-prosemirror-content-type=\"node\" data-prosemirror-node-name=\"paragraph\" data-prosemirror-node-block=\"true\">Todas estas propuestas ser\u00e1n de participaci\u00f3n gratuita. Todos los vecinos y vecinas est\u00e1n invitados a participar de este gran evento que le pondr\u00e1 el punto final a otra exitosa edici\u00f3n del gran evento literario de nuestra ciudad.<\/p>\n","protected":false},"excerpt":{"rendered":"<p>Ser\u00e1 a las 20:00 en el escenario Miguel Iriarte de la Supermanzana de la Intendencia. El destacado de la tarde ser\u00e1 el humorista gr\u00e1fico Tute. La 39\u00b0 edici\u00f3n de la Feria del Libro C\u00f3rdoba llega a su fin: este domingo ser\u00e1 el \u00faltimo d\u00eda para disfrutar de todas las propuestas que ofrece el evento cultural [&hellip;]<\/p>\n","protected":false},"author":1,"featured_media":43800,"comment_status":"closed","ping_status":"closed","sticky":false,"template":"","format":"standard","meta":{"om_disable_all_campaigns":false,"_monsterinsights_skip_tracking":false,"_monsterinsights_sitenote_active":false,"_monsterinsights_sitenote_note":"","_monsterinsights_sitenote_category":0},"categories":[15],"tags":[],"aioseo_notices":[],"_links":{"self":[{"href":"https:\/\/economiapoliticacba.com\/index.php?rest_route=\/wp\/v2\/posts\/43799"}],"collection":[{"href":"https:\/\/economiapoliticacba.com\/index.php?rest_route=\/wp\/v2\/posts"}],"about":[{"href":"https:\/\/economiapoliticacba.com\/index.php?rest_route=\/wp\/v2\/types\/post"}],"author":[{"embeddable":true,"href":"https:\/\/economiapoliticacba.com\/index.php?rest_route=\/wp\/v2\/users\/1"}],"replies":[{"embeddable":true,"href":"https:\/\/economiapoliticacba.com\/index.php?rest_route=%2Fwp%2Fv2%2Fcomments&post=43799"}],"version-history":[{"count":0,"href":"https:\/\/economiapoliticacba.com\/index.php?rest_route=\/wp\/v2\/posts\/43799\/revisions"}],"wp:featuredmedia":[{"embeddable":true,"href":"https:\/\/economiapoliticacba.com\/index.php?rest_route=\/wp\/v2\/media\/43800"}],"wp:attachment":[{"href":"https:\/\/economiapoliticacba.com\/index.php?rest_route=%2Fwp%2Fv2%2Fmedia&parent=43799"}],"wp:term":[{"taxonomy":"category","embeddable":true,"href":"https:\/\/economiapoliticacba.com\/index.php?rest_route=%2Fwp%2Fv2%2Fcategories&post=43799"},{"taxonomy":"post_tag","embeddable":true,"href":"https:\/\/economiapoliticacba.com\/index.php?rest_route=%2Fwp%2Fv2%2Ftags&post=43799"}],"curies":[{"name":"wp","href":"https:\/\/api.w.org\/{rel}","templated":true}]}}