{"id":43760,"date":"2025-10-17T13:27:14","date_gmt":"2025-10-17T13:27:14","guid":{"rendered":"https:\/\/cordoba.gob.ar\/?p=82377"},"modified":"2025-10-17T13:27:14","modified_gmt":"2025-10-17T13:27:14","slug":"primera-edicion-de-la-noche-de-las-compras-en-la-calle-ituzaingo-musica-descuentos-y-gastronomia-en-el-corazon-de-cordoba","status":"publish","type":"post","link":"https:\/\/economiapoliticacba.com\/?p=43760","title":{"rendered":"Primera edici\u00f3n de \u00abLa Noche de las Compras\u00bb en la calle Ituzaing\u00f3: m\u00fasica, descuentos y gastronom\u00eda en el coraz\u00f3n de C\u00f3rdoba"},"content":{"rendered":"<div><img src=\"http:\/\/economiapoliticacba.com\/wp-content\/uploads\/2025\/10\/primera-edicion-de-la-noche-de-las-compras-en-la-calle-ituzaingo-musica-descuentos-y-gastronomia-en-el-corazon-de-cordoba.jpg\" class=\"ff-og-image-inserted\"><\/div>\n<p data-prosemirror-content-type=\"node\" data-prosemirror-node-name=\"paragraph\" data-prosemirror-node-block=\"true\">Este viernes 17 de octubre, de 19:00 a 23:00 horas, la calle Ituzaing\u00f3 entre Pasaje Ant\u00fan y Bv. Illia, ser\u00e1 escenario de \u201cLa Noche de las Compras en la Ituzaing\u00f3\u201d, una propuesta que invita a disfrutar del paseo comercial con m\u00fasica, gastronom\u00eda y promociones especiales.<\/p>\n<p data-prosemirror-content-type=\"node\" data-prosemirror-node-name=\"paragraph\" data-prosemirror-node-block=\"true\">La iniciativa, impulsada por los comerciantes de la zona con el acompa\u00f1amiento de la Municipalidad de C\u00f3rdoba, y la autorizaci\u00f3n del Ente Municipal de Fiscalizaci\u00f3n y Control, busca fomentar el movimiento econ\u00f3mico local, adem\u00e1s de ofrecer a vecinos y turistas una experiencia urbana diferente, combinando compras nocturnas, food trucks, premios y ambientaci\u00f3n musical en vivo.<\/p>\n<p data-prosemirror-content-type=\"node\" data-prosemirror-node-name=\"paragraph\" data-prosemirror-node-block=\"true\">Los locales Warna, Dakota, Room, NyV, 383, entre otros, ofrecer\u00e1n descuentos y beneficios especiales, mientras que un DJ en vivo acompa\u00f1ar\u00e1 la velada. Adem\u00e1s, habr\u00e1 sorteos y degustaciones, con la participaci\u00f3n del food truck \u201cPanda\u201d.<\/p>\n<p data-prosemirror-content-type=\"node\" data-prosemirror-node-name=\"paragraph\" data-prosemirror-node-block=\"true\">Para garantizar el desarrollo seguro del evento, se dispondr\u00e1 el corte de calle Ituzaing\u00f3 entre Pasaje Ant\u00fan y Bv. Illia, junto con vallas, se\u00f1alizaci\u00f3n y personal municipal de tr\u00e1nsito y fiscalizaci\u00f3n, que ordenar\u00e1n los flujos vehiculares y peatonales.<\/p>\n<p data-prosemirror-content-type=\"node\" data-prosemirror-node-name=\"paragraph\" data-prosemirror-node-block=\"true\">Asimismo, los organizadores contrataron una p\u00f3liza de seguro de responsabilidad civil, cumpliendo con las disposiciones municipales vigentes.<\/p>\n","protected":false},"excerpt":{"rendered":"<p>Este viernes 17 de octubre, de 19:00 a 23:00 horas, la calle Ituzaing\u00f3 entre Pasaje Ant\u00fan y Bv. Illia, ser\u00e1 escenario de \u201cLa Noche de las Compras en la Ituzaing\u00f3\u201d, una propuesta que invita a disfrutar del paseo comercial con m\u00fasica, gastronom\u00eda y promociones especiales. La iniciativa, impulsada por los comerciantes de la zona con [&hellip;]<\/p>\n","protected":false},"author":1,"featured_media":43761,"comment_status":"closed","ping_status":"closed","sticky":false,"template":"","format":"standard","meta":{"om_disable_all_campaigns":false,"_monsterinsights_skip_tracking":false,"_monsterinsights_sitenote_active":false,"_monsterinsights_sitenote_note":"","_monsterinsights_sitenote_category":0},"categories":[15],"tags":[],"aioseo_notices":[],"_links":{"self":[{"href":"https:\/\/economiapoliticacba.com\/index.php?rest_route=\/wp\/v2\/posts\/43760"}],"collection":[{"href":"https:\/\/economiapoliticacba.com\/index.php?rest_route=\/wp\/v2\/posts"}],"about":[{"href":"https:\/\/economiapoliticacba.com\/index.php?rest_route=\/wp\/v2\/types\/post"}],"author":[{"embeddable":true,"href":"https:\/\/economiapoliticacba.com\/index.php?rest_route=\/wp\/v2\/users\/1"}],"replies":[{"embeddable":true,"href":"https:\/\/economiapoliticacba.com\/index.php?rest_route=%2Fwp%2Fv2%2Fcomments&post=43760"}],"version-history":[{"count":0,"href":"https:\/\/economiapoliticacba.com\/index.php?rest_route=\/wp\/v2\/posts\/43760\/revisions"}],"wp:featuredmedia":[{"embeddable":true,"href":"https:\/\/economiapoliticacba.com\/index.php?rest_route=\/wp\/v2\/media\/43761"}],"wp:attachment":[{"href":"https:\/\/economiapoliticacba.com\/index.php?rest_route=%2Fwp%2Fv2%2Fmedia&parent=43760"}],"wp:term":[{"taxonomy":"category","embeddable":true,"href":"https:\/\/economiapoliticacba.com\/index.php?rest_route=%2Fwp%2Fv2%2Fcategories&post=43760"},{"taxonomy":"post_tag","embeddable":true,"href":"https:\/\/economiapoliticacba.com\/index.php?rest_route=%2Fwp%2Fv2%2Ftags&post=43760"}],"curies":[{"name":"wp","href":"https:\/\/api.w.org\/{rel}","templated":true}]}}