{"id":43754,"date":"2025-10-16T22:36:00","date_gmt":"2025-10-16T22:36:00","guid":{"rendered":"https:\/\/www.iprofesional.com\/legales\/439751-valentina-olguin-fue-procesada-por-contrabando"},"modified":"2025-10-16T22:36:00","modified_gmt":"2025-10-16T22:36:00","slug":"valentina-olguin-fue-procesada-por-contrabando","status":"publish","type":"post","link":"https:\/\/economiapoliticacba.com\/?p=43754","title":{"rendered":"Valentina Olgu\u00edn fue procesada por &#8220;contrabando&#8221;"},"content":{"rendered":"<p><img src=\"http:\/\/economiapoliticacba.com\/wp-content\/uploads\/2025\/10\/valentina-olguin-fue-procesada-por-contrabando.jpg\"><\/p>\n<div><img src=\"http:\/\/economiapoliticacba.com\/wp-content\/uploads\/2025\/10\/valentina-olguin-fue-procesada-por-contrabando.webp\" class=\"ff-og-image-inserted\"><\/div>\n<p><strong>Valentina Olgu\u00edn<\/strong>, cantante e influencer santiague\u00f1a, fue <strong>procesada por &#8220;<a href=\"https:\/\/www.iprofesional.com\/actualidad\/439624-se-complica-la-situacion-de-la-cantante-que-uso-cuit-de-gobernadores-para-importar-ropa\" target=\"_blank\" title=\"Se complica la situaci\u00f3n de la cantante que us\u00f3 el CUIT de gobernadores para importar ropa\" rel=\"noopener noreferrer\">contrabando<\/a> simulado en concurso real&#8221;<\/strong> por la <strong>Justicia Federal de Tucum\u00e1n<\/strong>, que decidi\u00f3 <strong>agravar las acusaciones en su contra y prohibirle la salida del pa\u00eds<\/strong>.&nbsp;<\/p>\n<h2>La denuncia contra Valentina Olgu\u00edn<\/h2>\n<p>La joven de 26 a\u00f1os tendr\u00e1 que declarar el 4 de noviembre a las 10 horas en los&nbsp;<strong>tribunales federales de Tucum\u00e1n<\/strong> luego de que la Justicia determinara que utiliz\u00f3 la <strong>Clave \u00danica de Identificaci\u00f3n Tributaria (CUIT)<\/strong> de cinco gobernadores de distintas provincias para ingresar ropa desde el exterior. Tras la investigaci\u00f3n, descubrieron que hizo uso de dichos datos fiscales para <strong>16 operaciones mediante el sistema courier<\/strong>, que limita las compras a cinco por persona, que es l\u00edmite permitido por la <a href=\"https:\/\/www.iprofesional.com\/impuestos\/439581-arca-facilito-y-amplio-el-seguimiento-online-de-tramites-como-es-el-nuevo-servicio\" target=\"_blank\" title=\"ARCA facilita y ampl\u00eda el seguimiento online de tr\u00e1mites\" rel=\"noopener noreferrer\"><strong>Agencia de Recaudaci\u00f3n y Control Aduanero (ARCA)<\/strong><\/a>.<\/p>\n<p>Este caso inici\u00f3 hace un a\u00f1o, cuando el gobernador de Tucum\u00e1n,<strong> Osvaldo Jaldo<\/strong>, la denunci\u00f3 y se sumaron otros cuatro mandatarios como <strong>Axel Kicillof <\/strong>(Buenos Aires), <strong>Rogelio Frigerio<\/strong> (Entre R\u00edos), <strong>Marcelo Orrego<\/strong> (San Juan) y <strong>Sergio Ziliotto<\/strong> (La Pampa).<\/p>\n<p>La imputaci\u00f3n y el t\u00edtulo de la causa se ampli\u00f3 recientemente a &#8220;<strong>contrabando simulado en concurso real<\/strong>&#8221; por el <strong>fiscal federal Agust\u00edn Chit<\/strong>, teniendo en cuenta que cometi\u00f3 dos o m\u00e1s delitos de manera independiente. A esto se le sum\u00f3 la <strong>prohibici\u00f3n de salida del pa\u00eds hasta que brinde testimonio<\/strong>.<\/p>\n<p>Anteriormente, <strong>Valentina Olgu\u00edn<\/strong> hab\u00eda sido procesada en mayo del 2025 por el juez federal <strong>Jos\u00e9 Manuel D\u00edaz V\u00e9lez<\/strong>, imponiendo un embargo de 5 millones de pesos. Por parte del funcionario sanjuanino, decidi\u00f3 que el resarcimiento de 500 mil pesos sea donado al <strong>Hospital de Ni\u00f1os de la provincia<\/strong>.<\/p>\n<h2>Caso Valentina Olgu\u00edn: el uso de datos &#8220;al azar&#8221; para evadir a la Aduana<\/h2>\n<p>Durante su indagatoria, la influencer de 26 a\u00f1os <strong>reconoci\u00f3 haber utilizado datos de terceros seleccionados &#8220;al azar&#8221; <\/strong>que estaban disponibles en internet, justificando su accionar como una &#8220;<strong>decisi\u00f3n inmadura e irresponsable<\/strong>&#8221; para <strong>evitar las restricciones del r\u00e9gimen aduanero<\/strong>.<\/p>\n<p>Sin embargo, para la Justicia, los <strong>elementos recopilados sugieren una maniobra m\u00e1s planificada<\/strong>. La acusaci\u00f3n inicial de &#8220;<strong>contrabando por simulaci\u00f3n<\/strong>&#8221; se basaba en la interpretaci\u00f3n de que <strong>Olgu\u00edn actu\u00f3 con conocimiento y voluntad de burlar las restricciones<\/strong>. La reciente recalificaci\u00f3n a &#8220;contrabando simulado en concurso real&#8221; implica que el fiscal Chit encontr\u00f3 elementos que prueban la <strong>existencia de una multiplicidad de delitos relacionados<\/strong>, lo que autom\u00e1ticamente eleva el posible marco penal.<\/p>\n<p>Las pruebas recolectadas, que incluyen el allanamiento a su domicilio en el <strong>barrio porte\u00f1o de N\u00fa\u00f1ez<\/strong>, revelaron la existencia de sobres con <strong>anotaciones manuscritas que conten\u00edan combinaciones de nombres, <a href=\"https:\/\/www.iprofesional.com\/impuestos\/439049-arca-bloquea-constancia-de-cuit-y-domicilio-electronico-como-resolverlo-rapido\" target=\"_blank\" title=\"ARCA bloquea constancia de CUIT y domicilio electr\u00f3nico\" rel=\"noopener noreferrer\">CUIT<\/a> y direcciones fiscales<\/strong>, lo que refuerza la hip\u00f3tesis de una operatoria organizada. Se pudo determinar que la indumentaria importada, de marcas internacionales y alto valor comercial, era ofrecida luego en una tienda online no registrada que se vincula a la artista.<\/p>\n<h2>Las consecuencias judiciales y el intento de probation<\/h2>\n<p>La cantante, que fue procesada sin prisi\u00f3n preventiva en mayo de 2025,<span>&nbsp;<\/span><strong>enfrenta un embargo de $5.000.000 y su defensa hab\u00eda solicitado la figura de la probation (libertad condicional), que inclu\u00eda realizar actividades solidarias y un show gratuito en <a href=\"https:\/\/www.iprofesional.com\/turismo\/421653-el-paradisiaco-lugar-en-tucuman-que-se-ubica-entre-saltos-de-agua-y-selva-para-conocer\" target=\"_blank\" title=\"El paradis\u00edaco lugar en Tucum\u00e1n que se ubica entre saltos de agua y selva que no te pod\u00e9s perder\" rel=\"noopener noreferrer\">Tucum\u00e1n<\/a> como parte de la reparaci\u00f3n<\/strong>. No obstante, el reciente endurecimiento de la imputaci\u00f3n por parte del fiscal<strong><span>&nbsp;<\/span>complica cualquier posibilidad de acuerdo o de una pena menor.<\/strong><\/p>\n<p><span>La controversia judicial podr\u00eda ponerle un freno a la <strong>ascendente carrera art\u00edstica de Olgu\u00edn<\/strong>, quien salt\u00f3 a la fama en el grupo Dame 5, apadrinado por Fernando &#8220;Fer&#8221; V\u00e1zquez de Rombai, y luego se lanz\u00f3 como solista, manteniendo un alto perfil en plataformas digitales y escenarios. La imputaci\u00f3n por el uso de <strong>CUIT<\/strong> de <strong>figuras p\u00fablicas de alto nivel<\/strong> mantiene la causa en el foco de atenci\u00f3n, con el proceso judicial continuando en el Juzgado Federal de Tucum\u00e1n, a la espera de la pr\u00f3xima audiencia clave en noviembre.<\/span><\/p>\n","protected":false},"excerpt":{"rendered":"<p>Valentina Olgu\u00edn, cantante e influencer santiague\u00f1a, fue procesada por &#8220;contrabando simulado en concurso real&#8221; por la Justicia Federal de Tucum\u00e1n, que decidi\u00f3 agravar las acusaciones en su contra y prohibirle la salida del pa\u00eds.&nbsp; La denuncia contra Valentina Olgu\u00edn La joven de 26 a\u00f1os tendr\u00e1 que declarar el 4 de noviembre a las 10 horas [&hellip;]<\/p>\n","protected":false},"author":1,"featured_media":43755,"comment_status":"closed","ping_status":"closed","sticky":false,"template":"","format":"standard","meta":{"om_disable_all_campaigns":false,"_monsterinsights_skip_tracking":false,"_monsterinsights_sitenote_active":false,"_monsterinsights_sitenote_note":"","_monsterinsights_sitenote_category":0},"categories":[20],"tags":[],"aioseo_notices":[],"_links":{"self":[{"href":"https:\/\/economiapoliticacba.com\/index.php?rest_route=\/wp\/v2\/posts\/43754"}],"collection":[{"href":"https:\/\/economiapoliticacba.com\/index.php?rest_route=\/wp\/v2\/posts"}],"about":[{"href":"https:\/\/economiapoliticacba.com\/index.php?rest_route=\/wp\/v2\/types\/post"}],"author":[{"embeddable":true,"href":"https:\/\/economiapoliticacba.com\/index.php?rest_route=\/wp\/v2\/users\/1"}],"replies":[{"embeddable":true,"href":"https:\/\/economiapoliticacba.com\/index.php?rest_route=%2Fwp%2Fv2%2Fcomments&post=43754"}],"version-history":[{"count":0,"href":"https:\/\/economiapoliticacba.com\/index.php?rest_route=\/wp\/v2\/posts\/43754\/revisions"}],"wp:featuredmedia":[{"embeddable":true,"href":"https:\/\/economiapoliticacba.com\/index.php?rest_route=\/wp\/v2\/media\/43755"}],"wp:attachment":[{"href":"https:\/\/economiapoliticacba.com\/index.php?rest_route=%2Fwp%2Fv2%2Fmedia&parent=43754"}],"wp:term":[{"taxonomy":"category","embeddable":true,"href":"https:\/\/economiapoliticacba.com\/index.php?rest_route=%2Fwp%2Fv2%2Fcategories&post=43754"},{"taxonomy":"post_tag","embeddable":true,"href":"https:\/\/economiapoliticacba.com\/index.php?rest_route=%2Fwp%2Fv2%2Ftags&post=43754"}],"curies":[{"name":"wp","href":"https:\/\/api.w.org\/{rel}","templated":true}]}}