{"id":43684,"date":"2025-10-14T13:10:00","date_gmt":"2025-10-14T13:10:00","guid":{"rendered":"https:\/\/www.iprofesional.com\/salud\/439492-fallo-judicial-frena-cobro-de-coseguros-en-una-de-las-principales-obras-sociales"},"modified":"2025-10-14T13:10:00","modified_gmt":"2025-10-14T13:10:00","slug":"fallo-contra-la-practica-de-cobro-de-coseguros-en-una-de-las-principales-obras-sociales","status":"publish","type":"post","link":"https:\/\/economiapoliticacba.com\/?p=43684","title":{"rendered":"Fallo contra la pr\u00e1ctica de cobro de coseguros en una de las principales obras sociales"},"content":{"rendered":"<p><img src=\"http:\/\/economiapoliticacba.com\/wp-content\/uploads\/2025\/10\/fallo-contra-la-practica-de-cobro-de-coseguros-en-una-de-las-principales-obras-sociales.jpg\"><\/p>\n<div id>\n<p> La Justicia intervino en una obra social importante, dejando en suspenso un cobro que gener\u00f3 cuestionamientos entre sus afiliados <\/p>\n<p><strong>14\/10\/2025<\/strong> &#8211; 10:10hs<\/p>\n<div class=\"image-container img-wide padding-b\"> <picture><source media=\"(max-width:360px)\" srcset=\"https:\/\/resizer.iproimg.com\/unsafe\/360x\/filters:format(webp):quality(85):max_bytes(102400)\/https:\/\/assets.iprofesional.com\/assets\/jpg\/2024\/07\/579189.jpg\" data-srcset=\"https:\/\/resizer.iproimg.com\/unsafe\/360x\/filters:format(webp):quality(85):max_bytes(102400)\/https:\/\/assets.iprofesional.com\/assets\/jpg\/2024\/07\/579189.jpg\" class><source media=\"(max-width:430px)\" srcset=\"https:\/\/resizer.iproimg.com\/unsafe\/360x\/filters:format(webp):quality(85):max_bytes(102400)\/https:\/\/assets.iprofesional.com\/assets\/jpg\/2024\/07\/579189.jpg\" data-srcset=\"https:\/\/resizer.iproimg.com\/unsafe\/360x\/filters:format(webp):quality(85):max_bytes(102400)\/https:\/\/assets.iprofesional.com\/assets\/jpg\/2024\/07\/579189.jpg\" class><source media=\"(max-width:956px)\" srcset=\"https:\/\/resizer.iproimg.com\/unsafe\/640x\/filters:format(webp):quality(85):max_bytes(102400)\/https:\/\/assets.iprofesional.com\/assets\/jpg\/2024\/07\/579189.jpg\" data-srcset=\"https:\/\/resizer.iproimg.com\/unsafe\/640x\/filters:format(webp):quality(85):max_bytes(102400)\/https:\/\/assets.iprofesional.com\/assets\/jpg\/2024\/07\/579189.jpg\" class><img loading=\"lazy\" src=\"http:\/\/economiapoliticacba.com\/wp-content\/uploads\/2025\/10\/fallo-contra-la-practica-de-cobro-de-coseguros-en-una-de-las-principales-obras-sociales.webp\" data-src=\"http:\/\/economiapoliticacba.com\/wp-content\/uploads\/2025\/10\/fallo-contra-la-practica-de-cobro-de-coseguros-en-una-de-las-principales-obras-sociales.webp\" class alt=\"La Justicia proh\u00edbe a una importante obra social el cobro de coseguros\" width=\"1280px\" height=\"720px\" fetchpriority=\"high\"> <\/picture> <\/div><\/div>\n<div readability=\"103.83003952569\">\n<p><strong>Uni\u00f3n Personal<\/strong>, la obra social de la Uni\u00f3n del Personal Civil de la Naci\u00f3n (UPCN), fue<a href=\"https:\/\/www.iprofesional.com\/salud\/438970-anmat-suspende-venta-de-alisadores-de-cabello-y-lavandinas-por-falta-de-registro-sanitario\" target=\"_blank\" title=\"Riesgo para la salud: Anmat suspende venta de alisadores y productos de limpieza por falta de registro sanitario\" rel=\"noopener noreferrer\"> obligada a suspender <\/a>el <strong>cobro de coseguros adicionales<\/strong> a sus afiliados. La medida cautelar fue dictada en el marco de una acci\u00f3n de amparo presentada ante el Juzgado Nacional de Primera Instancia del Trabajo N\u00b0 69, que buscaba frenar lo que muchos consideraban un mecanismo discriminatorio, seg\u00fan inform\u00f3 <em>Clar\u00edn<\/em>.<\/p>\n<p>Seg\u00fan el juez <strong>Jos\u00e9 Ignacio Ramonet<\/strong>, el cobro de coseguros afectaba &#8220;<strong>prima facie<\/strong>&#8221; el derecho a la salud y atentaba contra la libertad sindical. En su fallo, subray\u00f3 que, <span>para evitar esos pagos, los afiliados no sindicalizados se ve\u00edan &#8220;obligados&#8221; a incorporarse a UPCN, tambi\u00e9n vinculada con la prepaga <strong>Accord Salud.<\/strong><\/span><\/p>\n<h2>Fallo judicial protege a afiliados de UPCN y asegura igualdad sin discriminaci\u00f3n sindical<\/h2>\n<p>El magistrado orden\u00f3 la s<strong>uspensi\u00f3n inmediata de cualquier cambio en la atenci\u00f3n de los afiliados<\/strong>, asegurando <a href=\"https:\/\/www.iprofesional.com\/management\/433528-uno-de-cada-4-argentinos-sufre-discriminacion-por-edad-en-su-trabajo\" target=\"_blank\" title=\"Uno de cada 4 argentinos sufre discriminaci\u00f3n por edad en su trabajo\" rel=\"noopener noreferrer\">que no haya discriminaci\u00f3n<\/a> entre quienes pertenecen o no al sindicato. Tambi\u00e9n dispuso que la bonificaci\u00f3n por coseguro de salud se mantenga para los afiliados y sus grupos familiares.<\/p>\n<p>El proceso fue aceptado como acci\u00f3n colectiva, lo que permite representar a los <strong>750 mil afiliados <\/strong>de UPCN, tanto sindicalizados como no. La demanda fue promovida por la <a href=\"https:\/\/www.iprofesional.com\/actualidad\/439141-trabajadores-de-hospitales-de-caba-realizan-marcha-por-aumento-salarial-y-bono-de-250000\" target=\"_blank\" title=\"Trabajadores de hospitales de CABA marchan para exigir actualizaci\u00f3n salarial y un bono de 250.000 pesos\" rel=\"noopener noreferrer\"><strong>Asociaci\u00f3n de Trabajadores del Estado (ATE)<\/strong><\/a>, que mantiene un conflicto hist\u00f3rico con UPCN por la representaci\u00f3n gremial de empleados p\u00fablicos.<\/p>\n<h2>Contexto normativo y acusaciones<\/h2>\n<p>En 2024, el Gobierno liber\u00f3 los aranceles de coseguros mediante la Resoluci\u00f3n 1926\/2024 de la<strong> Superintendencia de Servicios de Salud (SSS)<\/strong>, <a href=\"https:\/\/www.iprofesional.com\/finanzas\/439468-que-puede-pasar-con-el-dolar-la-city-recalcula-tras-el-acuerdo-entre-milei-y-trump\" target=\"_blank\" title=\"\u00bfMuri\u00f3 el pron\u00f3stico ca\u00f3tico para el d\u00f3lar? La City recalcula tras el acuerdo hist\u00f3rico entre Milei y Trump\" rel=\"noopener noreferrer\">estableciendo que los precios<\/a> ser\u00edan determinados por los propios agentes del seguro, en un marco de libre competencia. Seg\u00fan la demanda, <span>UPCN habr\u00eda utilizado esta pr\u00e1ctica para &#8220;fidelizar&#8221; a sus afiliados y favorecer a los sindicalizados.<\/span><\/p>\n<p>Para fundamentar la cautelar, el juez Ramonet tom\u00f3 en cuenta el dictamen del fiscal <strong>Claudio Giacin<\/strong>, fechado el 2 de octubre, quien sostuvo que los derechos presuntamente vulnerados justificaban una <a href=\"https:\/\/www.iprofesional.com\/finanzas\/439194-luis-caputo-tiene-dolares-tesoro-para-1-dia-mas-vuelan-rumores-de-medidas-inminentes\" target=\"_blank\" title=\"Caputo se quedar\u00e1 sin d\u00f3lares del Tesoro este mismo lunes y el mercado pide urgente anuncios concretos\" rel=\"noopener noreferrer\">medida urgente<\/a> para evitar que el perjuicio continuara.<\/p>\n<h2>Escenarios que define la cautelar<\/h2>\n<p>El fallo establece dos aspectos centrales<\/p>\n<ul>\n<li>El cobro de coseguros a afiliados no sindicalizados podr\u00eda considerarse discriminatorio, favoreciendo a los miembros de UPCN.<\/li>\n<li>Independientemente del motivo, ese cobro genera un perjuicio directo al derecho a la salud.<\/li>\n<\/ul>\n<p>Lo que resta resolver es la cuesti\u00f3n de fondo: d<span>eterminar si los pagos por coseguros, habilitados hace m\u00e1s de un a\u00f1o, pueden ser cuestionados judicialmente m\u00e1s all\u00e1 de la estrategia o conveniencia que los agentes del seguro consideren adecuada para implementarlos.<\/span><\/p>\n<h2>Nuevo cambio para prepagas y obras sociales: qu\u00e9 tener en cuenta ahora<\/h2>\n<p>Recientemente, el&nbsp;Gobierno&nbsp;acaba de publicar dos resoluciones que cambian las normativas anteriores tanto para las&nbsp;empresas de medicina prepaga&nbsp;como para las&nbsp;obras sociales.&nbsp;Por un lado, la<span>&nbsp;<\/span>Superintendencia de Servicios de Salud (SSS)&nbsp;aprob\u00f3 un nuevo<span>&nbsp;<\/span><strong>Procedimiento General de Denuncias, Faltas Formales y Sanciones<\/strong>&nbsp;el cual obliga a las&nbsp;obras sociales y prepagas&nbsp;a responder m\u00e1s r\u00e1pido y de manera m\u00e1s eficaz los<strong>&nbsp;reclamos de sus afiliados.<\/strong><\/p>\n<p>Con este cambio, las entidades que no cumplan con las<span>&nbsp;<\/span>prestaciones podr\u00e1n ser sancionadas<span>&nbsp;<\/span>bajo un r\u00e9gimen m\u00e1s estricto, adem\u00e1s de implementarse un<span>&nbsp;<\/span>ranking p\u00fablico de cumplimiento, accesible para los<span>&nbsp;<\/span><a href=\"https:\/\/www.iprofesional.com\/negocios\/423500-justicia-argentina-ordeno-osde-brinde-mejor-plan-a-afiliados-jubilados\" target=\"_blank\" title=\"La Justicia obliga a OSDE a brindarle un mejor plan a sus afiliados jubilados\" rel=\"noopener noreferrer\"><strong>afiliados<\/strong><\/a>.<\/p>\n<p>Por otro lado, mediante una<span>&nbsp;<\/span><strong>disposici\u00f3n de<span>&nbsp;<\/span><a href=\"https:\/\/www.iprofesional.com\/salud\/433033-la-anmat-saco-de-circulacion-cosmeticos-y-productos-de-limpieza-por-riesgo-sanitario\" target=\"_blank\" title=\"ANMAT sac\u00f3 de circulaci\u00f3n cosm\u00e9ticos y productos de limpieza por riesgo sanitario\" rel=\"noopener noreferrer\">ANMAT<\/a><\/strong>, se modific\u00f3 la normativa sobre la<span>&nbsp;<\/span><strong>publicidad de medicamentos considerados &#8220;de venta libre&#8221;<\/strong>, flexibilizando algunas restricciones vigentes. Esta medida implica un cambio en los<span>&nbsp;<\/span><strong>criterios<\/strong><span>&nbsp;<\/span>que regulan c\u00f3mo pueden<span>&nbsp;<\/span><strong>promocionarse<\/strong><span>&nbsp;<\/span>estos productos ante el p\u00fablico.<\/p>\n<\/p><\/div>\n","protected":false},"excerpt":{"rendered":"<p>La Justicia intervino en una obra social importante, dejando en suspenso un cobro que gener\u00f3 cuestionamientos entre sus afiliados 14\/10\/2025 &#8211; 10:10hs Uni\u00f3n Personal, la obra social de la Uni\u00f3n del Personal Civil de la Naci\u00f3n (UPCN), fue obligada a suspender el cobro de coseguros adicionales a sus afiliados. La medida cautelar fue dictada en [&hellip;]<\/p>\n","protected":false},"author":1,"featured_media":43685,"comment_status":"closed","ping_status":"closed","sticky":false,"template":"","format":"standard","meta":{"om_disable_all_campaigns":false,"_monsterinsights_skip_tracking":false,"_monsterinsights_sitenote_active":false,"_monsterinsights_sitenote_note":"","_monsterinsights_sitenote_category":0},"categories":[20],"tags":[],"aioseo_notices":[],"_links":{"self":[{"href":"https:\/\/economiapoliticacba.com\/index.php?rest_route=\/wp\/v2\/posts\/43684"}],"collection":[{"href":"https:\/\/economiapoliticacba.com\/index.php?rest_route=\/wp\/v2\/posts"}],"about":[{"href":"https:\/\/economiapoliticacba.com\/index.php?rest_route=\/wp\/v2\/types\/post"}],"author":[{"embeddable":true,"href":"https:\/\/economiapoliticacba.com\/index.php?rest_route=\/wp\/v2\/users\/1"}],"replies":[{"embeddable":true,"href":"https:\/\/economiapoliticacba.com\/index.php?rest_route=%2Fwp%2Fv2%2Fcomments&post=43684"}],"version-history":[{"count":0,"href":"https:\/\/economiapoliticacba.com\/index.php?rest_route=\/wp\/v2\/posts\/43684\/revisions"}],"wp:featuredmedia":[{"embeddable":true,"href":"https:\/\/economiapoliticacba.com\/index.php?rest_route=\/wp\/v2\/media\/43685"}],"wp:attachment":[{"href":"https:\/\/economiapoliticacba.com\/index.php?rest_route=%2Fwp%2Fv2%2Fmedia&parent=43684"}],"wp:term":[{"taxonomy":"category","embeddable":true,"href":"https:\/\/economiapoliticacba.com\/index.php?rest_route=%2Fwp%2Fv2%2Fcategories&post=43684"},{"taxonomy":"post_tag","embeddable":true,"href":"https:\/\/economiapoliticacba.com\/index.php?rest_route=%2Fwp%2Fv2%2Ftags&post=43684"}],"curies":[{"name":"wp","href":"https:\/\/api.w.org\/{rel}","templated":true}]}}