{"id":43607,"date":"2025-10-12T21:21:14","date_gmt":"2025-10-12T21:21:14","guid":{"rendered":"https:\/\/cordoba.gob.ar\/?p=82169"},"modified":"2025-10-12T21:21:14","modified_gmt":"2025-10-12T21:21:14","slug":"lunes-en-la-feria-del-libro-cine-arquitectura-y-ecologia-con-cierre-de-selva-almada","status":"publish","type":"post","link":"https:\/\/economiapoliticacba.com\/?p=43607","title":{"rendered":"Lunes en la Feria del Libro: cine, arquitectura y ecolog\u00eda, con cierre de Selva Almada"},"content":{"rendered":"<div><img src=\"http:\/\/economiapoliticacba.com\/wp-content\/uploads\/2025\/10\/lunes-en-la-feria-del-libro-cine-arquitectura-y-ecologia-con-cierre-de-selva-almada.jpg\" class=\"ff-og-image-inserted\"><\/div>\n<p>Desde las 11:00 y hasta las 21:00, la Feria del Libro de la Municipalidad de C\u00f3rdoba y el Gobierno de la Provincia abre sus puertas una vez m\u00e1s, para disfrute gratuito de los vecinos y vecinas de la ciudad.<\/p>\n<p>A las 17:00, Dario G\u00f3mez Pucheta presentar\u00e1 su libro \u201c(Eco)pol\u00edtica\u201d, para pensar la dimensi\u00f3n ambiental de la pol\u00edtica, con la presentaci\u00f3n del director de enredaccion.com, Fabi\u00e1n Garc\u00eda. Ser\u00e1 en la carpa Susana Cabuchi, donde luego se presentar\u00e1n \u201cEl Libro Gn\u00f3stico De La Meditaci\u00f3n\u201d de Samael Aun Weor (18:00) y \u201cVigilia en la casa de los t\u00edteres\u00bb de Cezary Novek (19:00).<\/p>\n<p>La carpa Julio Carri P\u00e9rez tendr\u00e1 la charla \u201c\u00bfQu\u00e9 sabemos de C\u00f3rdoba y de la historia de sus edificios y espacios emblem\u00e1ticos?\u201d, un encuentro a las 18:00 para abordar la historia de los edificios destacados de los alrededores del Palacio 6 de Julio: la Ca\u00f1ada, el Edificio de Tribunales, la Plaza Italia, y la Torre \u00c1ngela.<\/p>\n<p>El nombre distinguido de la jornada ser\u00e1 Selva Almada. La autora entrerriana llega en el marco de Paran\u00e1 como ciudad invitada a la FLC2025 para presentar \u201c\u00a1Qu\u00e9 vivan los salvajes!\u201d, una charla sobre su obra y su trabajo dedicado al mundo de la literatura. Comenzar\u00e1 a las 20:00 en la carpa Leonor Allende.<\/p>\n<p>La \u00faltima actividad destacada ser\u00e1 a las 21:00, en el marco del \u201cCiclo Cine Aniversarios\u201d, por el que se proyectar\u00e1 la pel\u00edcula \u201cBuen Pastor, una fuga de mujeres\u201d (2010, dir. L.Torres Minoldo y M. Herrera C\u00f3rdoba) en el Cineclub Municipal, para recordar los 50 a\u00f1os de la fuga de presas pol\u00edticas de la c\u00e1rcel de El Buen Pastor.<\/p>\n<p>Todas estas propuestas se ofrecen de manera libre y gratuita. La programaci\u00f3n completa del d\u00eda y las dem\u00e1s jornadas puede consultarse en la web: <a href=\"https:\/\/feriadellibro.cordoba.gob.ar\/\">https:\/\/feriadellibro.cordoba.gob.ar\/<\/a><\/p>\n","protected":false},"excerpt":{"rendered":"<p>Desde las 11:00 y hasta las 21:00, la Feria del Libro de la Municipalidad de C\u00f3rdoba y el Gobierno de la Provincia abre sus puertas una vez m\u00e1s, para disfrute gratuito de los vecinos y vecinas de la ciudad. A las 17:00, Dario G\u00f3mez Pucheta presentar\u00e1 su libro \u201c(Eco)pol\u00edtica\u201d, para pensar la dimensi\u00f3n ambiental de [&hellip;]<\/p>\n","protected":false},"author":1,"featured_media":43608,"comment_status":"closed","ping_status":"closed","sticky":false,"template":"","format":"standard","meta":{"om_disable_all_campaigns":false,"_monsterinsights_skip_tracking":false,"_monsterinsights_sitenote_active":false,"_monsterinsights_sitenote_note":"","_monsterinsights_sitenote_category":0},"categories":[15],"tags":[],"aioseo_notices":[],"_links":{"self":[{"href":"https:\/\/economiapoliticacba.com\/index.php?rest_route=\/wp\/v2\/posts\/43607"}],"collection":[{"href":"https:\/\/economiapoliticacba.com\/index.php?rest_route=\/wp\/v2\/posts"}],"about":[{"href":"https:\/\/economiapoliticacba.com\/index.php?rest_route=\/wp\/v2\/types\/post"}],"author":[{"embeddable":true,"href":"https:\/\/economiapoliticacba.com\/index.php?rest_route=\/wp\/v2\/users\/1"}],"replies":[{"embeddable":true,"href":"https:\/\/economiapoliticacba.com\/index.php?rest_route=%2Fwp%2Fv2%2Fcomments&post=43607"}],"version-history":[{"count":0,"href":"https:\/\/economiapoliticacba.com\/index.php?rest_route=\/wp\/v2\/posts\/43607\/revisions"}],"wp:featuredmedia":[{"embeddable":true,"href":"https:\/\/economiapoliticacba.com\/index.php?rest_route=\/wp\/v2\/media\/43608"}],"wp:attachment":[{"href":"https:\/\/economiapoliticacba.com\/index.php?rest_route=%2Fwp%2Fv2%2Fmedia&parent=43607"}],"wp:term":[{"taxonomy":"category","embeddable":true,"href":"https:\/\/economiapoliticacba.com\/index.php?rest_route=%2Fwp%2Fv2%2Fcategories&post=43607"},{"taxonomy":"post_tag","embeddable":true,"href":"https:\/\/economiapoliticacba.com\/index.php?rest_route=%2Fwp%2Fv2%2Ftags&post=43607"}],"curies":[{"name":"wp","href":"https:\/\/api.w.org\/{rel}","templated":true}]}}