{"id":43566,"date":"2025-10-09T12:35:00","date_gmt":"2025-10-09T12:35:00","guid":{"rendered":"https:\/\/www.iprofesional.com\/management\/439223-por-que-la-justicia-ordeno-pagar-70-millones-a-un-gerente-al-que-bajaron-el-sueldo"},"modified":"2025-10-09T12:35:00","modified_gmt":"2025-10-09T12:35:00","slug":"por-que-la-justicia-ordeno-pagar-70-millones-a-un-gerente-al-que-le-bajaron-el-sueldo","status":"publish","type":"post","link":"https:\/\/economiapoliticacba.com\/?p=43566","title":{"rendered":"\u00bfPor qu\u00e9 la Justicia orden\u00f3 pagar $70 millones a un gerente al que le bajaron el sueldo?"},"content":{"rendered":"<p><img src=\"http:\/\/economiapoliticacba.com\/wp-content\/uploads\/2025\/10\/por-que-la-justicia-ordeno-pagar-70-millones-a-un-gerente-al-que-le-bajaron-el-sueldo.jpg\"><\/p>\n<div id>\n<p> Un juez consider\u00f3 que el recorte fue una injuria grave y dio lugar a un despido indirecto. La sentencia marca un precedente importante en materia laboral <\/p>\n<p><strong>09\/10\/2025<\/strong> &#8211; 09:35hs<\/p>\n<div class=\"image-container img-wide padding-b\"> <picture><source media=\"(max-width:360px)\" srcset=\"https:\/\/resizer.iproimg.com\/unsafe\/360x\/filters:format(webp):quality(85):max_bytes(102400)\/https:\/\/assets.iprofesional.com\/assets\/jpg\/2025\/06\/598435.jpg\" data-srcset=\"https:\/\/resizer.iproimg.com\/unsafe\/360x\/filters:format(webp):quality(85):max_bytes(102400)\/https:\/\/assets.iprofesional.com\/assets\/jpg\/2025\/06\/598435.jpg\" class><source media=\"(max-width:430px)\" srcset=\"https:\/\/resizer.iproimg.com\/unsafe\/360x\/filters:format(webp):quality(85):max_bytes(102400)\/https:\/\/assets.iprofesional.com\/assets\/jpg\/2025\/06\/598435.jpg\" data-srcset=\"https:\/\/resizer.iproimg.com\/unsafe\/360x\/filters:format(webp):quality(85):max_bytes(102400)\/https:\/\/assets.iprofesional.com\/assets\/jpg\/2025\/06\/598435.jpg\" class><source media=\"(max-width:956px)\" srcset=\"https:\/\/resizer.iproimg.com\/unsafe\/640x\/filters:format(webp):quality(85):max_bytes(102400)\/https:\/\/assets.iprofesional.com\/assets\/jpg\/2025\/06\/598435.jpg\" data-srcset=\"https:\/\/resizer.iproimg.com\/unsafe\/640x\/filters:format(webp):quality(85):max_bytes(102400)\/https:\/\/assets.iprofesional.com\/assets\/jpg\/2025\/06\/598435.jpg\" class><img loading=\"lazy\" src=\"http:\/\/economiapoliticacba.com\/wp-content\/uploads\/2025\/10\/por-que-la-justicia-ordeno-pagar-70-millones-a-un-gerente-al-que-le-bajaron-el-sueldo.webp\" data-src=\"http:\/\/economiapoliticacba.com\/wp-content\/uploads\/2025\/10\/por-que-la-justicia-ordeno-pagar-70-millones-a-un-gerente-al-que-le-bajaron-el-sueldo.webp\" class alt=\"\u00bfPor qu\u00e9 la Justicia orden\u00f3 pagar $70 millones a un gerente al que le bajaron el sueldo?\" width=\"1280px\" height=\"720px\" fetchpriority=\"high\"> <\/picture> <\/div><\/div>\n<div readability=\"83.663204155014\">\n<p>Un gerente de una empresa del rubro hidrocarbur\u00edfero, que tambi\u00e9n se hab\u00eda desempe\u00f1ado como presidente de la firma, <strong>decidi\u00f3 considerarse despedido <\/strong>luego de que su<span> salario fuera reducido<\/span> <span>en un 75% tras un cambio en la comisi\u00f3n directiva.<\/span><\/p>\n<p>El caso lleg\u00f3 al J<strong>uzgado Laboral N\u00b0 2 de Cutral Co<\/strong>, donde el juez Eduardo Richter resolvi\u00f3 que la compa\u00f1\u00eda <a href=\"https:\/\/www.iprofesional.com\/legales\/426653-condenan-a-manaos-a-pagarle-mas-de-un-millon-de-dolares-a-un-trabajador-en-juicio-laboral\" target=\"_blank\" title=\"indemnizar\" rel=\"noopener noreferrer\">deber\u00e1 indemnizar al trabajador<\/a> con m\u00e1s de 70 millones de pesos, al determinar que la fuerte reducci\u00f3n salarial constitu\u00eda una <a href=\"https:\/\/www.iprofesional.com\/index.php\/legales\/438670-juicios-laborales-asi-se-calculan-los-honorarios-de-abogados-en-reclamos-de-indemnizacion\" target=\"_blank\" title=\"juicio laboral\" rel=\"noopener noreferrer\">injuria laboral grave.<\/a><\/p>\n<h2>Qu\u00e9 dijo la Justicia sobre la rebaja del 75% del sueldo al gerente petrolero<\/h2>\n<p>El juez sostuvo que la empresa no logr\u00f3 justificar la medida. Basado en un dictamen pericial contable &#8220;concluyente&#8221;, se\u00f1al\u00f3 que no exist\u00eda ninguna documentaci\u00f3n que respaldara la decisi\u00f3n de disminuir los haberes, ni constaba qui\u00e9n hab\u00eda ordenado el recorte.<\/p>\n<p>Adem\u00e1s, el fallo destac\u00f3 que el trabajador reclam\u00f3 en reiteradas ocasiones que se le restableciera su sueldo completo, pero la patronal nunca respondi\u00f3 con fundamentos v\u00e1lidos, lo que termin\u00f3 agravando la situaci\u00f3n.<\/p>\n<h2>La Justicia aval\u00f3 el despido indirecto<\/h2>\n<p>En su resoluci\u00f3n, Richter consider\u00f3 que el accionar de la empresa encuadra dentro de una &#8220;injuria suficiente&#8221; como para dar por terminado el contrato de trabajo.<\/p>\n<p>&#8220;La reducci\u00f3n unilateral del salario constituy\u00f3 una ofensa hacia los intereses del demandante que justifica su decisi\u00f3n de darse por despedido&#8221;, expres\u00f3 el magistrado.<\/p>\n<p>El juez tambi\u00e9n subray\u00f3 que los miembros de la comisi\u00f3n directiva de la empresa &#8220;antes que empresarios desconectados de la realidad cotidiana, tambi\u00e9n son trabajadores y deben contar con las garant\u00edas que establece el art\u00edculo 14 bis de la Constituci\u00f3n Nacional&#8221;.<\/p>\n<h2>Un fallo con impacto en el \u00e1mbito laboral<\/h2>\n<p>La sentencia marca un precedente importante en materia laboral, especialmente en el sector petrolero, donde los cambios de conducci\u00f3n interna y las modificaciones salariales unilaterales suelen generar conflictos.<\/p>\n<p>Para el magistrado, el caso no se trat\u00f3 de una simple diferencia de haberes, sino de una violaci\u00f3n directa a los derechos laborales del gerente, cuya remuneraci\u00f3n fue reducida sin justificaci\u00f3n ni aval legal.<\/p>\n<p>Con esta decisi\u00f3n, el juez reafirm\u00f3 que toda reducci\u00f3n salarial sin causa ni consentimiento del trabajador puede ser considerada una injuria grave, habilitando al empleado a reclamar la indemnizaci\u00f3n correspondiente por despido indirecto.<\/p>\n<\/p><\/div>\n","protected":false},"excerpt":{"rendered":"<p>Un juez consider\u00f3 que el recorte fue una injuria grave y dio lugar a un despido indirecto. La sentencia marca un precedente importante en materia laboral 09\/10\/2025 &#8211; 09:35hs Un gerente de una empresa del rubro hidrocarbur\u00edfero, que tambi\u00e9n se hab\u00eda desempe\u00f1ado como presidente de la firma, decidi\u00f3 considerarse despedido luego de que su salario [&hellip;]<\/p>\n","protected":false},"author":1,"featured_media":43567,"comment_status":"closed","ping_status":"closed","sticky":false,"template":"","format":"standard","meta":{"om_disable_all_campaigns":false,"_monsterinsights_skip_tracking":false,"_monsterinsights_sitenote_active":false,"_monsterinsights_sitenote_note":"","_monsterinsights_sitenote_category":0},"categories":[20],"tags":[],"aioseo_notices":[],"_links":{"self":[{"href":"https:\/\/economiapoliticacba.com\/index.php?rest_route=\/wp\/v2\/posts\/43566"}],"collection":[{"href":"https:\/\/economiapoliticacba.com\/index.php?rest_route=\/wp\/v2\/posts"}],"about":[{"href":"https:\/\/economiapoliticacba.com\/index.php?rest_route=\/wp\/v2\/types\/post"}],"author":[{"embeddable":true,"href":"https:\/\/economiapoliticacba.com\/index.php?rest_route=\/wp\/v2\/users\/1"}],"replies":[{"embeddable":true,"href":"https:\/\/economiapoliticacba.com\/index.php?rest_route=%2Fwp%2Fv2%2Fcomments&post=43566"}],"version-history":[{"count":0,"href":"https:\/\/economiapoliticacba.com\/index.php?rest_route=\/wp\/v2\/posts\/43566\/revisions"}],"wp:featuredmedia":[{"embeddable":true,"href":"https:\/\/economiapoliticacba.com\/index.php?rest_route=\/wp\/v2\/media\/43567"}],"wp:attachment":[{"href":"https:\/\/economiapoliticacba.com\/index.php?rest_route=%2Fwp%2Fv2%2Fmedia&parent=43566"}],"wp:term":[{"taxonomy":"category","embeddable":true,"href":"https:\/\/economiapoliticacba.com\/index.php?rest_route=%2Fwp%2Fv2%2Fcategories&post=43566"},{"taxonomy":"post_tag","embeddable":true,"href":"https:\/\/economiapoliticacba.com\/index.php?rest_route=%2Fwp%2Fv2%2Ftags&post=43566"}],"curies":[{"name":"wp","href":"https:\/\/api.w.org\/{rel}","templated":true}]}}