{"id":43538,"date":"2025-10-11T20:18:59","date_gmt":"2025-10-11T20:18:59","guid":{"rendered":"https:\/\/cordoba.gob.ar\/?p=82163"},"modified":"2025-10-11T20:18:59","modified_gmt":"2025-10-11T20:18:59","slug":"domingo-en-la-feria-del-libro-la-nobel-de-literatura-inspira-un-club-de-lectura","status":"publish","type":"post","link":"https:\/\/economiapoliticacba.com\/?p=43538","title":{"rendered":"Domingo en la Feria del Libro: la Nobel de Literatura inspira un Club de Lectura"},"content":{"rendered":"<div><img src=\"http:\/\/economiapoliticacba.com\/wp-content\/uploads\/2025\/10\/domingo-en-la-feria-del-libro-la-nobel-de-literatura-inspira-un-club-de-lectura.jpg\" class=\"ff-og-image-inserted\"><\/div>\n<ul>\n<li><strong>A las 17:00 ser\u00e1 la lectura colectiva y an\u00e1lisis de la trayectoria de la surcoreana, Han Kang.<\/strong><\/li>\n<li><strong>Tambi\u00e9n destacan las actividades de CONICET, Juanjo Vargas y un encuentro en torno a la figura de Diego Maradona<\/strong>.<\/li>\n<\/ul>\n<hr>\n<p>Este domingo, la 39\u00b0 Feria del Libro de la ciudad, organizada por la Municipalidad de C\u00f3rdoba y el Gobierno de la Provincia, presentar\u00e1 m\u00e1s actividades para disfrutar del fin de semana largo en familia. Tanto vecinos como turistas podr\u00e1n participar de todas las propuestas de manera libre y gratuita.<\/p>\n<p>Entre las actividades destacadas, se encuentra la presentaci\u00f3n del libro \u201cImpulsores\u201d de Juanjo Vargas. Ser\u00e1 a las 16:00 en la carpa Susana Cabuchi, donde el escritor tambi\u00e9n dar\u00e1 un taller motivacional para padres emprendedores.<\/p>\n<p>El Ciclo CONICET en la Feria trae dos actividades para ma\u00f1ana: la presentaci\u00f3n de ArchivoRec.ar, sobre revistas culturales de C\u00f3rdoba, a partir de las 17:00, y la presentaci\u00f3n del proyecto \u00abRestauraci\u00f3n ecol\u00f3gica con le\u00f1osas nativas en agroecosistemas de C\u00f3rdoba\u00bb, a las 18:00, ambas en la carpa Susana Cabuchi.<\/p>\n<p>Una de las curiosidades de la jornada ser\u00e1 el club de lectura inspirado en la escritora surcoreana Han Kang y su novela de 2011 \u201cLa clase de griego\u201d. A las 17:00, en la carpa Leonor Allende, se realizar\u00e1 una lectura colectiva y an\u00e1lisis, junto a un repaso por la trayectoria y el universo creativo de la autora, galardonada el a\u00f1o pasado con el Nobel de Literatura.<\/p>\n<p>Finalmente, a las 20:00, tendr\u00e1 lugar \u201cEl mes del Diego\u201d, una propuesta para repasar las distintas publicaciones en torno a la obra maradoniana, en el mes de su nacimiento. Tambi\u00e9n tendr\u00e1 lugar en la carpa Leonor Allende, donde adem\u00e1s se realizar\u00e1n serigraf\u00edas gratis alusivas al hist\u00f3rico futbolista argentino.<\/p>\n<p>El cierre estar\u00e1 a cargo de la banda cordobesa de cumbia Calientes, a las 20:00, en el escenario Miguel Iriarte. Las carpas abrir\u00e1n de 15:00 a 21:00. Tanto el mapa como la programaci\u00f3n se pueden consultar aqu\u00ed: <a href=\"https:\/\/feriadellibro.cordoba.gob.ar\/\">https:\/\/feriadellibro.cordoba.gob.ar\/<\/a><\/p>\n","protected":false},"excerpt":{"rendered":"<p>A las 17:00 ser\u00e1 la lectura colectiva y an\u00e1lisis de la trayectoria de la surcoreana, Han Kang. Tambi\u00e9n destacan las actividades de CONICET, Juanjo Vargas y un encuentro en torno a la figura de Diego Maradona. Este domingo, la 39\u00b0 Feria del Libro de la ciudad, organizada por la Municipalidad de C\u00f3rdoba y el Gobierno [&hellip;]<\/p>\n","protected":false},"author":1,"featured_media":43539,"comment_status":"closed","ping_status":"closed","sticky":false,"template":"","format":"standard","meta":{"om_disable_all_campaigns":false,"_monsterinsights_skip_tracking":false,"_monsterinsights_sitenote_active":false,"_monsterinsights_sitenote_note":"","_monsterinsights_sitenote_category":0},"categories":[15],"tags":[],"aioseo_notices":[],"_links":{"self":[{"href":"https:\/\/economiapoliticacba.com\/index.php?rest_route=\/wp\/v2\/posts\/43538"}],"collection":[{"href":"https:\/\/economiapoliticacba.com\/index.php?rest_route=\/wp\/v2\/posts"}],"about":[{"href":"https:\/\/economiapoliticacba.com\/index.php?rest_route=\/wp\/v2\/types\/post"}],"author":[{"embeddable":true,"href":"https:\/\/economiapoliticacba.com\/index.php?rest_route=\/wp\/v2\/users\/1"}],"replies":[{"embeddable":true,"href":"https:\/\/economiapoliticacba.com\/index.php?rest_route=%2Fwp%2Fv2%2Fcomments&post=43538"}],"version-history":[{"count":0,"href":"https:\/\/economiapoliticacba.com\/index.php?rest_route=\/wp\/v2\/posts\/43538\/revisions"}],"wp:featuredmedia":[{"embeddable":true,"href":"https:\/\/economiapoliticacba.com\/index.php?rest_route=\/wp\/v2\/media\/43539"}],"wp:attachment":[{"href":"https:\/\/economiapoliticacba.com\/index.php?rest_route=%2Fwp%2Fv2%2Fmedia&parent=43538"}],"wp:term":[{"taxonomy":"category","embeddable":true,"href":"https:\/\/economiapoliticacba.com\/index.php?rest_route=%2Fwp%2Fv2%2Fcategories&post=43538"},{"taxonomy":"post_tag","embeddable":true,"href":"https:\/\/economiapoliticacba.com\/index.php?rest_route=%2Fwp%2Fv2%2Ftags&post=43538"}],"curies":[{"name":"wp","href":"https:\/\/api.w.org\/{rel}","templated":true}]}}