{"id":43532,"date":"2025-10-10T20:12:56","date_gmt":"2025-10-10T20:12:56","guid":{"rendered":"https:\/\/cordoba.gob.ar\/?p=82131"},"modified":"2025-10-10T20:12:56","modified_gmt":"2025-10-10T20:12:56","slug":"sabado-en-la-feria-del-libro-presentaciones-de-martin-kohan-gustavo-sylvestre-chema-forte-y-otros","status":"publish","type":"post","link":"https:\/\/economiapoliticacba.com\/?p=43532","title":{"rendered":"S\u00e1bado en la Feria del Libro: presentaciones de Mart\u00edn Kohan, Gustavo Sylvestre, Chema Forte y otros"},"content":{"rendered":"<div><img src=\"http:\/\/economiapoliticacba.com\/wp-content\/uploads\/2025\/10\/sabado-en-la-feria-del-libro-presentaciones-de-martin-kohan-gustavo-sylvestre-chema-forte-y-otros.jpg\" class=\"ff-og-image-inserted\"><\/div>\n<hr>\n<p data-prosemirror-content-type=\"node\" data-prosemirror-node-name=\"paragraph\" data-prosemirror-node-block=\"true\">La Feria del Libro de la Municipalidad de C\u00f3rdoba y el Gobierno de la Provincia propone una agenda cargada de presentaciones de libros para la jornada de ma\u00f1ana s\u00e1bado. Entre tanto, las editoriales expondr\u00e1n de 11:00 a 21:00 en la Supermanzana de la Intendencia.<\/p>\n<p data-prosemirror-content-type=\"node\" data-prosemirror-node-name=\"paragraph\" data-prosemirror-node-block=\"true\">Entre los destacados est\u00e1 el periodista Gustavo Sylvestre, que presentar\u00e1 \u201cPepe Mujica, ligero de equipaje\u201d, un libro que explora al expresidente uruguayo, con pr\u00f3logo del Papa Francisco. Estar\u00e1 presentado por Natalia de la Sota en la carpa Leonor Allende desde las 17:00.<\/p>\n<p data-prosemirror-content-type=\"node\" data-prosemirror-node-name=\"paragraph\" data-prosemirror-node-block=\"true\">A las 19:00, el periodista espa\u00f1ol Chema Forte cruza el oc\u00e9ano para presentar \u201cNada Urge\u201d, un libro testimonial en el que compila escritos que forman el mapa de su vida. Ser\u00e1 en la carpa Susana Cabuchi, donde a las 20:00 tambi\u00e9n se presentar\u00e1 el libro \u201cSan Jer\u00f3nimo Dei\u201d, con los humoristas gr\u00e1ficos Palmas, HCatal\u00e1n, M\u00e1s, D\u00edaz y Lucho.<\/p>\n<p data-prosemirror-content-type=\"node\" data-prosemirror-node-name=\"paragraph\" data-prosemirror-node-block=\"true\">La figura central de la jornada ser\u00e1 Mart\u00edn Kohan: el pensador, te\u00f3rico y docente universitario presentar\u00e1 \u201cEl tiempo m\u00e1s feliz\u201d, su primera obra destinada a las infancias, que tiene a C\u00f3rdoba como base de su narraci\u00f3n. El encuentro ser\u00e1 a las 19:30 en la carpa Leonor Allende.<\/p>\n<p data-prosemirror-content-type=\"node\" data-prosemirror-node-name=\"paragraph\" data-prosemirror-node-block=\"true\">Otras presentaciones incluyen \u201cEl kimono de Mariasan\u201d de Mar\u00eda Andrea P\u00e9rez (16:00, carpa Leonor Allende), \u201cMortero el perro h\u00e9roe de malvinas\u201d de Carlos A. Gonz\u00e1lez (17:00, carpa Susana Cabuchi), \u201cQuebranto\u201d de Juan Diego Incardona (18:00, carpa Susana Cabuchi), \u201c\u00bfD\u00f3nde termina una l\u00e1grima?\u201d de Alejandro De La O y Naty Mart\u00ednez (19:00, carpa Edith Vera) y \u201cEl Evangelio americano\u201d de Francisco Bilbao (19:30, carpa Julio Carri P\u00e9rez).<\/p>\n<p data-prosemirror-content-type=\"node\" data-prosemirror-node-name=\"paragraph\" data-prosemirror-node-block=\"true\">Entre otras propuestas que resaltan para este s\u00e1bado, tambi\u00e9n se incluye la charla \u201cA 50 a\u00f1os de la fuga de mujeres del Buen Pastor\u201d, que recuerda este evento ocurrido hace exactamente cinco d\u00e9cadas, en un encuentro a cargo de Cristina Salvarezza, una de las protagonistas, quien estar\u00e1 acompa\u00f1ada por la antrop\u00f3loga Mariana Tello Weiss, la cronista Josefina Licitra y el arquitecto Augusto Bernhardt, a las 18:30 en la carpa Leonor Allende.<\/p>\n<p data-prosemirror-content-type=\"node\" data-prosemirror-node-name=\"paragraph\" data-prosemirror-node-block=\"true\">El cierre estar\u00e1 a cargo del d\u00fao cordob\u00e9s de soul rock Al\u00f3 Allegro, conformado por dos mujeres exploran paisajes sonoros ac\u00fasticos en una experiencia musical \u00edntima y envolvente. Ser\u00e1 a las 20:30 en el escenario art\u00edstico Miguel Iriarte.<\/p>\n<p data-prosemirror-content-type=\"node\" data-prosemirror-node-name=\"paragraph\" data-prosemirror-node-block=\"true\">Se puede participar de todas las actividades de forma gratuita. La programaci\u00f3n completa se puede consultar en este <a href=\"https:\/\/feriadellibro.cordoba.gob.ar\/programacion\/\">enlace&nbsp;<\/a><\/p>\n","protected":false},"excerpt":{"rendered":"<p>La Feria del Libro de la Municipalidad de C\u00f3rdoba y el Gobierno de la Provincia propone una agenda cargada de presentaciones de libros para la jornada de ma\u00f1ana s\u00e1bado. Entre tanto, las editoriales expondr\u00e1n de 11:00 a 21:00 en la Supermanzana de la Intendencia. Entre los destacados est\u00e1 el periodista Gustavo Sylvestre, que presentar\u00e1 \u201cPepe [&hellip;]<\/p>\n","protected":false},"author":1,"featured_media":43533,"comment_status":"closed","ping_status":"closed","sticky":false,"template":"","format":"standard","meta":{"om_disable_all_campaigns":false,"_monsterinsights_skip_tracking":false,"_monsterinsights_sitenote_active":false,"_monsterinsights_sitenote_note":"","_monsterinsights_sitenote_category":0},"categories":[15],"tags":[],"aioseo_notices":[],"_links":{"self":[{"href":"https:\/\/economiapoliticacba.com\/index.php?rest_route=\/wp\/v2\/posts\/43532"}],"collection":[{"href":"https:\/\/economiapoliticacba.com\/index.php?rest_route=\/wp\/v2\/posts"}],"about":[{"href":"https:\/\/economiapoliticacba.com\/index.php?rest_route=\/wp\/v2\/types\/post"}],"author":[{"embeddable":true,"href":"https:\/\/economiapoliticacba.com\/index.php?rest_route=\/wp\/v2\/users\/1"}],"replies":[{"embeddable":true,"href":"https:\/\/economiapoliticacba.com\/index.php?rest_route=%2Fwp%2Fv2%2Fcomments&post=43532"}],"version-history":[{"count":0,"href":"https:\/\/economiapoliticacba.com\/index.php?rest_route=\/wp\/v2\/posts\/43532\/revisions"}],"wp:featuredmedia":[{"embeddable":true,"href":"https:\/\/economiapoliticacba.com\/index.php?rest_route=\/wp\/v2\/media\/43533"}],"wp:attachment":[{"href":"https:\/\/economiapoliticacba.com\/index.php?rest_route=%2Fwp%2Fv2%2Fmedia&parent=43532"}],"wp:term":[{"taxonomy":"category","embeddable":true,"href":"https:\/\/economiapoliticacba.com\/index.php?rest_route=%2Fwp%2Fv2%2Fcategories&post=43532"},{"taxonomy":"post_tag","embeddable":true,"href":"https:\/\/economiapoliticacba.com\/index.php?rest_route=%2Fwp%2Fv2%2Ftags&post=43532"}],"curies":[{"name":"wp","href":"https:\/\/api.w.org\/{rel}","templated":true}]}}