{"id":4353,"date":"2023-01-03T17:01:58","date_gmt":"2023-01-03T17:01:58","guid":{"rendered":"https:\/\/canalshowsport.com.ar\/?p=259651"},"modified":"2023-01-03T17:01:58","modified_gmt":"2023-01-03T17:01:58","slug":"llego-el-decimo-refuerzo-de-la-academia","status":"publish","type":"post","link":"https:\/\/economiapoliticacba.com\/?p=4353","title":{"rendered":"Lleg\u00f3 el d\u00e9cimo refuerzo de la Academia"},"content":{"rendered":"<div><img src=\"http:\/\/economiapoliticacba.com\/wp-content\/uploads\/2023\/01\/llego-el-decimo-refuerzo-de-la-academia.png\" class=\"ff-og-image-inserted\"><\/div>\n<p><strong>Racing<\/strong> cerr\u00f3 su d\u00e9cima incorporaci\u00f3n, pensando en el campeonato de la Primera Nacional 2023.<\/p>\n<p>La Academia anunci\u00f3 en sus redes sociales la contrataci\u00f3n de <strong>Jorge Scolari<\/strong>, defensor central de 33 a\u00f1os procedente de Independiente Rivadavia de Mendoza.<\/p>\n<p>El jugador tiene vasta experiencia en el f\u00fatbol del ascenso con pasos por clubes como San Mart\u00edn de Tucum\u00e1n, Mitre, Acassuso, Gimnasia (CdU), Defensores de Belgrano, entre otros.<\/p>\n<p>Scolari es el jugador n\u00famero diez en llegar al equipo de Nueva Italia. Anteriormente se hab\u00edan sumado el arquero Franco Fragueda, los defensores Augusto Gallo, Francisco Mattia y Alejandro Cabral, el volante ofensivo Iv\u00e1n Pomba, y los delanteros Jos\u00e9 M\u00e9ndez, Franco Coronel y Joaqu\u00edn Mateo.<\/p>\n<figure class=\"wp-block-embed is-type-rich is-provider-twitter wp-block-embed-twitter\">\n<div class=\"wp-block-embed__wrapper\" readability=\"6.6573426573427\">\n<blockquote class=\"twitter-tweet\" data-width=\"500\" data-dnt=\"true\" readability=\"7.4895104895105\">\n<p lang=\"es\" dir=\"ltr\">D\u00c9CIMO REFUERZO 2023.<\/p>\n<p>Jorge Scolari es nuevo jugador de <a href=\"https:\/\/twitter.com\/hashtag\/Racing?src=hash&amp;ref_src=twsrc%5Etfw\" target=\"_blank\" rel=\"noopener\">#Racing<\/a> para la pr\u00f3xima temporada.<\/p>\n<p>El defensor central de 33 a\u00f1os viene de jugar en Independiente de Rivadavia de Mendoza.<\/p>\n<p>\u00a1Bienvenido Jorge! \ud83d\udc99 <a href=\"https:\/\/t.co\/x4mDLP7y9i\" target=\"_blank\" rel=\"noopener\">pic.twitter.com\/x4mDLP7y9i<\/a><\/p>\n<p>\u2014 Club Atl\u00e9tico Racing (@ClubARacing) <a href=\"https:\/\/twitter.com\/ClubARacing\/status\/1610311895948398594?ref_src=twsrc%5Etfw\" target=\"_blank\" rel=\"noopener\">January 3, 2023<\/a><\/p><\/blockquote>\n<\/div>\n<\/figure>\n","protected":false},"excerpt":{"rendered":"<p>Racing cerr\u00f3 su d\u00e9cima incorporaci\u00f3n, pensando en el campeonato de la Primera Nacional 2023. La Academia anunci\u00f3 en sus redes sociales la contrataci\u00f3n de Jorge Scolari, defensor central de 33 a\u00f1os procedente de Independiente Rivadavia de Mendoza. El jugador tiene vasta experiencia en el f\u00fatbol del ascenso con pasos por clubes como San Mart\u00edn de [&hellip;]<\/p>\n","protected":false},"author":1,"featured_media":4354,"comment_status":"closed","ping_status":"closed","sticky":false,"template":"","format":"standard","meta":{"om_disable_all_campaigns":false,"_monsterinsights_skip_tracking":false,"_monsterinsights_sitenote_active":false,"_monsterinsights_sitenote_note":"","_monsterinsights_sitenote_category":0},"categories":[16],"tags":[440,57,441],"aioseo_notices":[],"_links":{"self":[{"href":"https:\/\/economiapoliticacba.com\/index.php?rest_route=\/wp\/v2\/posts\/4353"}],"collection":[{"href":"https:\/\/economiapoliticacba.com\/index.php?rest_route=\/wp\/v2\/posts"}],"about":[{"href":"https:\/\/economiapoliticacba.com\/index.php?rest_route=\/wp\/v2\/types\/post"}],"author":[{"embeddable":true,"href":"https:\/\/economiapoliticacba.com\/index.php?rest_route=\/wp\/v2\/users\/1"}],"replies":[{"embeddable":true,"href":"https:\/\/economiapoliticacba.com\/index.php?rest_route=%2Fwp%2Fv2%2Fcomments&post=4353"}],"version-history":[{"count":0,"href":"https:\/\/economiapoliticacba.com\/index.php?rest_route=\/wp\/v2\/posts\/4353\/revisions"}],"wp:featuredmedia":[{"embeddable":true,"href":"https:\/\/economiapoliticacba.com\/index.php?rest_route=\/wp\/v2\/media\/4354"}],"wp:attachment":[{"href":"https:\/\/economiapoliticacba.com\/index.php?rest_route=%2Fwp%2Fv2%2Fmedia&parent=4353"}],"wp:term":[{"taxonomy":"category","embeddable":true,"href":"https:\/\/economiapoliticacba.com\/index.php?rest_route=%2Fwp%2Fv2%2Fcategories&post=4353"},{"taxonomy":"post_tag","embeddable":true,"href":"https:\/\/economiapoliticacba.com\/index.php?rest_route=%2Fwp%2Fv2%2Ftags&post=4353"}],"curies":[{"name":"wp","href":"https:\/\/api.w.org\/{rel}","templated":true}]}}