{"id":43528,"date":"2025-10-09T16:55:00","date_gmt":"2025-10-09T16:55:00","guid":{"rendered":"https:\/\/www.iprofesional.com\/legales\/439254-causa-andis-25-allanamientos-por-sospechas-de-irregularidades-en-compras-de-medicamentos"},"modified":"2025-10-09T16:55:00","modified_gmt":"2025-10-09T16:55:00","slug":"allanamientos-en-la-causa-andis-por-supuestas-irregularidades-en-compra-de-medicamentos","status":"publish","type":"post","link":"https:\/\/economiapoliticacba.com\/?p=43528","title":{"rendered":"Allanamientos en la causa ANDIS por supuestas irregularidades en compra de medicamentos"},"content":{"rendered":"<p><img src=\"http:\/\/economiapoliticacba.com\/wp-content\/uploads\/2025\/10\/allanamientos-en-la-causa-andis-por-supuestas-irregularidades-en-compra-de-medicamentos.jpg\"><\/p>\n<div id>\n<p> Los procedimientos se llevaron a cabo en domicilios particulares y droguer\u00edas de la Ciudad y la provincia de Buenos Aires, en el marco de la causa judicial <\/p>\n<p><strong>09\/10\/2025<\/strong> &#8211; 13:55hs<\/p>\n<div class=\"image-container img-wide padding-b\"> <picture><source media=\"(max-width:360px)\" srcset=\"https:\/\/resizer.iproimg.com\/unsafe\/360x\/filters:format(webp):quality(85):max_bytes(102400)\/https:\/\/assets.iprofesional.com\/assets\/jpg\/2025\/09\/602324.jpg\" data-srcset=\"https:\/\/resizer.iproimg.com\/unsafe\/360x\/filters:format(webp):quality(85):max_bytes(102400)\/https:\/\/assets.iprofesional.com\/assets\/jpg\/2025\/09\/602324.jpg\" class><source media=\"(max-width:430px)\" srcset=\"https:\/\/resizer.iproimg.com\/unsafe\/360x\/filters:format(webp):quality(85):max_bytes(102400)\/https:\/\/assets.iprofesional.com\/assets\/jpg\/2025\/09\/602324.jpg\" data-srcset=\"https:\/\/resizer.iproimg.com\/unsafe\/360x\/filters:format(webp):quality(85):max_bytes(102400)\/https:\/\/assets.iprofesional.com\/assets\/jpg\/2025\/09\/602324.jpg\" class><source media=\"(max-width:956px)\" srcset=\"https:\/\/resizer.iproimg.com\/unsafe\/640x\/filters:format(webp):quality(85):max_bytes(102400)\/https:\/\/assets.iprofesional.com\/assets\/jpg\/2025\/09\/602324.jpg\" data-srcset=\"https:\/\/resizer.iproimg.com\/unsafe\/640x\/filters:format(webp):quality(85):max_bytes(102400)\/https:\/\/assets.iprofesional.com\/assets\/jpg\/2025\/09\/602324.jpg\" class><img loading=\"lazy\" src=\"http:\/\/economiapoliticacba.com\/wp-content\/uploads\/2025\/10\/allanamientos-en-la-causa-andis-por-supuestas-irregularidades-en-compra-de-medicamentos.webp\" data-src=\"http:\/\/economiapoliticacba.com\/wp-content\/uploads\/2025\/10\/allanamientos-en-la-causa-andis-por-supuestas-irregularidades-en-compra-de-medicamentos.webp\" class alt=\"La Justicia ordena 25 allanamientos por supuestas irregularidades en compra de medicamentos en la causa ANDIS\" width=\"1280px\" height=\"720px\" fetchpriority=\"high\"> <\/picture> <\/div><\/div>\n<div readability=\"88.335581787521\">\n<p>Al menos 25 <strong>allanamientos <\/strong>se llevaron a cabo en <a href=\"https:\/\/www.iprofesional.com\/politica\/439239-la-justicia-allana-la-casa-de-jose-luis-espert-en-la-causa-por-presunto-lavado-de-dinero\" target=\"_blank\" title=\"La Justicia allana la casa de Jos\u00e9 Luis Espert en la causa por presunto lavado de dinero\" rel=\"noopener noreferrer\">domicilios particulares<\/a> y droguer\u00edas la Ciudad y en la provincia de Buenos Aires y los mismos est\u00e1n relacionados con la causa por las presuntas coimas en la <strong>Agencia Nacional de Discapacidad (ANDIS).<\/strong><\/p>\n<p><a href=\"https:\/\/www.iprofesional.com\/politica\/439234-la-libertad-avanza-apelo-el-fallo-de-ramos-padilla-y-la-camara-electoral-definira-el-caso\" target=\"_blank\" title=\"La Libertad Avanza apel\u00f3 el fallo de Ramos Padilla y ahora la C\u00e1mara Electoral tiene la \u00faltima palabra\" rel=\"noopener noreferrer\">Fuentes judiciales informaron<\/a> a la Agencia Noticias Argentinas que los mismos se ordenaron ante &#8220;<span>graves irregularidades y direccionamiento en la compra de medicamentos de alto costo por parte de la Agencia de Discapacidad&#8221;.<\/span><\/p>\n<h2>Casanello ordena nuevos allanamientos tras reimplantar el secreto de sumario<\/h2>\n<p>Los voceros se\u00f1alaron que el juez federal <strong>Sebasti\u00e1n Casanello<\/strong> reimplant\u00f3 el secreto de sumario, tras lo cual se ordenaron los <strong>nuevos allanamientos a domicilios particulares y droguer\u00edas.<\/strong><\/p>\n<p>Seg\u00fan supo la Agencia Noticias Argentinas, <span>en los procedimientos se buscaban<strong> <a href=\"https:\/\/www.iprofesional.com\/tecnologia\/438041-los-5-celulares-economicos-con-mejor-camara-en-2025\" target=\"_blank\" title=\"Los 5 celulares econ\u00f3micos con mejor c\u00e1mara en 2025\" rel=\"noopener noreferrer\">tel\u00e9fonos celulares<\/a> y aparatos electr\u00f3nicos<\/strong>, mientras que trascendi\u00f3 que a\u00fan no se pidieron detenciones.<\/span><\/p>\n<p>LA ANDIS qued\u00f3 en el centro de la escena luego de que se filtraran audios atribuidos a su ex titular, <strong>Diego Spagnuolo<\/strong>, en los que se mencionaban presuntos pedidos de coima y se alud\u00eda a <a href=\"https:\/\/www.iprofesional.com\/politica\/437511-karina-milei-desiste-de-prohibir-difusion-de-audios-y-denuncia-manipulacion-mediatica\" target=\"_blank\" title=\"Karina Milei abandona su reclamo judicial por los audios y acusa maniobra contra ella y su familia\" rel=\"noopener noreferrer\"><strong>Karina Milei<\/strong><\/a> y <strong>Eduardo &#8220;Lule&#8221; Menem.<\/strong><\/p>\n<h2>M\u00e1s allanamientos de propiedades y los u$s80.000 sin declarar<\/h2>\n<p>A mediados de septiembre, los abogados que representaban al<span>&nbsp;<\/span><a href=\"https:\/\/www.iprofesional.com\/politica\/437247-coimas-en-el-andis-testigo-ratifico-en-tribunales-los-dichos-de-spagnuolo-en-los-audios\" target=\"_blank\" title=\"exdirector de la Agencia Nacional de Discapacidad (Andis), Diego Spagnuolo\" rel=\"noopener noreferrer\"><strong>exdirector de la Agencia Nacional de Discapacidad (Andis), Diego Spagnuolo<\/strong><\/a>, presentaron este viernes su renuncia a la defensa del exfuncionario, investigado en una causa por presunto pago de sobornos en la compra de medicamentos.<\/p>\n<p>En un escrito entregado al fiscal,<span>&nbsp;<\/span><strong>Ignacio Rada Schultze y Juan Ar\u00e1oz de Lamadrid<\/strong><span>&nbsp;<\/span>se\u00f1alaron: &#8220;<span>Por motivos personales renunciamos al cargo de abogados defensores del Sr. Diego Orlando Spagnuolo que nos fuera oportunamente conferido&#8221;. <\/span>As\u00ed, el exfuncionario p\u00fablico qued\u00f3 habilitado que nombrar a otro letrado en su lugar para que lo asista ante el expediente que tramita en los tribunales de Comodoro Py.<\/p>\n<p>La investigaci\u00f3n, que involucra a figuras cercanas al presidente, avanza sobre posibles delitos de defraudaci\u00f3n por administraci\u00f3n fraudulenta, estafa, cohecho pasivo y activo, negociaciones incompatibles y asociaci\u00f3n il\u00edcita.<\/p>\n<p>Esto se dio mientras la Polic\u00eda de la Ciudad hizo nuevos operativos; uno de ellos, en<span>&nbsp;<\/span><strong>la casa de Spagnuolo, en un country por Pila<\/strong>r, donde la Polic\u00eda ya hab\u00eda realizado un allanamiento.&nbsp;Los procedimientos fueron ordenados por el fiscal Franco Picardi y contaron con la autorizaci\u00f3n del juez federal Sebasti\u00e1n Casanello.<\/p>\n<p>Los operativos se llevaron a cabo en<span>&nbsp;<\/span><strong>countries de Pilar y Berazategui,<\/strong><span>&nbsp;<\/span>adem\u00e1s de en una sucursal del Banco BBVA ubicada en Almagro. El objetivo estuvo puesto en bienes y propiedades relacionados con Diego Spagnuolo, exdirector de la Agencia Nacional de Discapacidad (ANDIS), y con Emmanuel y Jonathan Kovalivker, due\u00f1os de la droguer\u00eda Suizo Argentina, principal proveedora de medicamentos del organismo estatal.<\/p>\n<\/p><\/div>\n","protected":false},"excerpt":{"rendered":"<p>Los procedimientos se llevaron a cabo en domicilios particulares y droguer\u00edas de la Ciudad y la provincia de Buenos Aires, en el marco de la causa judicial 09\/10\/2025 &#8211; 13:55hs Al menos 25 allanamientos se llevaron a cabo en domicilios particulares y droguer\u00edas la Ciudad y en la provincia de Buenos Aires y los mismos [&hellip;]<\/p>\n","protected":false},"author":1,"featured_media":43529,"comment_status":"closed","ping_status":"closed","sticky":false,"template":"","format":"standard","meta":{"om_disable_all_campaigns":false,"_monsterinsights_skip_tracking":false,"_monsterinsights_sitenote_active":false,"_monsterinsights_sitenote_note":"","_monsterinsights_sitenote_category":0},"categories":[20],"tags":[],"aioseo_notices":[],"_links":{"self":[{"href":"https:\/\/economiapoliticacba.com\/index.php?rest_route=\/wp\/v2\/posts\/43528"}],"collection":[{"href":"https:\/\/economiapoliticacba.com\/index.php?rest_route=\/wp\/v2\/posts"}],"about":[{"href":"https:\/\/economiapoliticacba.com\/index.php?rest_route=\/wp\/v2\/types\/post"}],"author":[{"embeddable":true,"href":"https:\/\/economiapoliticacba.com\/index.php?rest_route=\/wp\/v2\/users\/1"}],"replies":[{"embeddable":true,"href":"https:\/\/economiapoliticacba.com\/index.php?rest_route=%2Fwp%2Fv2%2Fcomments&post=43528"}],"version-history":[{"count":0,"href":"https:\/\/economiapoliticacba.com\/index.php?rest_route=\/wp\/v2\/posts\/43528\/revisions"}],"wp:featuredmedia":[{"embeddable":true,"href":"https:\/\/economiapoliticacba.com\/index.php?rest_route=\/wp\/v2\/media\/43529"}],"wp:attachment":[{"href":"https:\/\/economiapoliticacba.com\/index.php?rest_route=%2Fwp%2Fv2%2Fmedia&parent=43528"}],"wp:term":[{"taxonomy":"category","embeddable":true,"href":"https:\/\/economiapoliticacba.com\/index.php?rest_route=%2Fwp%2Fv2%2Fcategories&post=43528"},{"taxonomy":"post_tag","embeddable":true,"href":"https:\/\/economiapoliticacba.com\/index.php?rest_route=%2Fwp%2Fv2%2Ftags&post=43528"}],"curies":[{"name":"wp","href":"https:\/\/api.w.org\/{rel}","templated":true}]}}