{"id":43501,"date":"2025-10-10T15:20:47","date_gmt":"2025-10-10T15:20:47","guid":{"rendered":"https:\/\/cordoba.gob.ar\/?p=82140"},"modified":"2025-10-10T15:20:47","modified_gmt":"2025-10-10T15:20:47","slug":"gobernadores-intendentes-y-figuras-de-la-politica-nacional-es-el-recorrido-para-octubre-en-el-san-jeronimo","status":"publish","type":"post","link":"https:\/\/economiapoliticacba.com\/?p=43501","title":{"rendered":"\u201cGobernadores, intendentes y figuras de la pol\u00edtica nacional\u201d, es el recorrido para octubre en el San Jer\u00f3nimo"},"content":{"rendered":"<div><img src=\"http:\/\/economiapoliticacba.com\/wp-content\/uploads\/2025\/10\/gobernadores-intendentes-y-figuras-de-la-politica-nacional-es-el-recorrido-para-octubre-en-el-san-jeronimo.jpg\" class=\"ff-og-image-inserted\"><\/div>\n<ul>\n<li data-prosemirror-content-type=\"node\" data-prosemirror-node-name=\"paragraph\" data-prosemirror-node-block=\"true\"><strong>Se podr\u00e1n visitar los restos de personalidades como Mariano Fragueiro, Jos\u00e9 Manuel de la Sota, Marcos Ju\u00e1rez, Pedro J. Fr\u00edas, Enrique Mart\u00ednez, V\u00edctor Mart\u00ednez, Donato Latella Fr\u00edas, entre otros.<\/strong><\/li>\n<li data-prosemirror-content-type=\"node\" data-prosemirror-node-name=\"paragraph\" data-prosemirror-node-block=\"true\"><strong><strong>Las visitas ser\u00e1n este y todos los s\u00e1bados a las 09:00, 11:00 y 15:00 horas.<\/strong><\/strong><br \/>\n<hr>\n<\/li>\n<\/ul>\n<p data-prosemirror-content-type=\"node\" data-prosemirror-node-name=\"paragraph\" data-prosemirror-node-block=\"true\">Durante el mes de octubre, el cementerio San Jer\u00f3nimo trae una nueva propuesta para que vecinos y vecinas puedan recorrer el primer cementerio p\u00fablico de C\u00f3rdoba.<\/p>\n<p data-prosemirror-content-type=\"node\" data-prosemirror-node-name=\"paragraph\" data-prosemirror-node-block=\"true\">Este y todos los s\u00e1bados del mes, a las 09:00, 11:00 y 15:00 horas, se podr\u00e1 realizar el recorrido \u201cGobernadores, intendentes y figuras de la pol\u00edtica nacional\u201d, visita guiada que se centra en poder identificar los distintos protagonistas del \u00e1mbito pol\u00edtico, no solo de la ciudad de C\u00f3rdoba y provincia sino tambi\u00e9n algunas sorpresas con figuras que han tenido alcance nacional.<\/p>\n<p data-prosemirror-content-type=\"node\" data-prosemirror-node-name=\"paragraph\" data-prosemirror-node-block=\"true\">Se visitar\u00e1n los sitios en donde descansan los restos de gobernadores, intendentes y hasta tres vicepresidentes que han sido cordobeses y les ha tocado ocupar ese cargo en instancias muy destacadas de la historia argentina.<\/p>\n<p data-prosemirror-content-type=\"node\" data-prosemirror-node-name=\"paragraph\" data-prosemirror-node-block=\"true\">Entre ellos se encuentran Mariano Fragueiro, Jos\u00e9 Manuel de la Sota, Marcos Ju\u00e1rez, Pedro J Fr\u00edas, Enrique Mart\u00ednez, V\u00edctor Mart\u00ednez, Donato Latella Fr\u00edas, entre otros.<\/p>\n<p data-prosemirror-content-type=\"node\" data-prosemirror-node-name=\"paragraph\" data-prosemirror-node-block=\"true\">Este recorrido permite a los visitantes transportarse a distintos periodos de la historia y a diferentes realidades de la pol\u00edtica argentina.<\/p>\n<p data-prosemirror-content-type=\"node\" data-prosemirror-node-name=\"paragraph\" data-prosemirror-node-block=\"true\">Quienes deseen realizar la actividad deben concurrir con calzado y ropa c\u00f3moda, gorra, botella de agua para hidratarse, protector solar y repelente para mosquitos.<\/p>\n","protected":false},"excerpt":{"rendered":"<p>Se podr\u00e1n visitar los restos de personalidades como Mariano Fragueiro, Jos\u00e9 Manuel de la Sota, Marcos Ju\u00e1rez, Pedro J. Fr\u00edas, Enrique Mart\u00ednez, V\u00edctor Mart\u00ednez, Donato Latella Fr\u00edas, entre otros. Las visitas ser\u00e1n este y todos los s\u00e1bados a las 09:00, 11:00 y 15:00 horas. Durante el mes de octubre, el cementerio San Jer\u00f3nimo trae una [&hellip;]<\/p>\n","protected":false},"author":1,"featured_media":43502,"comment_status":"closed","ping_status":"closed","sticky":false,"template":"","format":"standard","meta":{"om_disable_all_campaigns":false,"_monsterinsights_skip_tracking":false,"_monsterinsights_sitenote_active":false,"_monsterinsights_sitenote_note":"","_monsterinsights_sitenote_category":0},"categories":[15],"tags":[],"aioseo_notices":[],"_links":{"self":[{"href":"https:\/\/economiapoliticacba.com\/index.php?rest_route=\/wp\/v2\/posts\/43501"}],"collection":[{"href":"https:\/\/economiapoliticacba.com\/index.php?rest_route=\/wp\/v2\/posts"}],"about":[{"href":"https:\/\/economiapoliticacba.com\/index.php?rest_route=\/wp\/v2\/types\/post"}],"author":[{"embeddable":true,"href":"https:\/\/economiapoliticacba.com\/index.php?rest_route=\/wp\/v2\/users\/1"}],"replies":[{"embeddable":true,"href":"https:\/\/economiapoliticacba.com\/index.php?rest_route=%2Fwp%2Fv2%2Fcomments&post=43501"}],"version-history":[{"count":0,"href":"https:\/\/economiapoliticacba.com\/index.php?rest_route=\/wp\/v2\/posts\/43501\/revisions"}],"wp:featuredmedia":[{"embeddable":true,"href":"https:\/\/economiapoliticacba.com\/index.php?rest_route=\/wp\/v2\/media\/43502"}],"wp:attachment":[{"href":"https:\/\/economiapoliticacba.com\/index.php?rest_route=%2Fwp%2Fv2%2Fmedia&parent=43501"}],"wp:term":[{"taxonomy":"category","embeddable":true,"href":"https:\/\/economiapoliticacba.com\/index.php?rest_route=%2Fwp%2Fv2%2Fcategories&post=43501"},{"taxonomy":"post_tag","embeddable":true,"href":"https:\/\/economiapoliticacba.com\/index.php?rest_route=%2Fwp%2Fv2%2Ftags&post=43501"}],"curies":[{"name":"wp","href":"https:\/\/api.w.org\/{rel}","templated":true}]}}